{"id":2152,"date":"2022-05-10T17:17:43","date_gmt":"2022-05-10T15:17:43","guid":{"rendered":"https:\/\/blogs.fu-berlin.de\/frauenbeauftragte\/?p=2152"},"modified":"2023-07-17T10:31:22","modified_gmt":"2023-07-17T08:31:22","slug":"marthe-vogt-preis-fuer-mint-forscherinnen","status":"publish","type":"post","link":"https:\/\/blogs.fu-berlin.de\/frauenbeauftragte\/2022\/05\/10\/marthe-vogt-preis-fuer-mint-forscherinnen\/","title":{"rendered":"Marthe-Vogt-Preis f\u00fcr MINT-Forscherinnen"},"content":{"rendered":"\n<div class=\"wp-block-media-text alignwide is-stacked-on-mobile\"><figure class=\"wp-block-media-text__media\"><img loading=\"lazy\" decoding=\"async\" width=\"1024\" height=\"684\" src=\"https:\/\/blogs.fu-berlin.de\/frauenbeauftragte\/files\/2022\/04\/Frauen_MINT-Faecher_2-3x2-1-1024x684.png\" alt=\"\" class=\"wp-image-1758 size-full\" srcset=\"https:\/\/blogs.fu-berlin.de\/frauenbeauftragte\/files\/2022\/04\/Frauen_MINT-Faecher_2-3x2-1-1024x684.png 1024w, https:\/\/blogs.fu-berlin.de\/frauenbeauftragte\/files\/2022\/04\/Frauen_MINT-Faecher_2-3x2-1-300x200.png 300w, https:\/\/blogs.fu-berlin.de\/frauenbeauftragte\/files\/2022\/04\/Frauen_MINT-Faecher_2-3x2-1-768x513.png 768w, https:\/\/blogs.fu-berlin.de\/frauenbeauftragte\/files\/2022\/04\/Frauen_MINT-Faecher_2-3x2-1.png 1200w\" sizes=\"auto, (max-width: 709px) 85vw, (max-width: 909px) 67vw, (max-width: 1362px) 62vw, 840px\" \/><\/figure><div class=\"wp-block-media-text__content\">\n<p><strong>Ausschreibungsfrist: 31. Mai 2022 <\/strong>Noch bis Monatsende k\u00f6nnen Kandidatinnen f\u00fcr den <a rel=\"noreferrer noopener\" href=\"https:\/\/www.fv-berlin.de\/karriere\/marthe-vogt-preis\/\" target=\"_blank\">Marthe-Vogt-Preis<\/a> vorgeschlagen werden. In Frage kommen Wissenschaftlerinnen, die in den letzten zwei Jahren eine mathematisch-naturwissenschaftliche Promotion an einer Hochschule oder einer Forschungseinrichtung in Berlin oder Brandenburg mit Pr\u00e4dikat abgeschlossen haben.<\/p>\n\n\n\n<!--more-->\n<\/div><\/div>\n\n\n\n<p>Seit 2001 vergibt der <a rel=\"noreferrer noopener\" href=\"https:\/\/www.fv-berlin.de\/\" target=\"_blank\">Forschungsverbund Berlin<\/a> (FVB), der Zusammenschluss der Berliner Mitgliedsinstitute der Leibniz-Gemeinschaft, die mit 3.000 Euro dotierte Auszeichnung. Der Preis w\u00fcrdigt die hervorragende Promotion einer Nachwuchswissenschaftlerin in einem Forschungsgebiet, das von den Instituten des Forschungsverbundes bearbeitet wird. Zu deren Forschungsgebieten z\u00e4hlen IuK-Technik, Strukturforschung, Optoelektronik und Laserforschung, Mikrosystemtechnik, Neue Materialien, Angewandte Mathematik, Molekulare Medizin und Biologie, Veterin\u00e4rmedizin, Biotechnologie und Umweltforschung. Habilitierte Fachbereichsmitglieder von Hochschulen wie auch Direktor*innen au\u00dferuniversit\u00e4rer Forschungseinrichtungen in Berlin und Brandenburg sind berechtigt, Vorschl\u00e4ge einzureichen. Mit dem Preis zielt der FVB darauf ab, neue Impulse in der Forschung zu setzen und den Anteil an herausragenden Wissenschaftlerinnen zu erh\u00f6hen.<\/p>\n\n\n\n<hr class=\"wp-block-separator has-css-opacity\" \/>\n\n\n\n<figure class=\"wp-block-image size-large\"><img loading=\"lazy\" decoding=\"async\" width=\"1024\" height=\"384\" src=\"https:\/\/blogs.fu-berlin.de\/frauenbeauftragte\/files\/2022\/05\/DE_marthe_vogt_slider_2022_1440x540-1024x384.jpg\" alt=\"\" class=\"wp-image-2199\" srcset=\"https:\/\/blogs.fu-berlin.de\/frauenbeauftragte\/files\/2022\/05\/DE_marthe_vogt_slider_2022_1440x540-1024x384.jpg 1024w, https:\/\/blogs.fu-berlin.de\/frauenbeauftragte\/files\/2022\/05\/DE_marthe_vogt_slider_2022_1440x540-300x113.jpg 300w, https:\/\/blogs.fu-berlin.de\/frauenbeauftragte\/files\/2022\/05\/DE_marthe_vogt_slider_2022_1440x540-768x288.jpg 768w, https:\/\/blogs.fu-berlin.de\/frauenbeauftragte\/files\/2022\/05\/DE_marthe_vogt_slider_2022_1440x540-1200x450.jpg 1200w, https:\/\/blogs.fu-berlin.de\/frauenbeauftragte\/files\/2022\/05\/DE_marthe_vogt_slider_2022_1440x540.jpg 1440w\" sizes=\"auto, (max-width: 709px) 85vw, (max-width: 909px) 67vw, (max-width: 1362px) 62vw, 840px\" \/><\/figure>\n\n\n\n<hr class=\"wp-block-separator has-css-opacity\" \/>\n\n\n\n<p>Namensgeberin des Preises ist <a rel=\"noreferrer noopener\" href=\"https:\/\/royalsocietypublishing.org\/doi\/pdf\/10.1098\/rsbm.2005.0027\" target=\"_blank\">Marthe Louise Vogt<\/a> (1903-2003), eine der f\u00fchrenden Neurowissenschaftler*innen und Pharmakolog*innen des 20. Jahrhunderts. W\u00e4hrend ihrer \u00fcber 50-j\u00e4hrigen Forschungslaufbahn ebnete sie u.a. den Weg f\u00fcr die pharmakologische Behandlung psychischer Erkrankungen.<\/p>\n\n\n\n<p>Unter den Preistr\u00e4gerinnen der letzten Jahre ist mit <a href=\"https:\/\/www.fv-berlin.de\/infos-fuer\/medien-und-oeffentlichkeit\/news\/biochemikerin-annita-louloupi-erhaelt-marthe-vogt-preis\" target=\"_blank\" rel=\"noreferrer noopener\">Annita Louloupi<\/a> auch eine Wissenschaftlerin, die an der Freien Universit\u00e4t sowie am Max-Planck-Institut f\u00fcr molekulare Genetik (MPIMG) promovierte. Die Biochemikerin erhielt die Auszeichnung 2020 f\u00fcr ihren herausragenden Beitrag zum wissenschaftlichen Verst\u00e4ndnis der RNA-Biologie.<\/p>\n\n\n\n<p class=\"has-medium-font-size\">Marthe-Vogt-Preis 2022 im \u00dcberblick<\/p>\n\n\n\n<ul class=\"wp-block-list\"><li><strong>Einsendeschluss:<\/strong> 31. Mai 2022<\/li><li><strong>Teilnahmeberechtigt:<\/strong> Nachwuchswissenschaftlerinnen mit einer mit Pr\u00e4dikat abgeschlossenen Promotion (nach dem 31.05.2020) an einer Hochschule oder au\u00dferuniversit\u00e4ren Forschungseinrichtung im Raum Berlin und Brandenburg in einem Arbeitsgebiet des Forschungsverbundes Berlin<\/li><li><strong>Vorschlagsberechtigt<\/strong>: habilitierte Fachbereichsmitglieder von Hochschulen, Direktor*innen au\u00dferuniversit\u00e4rer Forschungseinrichtungen in Berlin und Brandenburg<\/li><li><a rel=\"noreferrer noopener\" href=\"https:\/\/www.fv-berlin.de\/fileadmin\/user_upload\/Karriere\/Marthe-Vogt-Preis\/Ausschreibung_Marthe-Vogt-Preis_FVB_2022.pdf\" target=\"_blank\">Ausschreibung und weitere Informationen zum Antragsverfahren<\/a><\/li><\/ul>\n\n\n\n<p><\/p>\n","protected":false},"excerpt":{"rendered":"<p>Ausschreibungsfrist: 31. Mai 2022 Noch bis Monatsende k\u00f6nnen Kandidatinnen f\u00fcr den Marthe-Vogt-Preis vorgeschlagen werden. In Frage kommen Wissenschaftlerinnen, die in den letzten zwei Jahren eine mathematisch-naturwissenschaftliche Promotion an einer Hochschule oder einer Forschungseinrichtung in Berlin oder Brandenburg mit Pr\u00e4dikat abgeschlossen haben.<\/p>\n","protected":false},"author":7005,"featured_media":1758,"comment_status":"open","ping_status":"open","sticky":false,"template":"","format":"standard","meta":{"footnotes":""},"categories":[428608],"tags":[423731,301208,437124],"class_list":["post-2152","post","type-post","status-publish","format-standard","has-post-thumbnail","hentry","category-informiert","tag-mintoring","tag-frauenfoerderung","tag-wissenschaftlerinnen"],"_links":{"self":[{"href":"https:\/\/blogs.fu-berlin.de\/frauenbeauftragte\/wp-json\/wp\/v2\/posts\/2152","targetHints":{"allow":["GET"]}}],"collection":[{"href":"https:\/\/blogs.fu-berlin.de\/frauenbeauftragte\/wp-json\/wp\/v2\/posts"}],"about":[{"href":"https:\/\/blogs.fu-berlin.de\/frauenbeauftragte\/wp-json\/wp\/v2\/types\/post"}],"author":[{"embeddable":true,"href":"https:\/\/blogs.fu-berlin.de\/frauenbeauftragte\/wp-json\/wp\/v2\/users\/7005"}],"replies":[{"embeddable":true,"href":"https:\/\/blogs.fu-berlin.de\/frauenbeauftragte\/wp-json\/wp\/v2\/comments?post=2152"}],"version-history":[{"count":42,"href":"https:\/\/blogs.fu-berlin.de\/frauenbeauftragte\/wp-json\/wp\/v2\/posts\/2152\/revisions"}],"predecessor-version":[{"id":6496,"href":"https:\/\/blogs.fu-berlin.de\/frauenbeauftragte\/wp-json\/wp\/v2\/posts\/2152\/revisions\/6496"}],"wp:featuredmedia":[{"embeddable":true,"href":"https:\/\/blogs.fu-berlin.de\/frauenbeauftragte\/wp-json\/wp\/v2\/media\/1758"}],"wp:attachment":[{"href":"https:\/\/blogs.fu-berlin.de\/frauenbeauftragte\/wp-json\/wp\/v2\/media?parent=2152"}],"wp:term":[{"taxonomy":"category","embeddable":true,"href":"https:\/\/blogs.fu-berlin.de\/frauenbeauftragte\/wp-json\/wp\/v2\/categories?post=2152"},{"taxonomy":"post_tag","embeddable":true,"href":"https:\/\/blogs.fu-berlin.de\/frauenbeauftragte\/wp-json\/wp\/v2\/tags?post=2152"}],"curies":[{"name":"wp","href":"https:\/\/api.w.org\/{rel}","templated":true}]}}