{"id":2255,"date":"2022-05-16T15:00:00","date_gmt":"2022-05-16T13:00:00","guid":{"rendered":"https:\/\/blogs.fu-berlin.de\/frauenbeauftragte\/?p=2255"},"modified":"2022-05-20T15:44:04","modified_gmt":"2022-05-20T13:44:04","slug":"naturlich-studium-naturlich-ausbildung","status":"publish","type":"post","link":"https:\/\/blogs.fu-berlin.de\/frauenbeauftragte\/2022\/05\/16\/naturlich-studium-naturlich-ausbildung\/","title":{"rendered":"NAT\u00fcrlich Studium! \u2013 NAT\u00fcrlich Ausbildung!"},"content":{"rendered":"\n<div class=\"wp-block-media-text alignwide is-stacked-on-mobile\"><figure class=\"wp-block-media-text__media\"><img loading=\"lazy\" decoding=\"async\" width=\"1024\" height=\"684\" src=\"https:\/\/blogs.fu-berlin.de\/frauenbeauftragte\/files\/2022\/04\/Frauen_MINT-Faecher_2-3x2-1-1024x684.png\" alt=\"\" class=\"wp-image-1758\" srcset=\"https:\/\/blogs.fu-berlin.de\/frauenbeauftragte\/files\/2022\/04\/Frauen_MINT-Faecher_2-3x2-1-1024x684.png 1024w, https:\/\/blogs.fu-berlin.de\/frauenbeauftragte\/files\/2022\/04\/Frauen_MINT-Faecher_2-3x2-1-300x200.png 300w, https:\/\/blogs.fu-berlin.de\/frauenbeauftragte\/files\/2022\/04\/Frauen_MINT-Faecher_2-3x2-1-768x513.png 768w, https:\/\/blogs.fu-berlin.de\/frauenbeauftragte\/files\/2022\/04\/Frauen_MINT-Faecher_2-3x2-1.png 1200w\" sizes=\"auto, (max-width: 709px) 85vw, (max-width: 909px) 67vw, (max-width: 1362px) 62vw, 840px\" \/><\/figure><div class=\"wp-block-media-text__content\">\n<p>Seit 13 Jahren gibt es <em><a rel=\"noreferrer noopener\" href=\"https:\/\/www.bcp.fu-berlin.de\/natlab\/schueler_innen\/natuerlich\/natuerlich-studium\/index.html\" target=\"_blank\">NAT\u00fcrlich Studium!<\/a> &#8211; Sch\u00fclerinnen treffen Naturwissenschaftlerinnen<\/em> an der FU.<em> <\/em>2021 startete dann<em> <a rel=\"noreferrer noopener\" href=\"https:\/\/www.bcp.fu-berlin.de\/natlab\/schueler_innen\/natuerlich\/natuerlich_ausbildung\/index.html\" target=\"_blank\">NAT\u00fcrlich Ausbildung!<\/a> &#8211; Sch\u00fclerinnen entdecken Ausbildungsberufe<\/em>. In beiden Projekten dienen weibliche Vorbilder, der Besuch des Arbeitsplatzes und das Durchf\u00fchren von berufsrelevanten T\u00e4tigkeiten der Studiums- und Berufsorientierung.<\/p>\n\n\n\n<!--more-->\n<\/div><\/div>\n\n\n\n<p>Wie die Idee entstand: Als junge Wissenschaftlerin der Neurobiologie an der Brandeis University, Massachusetts, nahm Petra Skiebe-Corrette, seit 2010 Professorin am Fachbereich Biologie, Chemie und Pharmazie (BCP), an einer Vorlesungsreihe f\u00fcr Frauen teil. In dieser wurde nicht nur aktuelle Forschung vorgestellt, sondern interessierte Zuh\u00f6rerinnen konnten im Anschluss an die Vortr\u00e4ge \u2013 bei Kaffee und Donuts \u2013 mit den Wissenschaftlerinnen auch \u00fcber deren Karriereweg und dessen Herausforderungen reden. Auf ihrer ersten gro\u00dfen amerikanischen Tagung der <em>Society of Neuroscience<\/em> hat Skiebe-Corrette an einem Treffen der <em>Women in Neuroscience<\/em> teilgenommen. Dort konnte sie sich mit Frauen austauschen, die ihr Interesse an der Neurobiologie teilten. Beide Veranstaltungen und immer wieder auch weibliche Vorbilder, wie z.B. ihre damalige Chefin, die US-amerikanische Neurobiologin Eve Marder, haben ihre Kariere positiv beeinflusst, genauso wie sp\u00e4ter das <a href=\"https:\/\/www.profil-programm.de\" target=\"_blank\" rel=\"noreferrer noopener\">ProFiL-Programm<\/a> der FU, an dem sie teilnahm.<\/p>\n\n\n\n<div class=\"wp-block-image\"><figure class=\"alignright size-full is-resized\"><img loading=\"lazy\" decoding=\"async\" src=\"https:\/\/blogs.fu-berlin.de\/frauenbeauftragte\/files\/2022\/05\/Nat\u00fcrlich-Studium-Logo.png\" alt=\"\" class=\"wp-image-2257\" width=\"381\" height=\"243\" srcset=\"https:\/\/blogs.fu-berlin.de\/frauenbeauftragte\/files\/2022\/05\/Nat\u00fcrlich-Studium-Logo.png 762w, https:\/\/blogs.fu-berlin.de\/frauenbeauftragte\/files\/2022\/05\/Nat\u00fcrlich-Studium-Logo-300x191.png 300w\" sizes=\"auto, (max-width: 381px) 85vw, 381px\" \/><\/figure><\/div>\n\n\n\n<p>2004 \u00fcbernahm Skiebe-Corrette die Leitung des Sch\u00fclerlabors <a rel=\"noreferrer noopener\" href=\"https:\/\/www.bcp.fu-berlin.de\/natlab\/index.html\" target=\"_blank\">NatLab<\/a> des Fachbereichs BCP der FU. &nbsp;Dessen Aufgaben sind die praxisorientierte Lehramtsausbildung, die F\u00f6rderung des Interesses von Sch\u00fcler*innen an den Naturwissenschaften und die \u00d6ffentlichkeitsarbeit f\u00fcr die Universit\u00e4t und den Fachbereich BCP. 2009 konnte sie ihre Erfahrungen aus den USA auf die Berufsorientierung von Sch\u00fclerinnen hier in der Region \u00fcbertragen. In Zusammenarbeit mit den damaligen Frauenbeauftragten des Fachbereichs BCP, Sabine Artelt und Sabine Buchert, sowie mit Hilfe der Frauenf\u00f6rdermittel konnte <em>NAT\u00fcrlich \u2013 Sch\u00fclerinnen treffen Naturwissenschaftlerinnen<\/em> f\u00fcr M\u00e4dchen ab der Klassenstufe 10 ins Leben gerufen werden. Hier treffen M\u00e4dchen andere M\u00e4dchen mit gleichen Interessen, sie lernen Rollenvorbilder, deren Arbeitsalltag und Karrierewege kennen. Sie begegnen Wissenschaftlerinnen an Forschungseinrichtungen, in der Industrie oder an \u00f6ffentlichen Einrichtungen sowie Studentinnen verschiedener naturwissenschaftlicher Studieng\u00e4nge. &nbsp;<\/p>\n\n\n\n<p>Wie sieht der Ablauf von <em>NAT\u00fcrlich Studium! <\/em>aus? Die Seminarreihe beginnt in der Regel mit einer Auftaktveranstaltung zum Kennenlernen und endet mit einer Abschlussveranstaltung, in der Studentinnen ihre naturwissenschaftlichen Studieng\u00e4nge vorstellen. Nachzuh\u00f6ren in der Reihe <a rel=\"noreferrer noopener\" href=\"https:\/\/www.bcp.fu-berlin.de\/natlab\/schueler_innen\/natuerlich\/natuerlich-studium\/MINToring---Mein-Fach-in-5-Min\/index.html\" target=\"_blank\">&#8222;Mein Fach in 5 Minuten \u2013 Studierende berichten\u201c<\/a>. An sechs weiteren Terminen h\u00f6ren die Teilnehmerinnen Vortr\u00e4ge von Wissenschaftlerinnen und besuchen diese am Arbeitsplatz, an dem sie auch selbst experimentieren und arbeiten d\u00fcrfen. Zudem wird \u00fcber Arbeitsbedingungen, Berufsperspektiven und Lebenswege diskutiert. Ziel ist es, MINT-interessierte Sch\u00fclerinnen ab Klassenstufe 10 bei der Studienwahl zu unterst\u00fctzen und ihnen realistische Berufsperspektiven aufzuzeigen. <\/p>\n\n\n\n<figure class=\"wp-block-image size-large\"><img loading=\"lazy\" decoding=\"async\" width=\"1024\" height=\"544\" src=\"https:\/\/blogs.fu-berlin.de\/frauenbeauftragte\/files\/2022\/05\/NAT\u00fcrlich-Gruppenbild-3-1024x544.png\" alt=\"\" class=\"wp-image-2261\" srcset=\"https:\/\/blogs.fu-berlin.de\/frauenbeauftragte\/files\/2022\/05\/NAT\u00fcrlich-Gruppenbild-3-1024x544.png 1024w, https:\/\/blogs.fu-berlin.de\/frauenbeauftragte\/files\/2022\/05\/NAT\u00fcrlich-Gruppenbild-3-300x159.png 300w, https:\/\/blogs.fu-berlin.de\/frauenbeauftragte\/files\/2022\/05\/NAT\u00fcrlich-Gruppenbild-3-768x408.png 768w, https:\/\/blogs.fu-berlin.de\/frauenbeauftragte\/files\/2022\/05\/NAT\u00fcrlich-Gruppenbild-3-1536x816.png 1536w, https:\/\/blogs.fu-berlin.de\/frauenbeauftragte\/files\/2022\/05\/NAT\u00fcrlich-Gruppenbild-3-1200x638.png 1200w, https:\/\/blogs.fu-berlin.de\/frauenbeauftragte\/files\/2022\/05\/NAT\u00fcrlich-Gruppenbild-3.png 1920w\" sizes=\"auto, (max-width: 709px) 85vw, (max-width: 909px) 67vw, (max-width: 1362px) 62vw, 840px\" \/><figcaption>NAT\u00fcrlich online w\u00e4hrend der Pandemie<br>Foto: Petra Skiebe-Corrette<\/figcaption><\/figure>\n\n\n\n<p>Seit Beginn der der Corona-Pandemie wird <em>NAT\u00fcrlich Studium! \u2013 Sch\u00fclerinnen treffen Naturwissenschaftlerinnen<\/em> online angeboten. Per Webex bespricht eine studentische Mitarbeiterin vorab mit jeder Sch\u00fclerin den Programmablauf, individuelle Interessengebiete und hilft bei technischen Fragen. Da die Wissenschaftlerinnen zu Pandemiezeiten nicht besucht werden k\u00f6nnen, erhalten die Sch\u00fclerinnen vorab&nbsp;Portr\u00e4ts der Referentinnen. Das Experimentieren am Arbeitsplatz wird durch Experimente oder Rechercheaufgaben mit Themenbezug ersetzt, die zuhause durchgef\u00fchrt und im Seminar besprochen werden. Teilnehmerinnen der <a rel=\"noreferrer noopener\" href=\"https:\/\/www.bcp.fu-berlin.de\/natlab\/schueler_innen\/natuerlich\/termine\/index.html\" target=\"_blank\">virtuellen Seminarreihen<\/a> haben positiv bewertet, dass nun auch Sch\u00fclerinnen aus anderen Bundesl\u00e4ndern und dem Ausland teilnehmen konnten, und Teilnehmerinnen aus Berlin\/Brandenburg sch\u00e4tzten den Wegfall der Anfahrtswege. Positiv wurden auch die Aufgaben f\u00fcr zuhause bewertet.<\/p>\n\n\n\n<p class=\"has-medium-font-size\">Kooperationen mit Sonderforschungsbereichen<\/p>\n\n\n\n<p>Das Projekt kooperiert mit verschiedenen Sonderforschungsbereichen (SFB 937, 958, 1315, 1449) und Forschungsgruppen (FOR 5026). Seit 2020 gib es auch eine Kooperation mit Bianca Reinisch, wissenschaftliche Mitarbeiterin der <a rel=\"noreferrer noopener\" href=\"https:\/\/www.bcp.fu-berlin.de\/biologie\/arbeitsgruppen\/didaktik\/index.html\" target=\"_blank\">AG Kr\u00fcger in der Didaktik der Biologie<\/a>. Daraus entstand 2021 eine Masterarbeit von Janine Seidel, die den \u201eEinfluss der NAT\u00fcrlich-Seminarreihe auf die Vorstellungen von Sch\u00fclerinnen \u00fcber Naturwissenschaftlerinnen und ihre Arbeit\u201c untersucht.&nbsp; Diese Kooperation soll weiter ausgebaut werden.<\/p>\n\n\n\n<p>Im M\u00e4rz startete eine neue Online-Seminarreihe, die im Laufe des Jahres hoffentlich in Pr\u00e4senz \u00fcbergehen kann. Einige Elemente der Onlineveranstaltungen werden wir auch in Zukunft beibehalten und hybride Formate anbieten, insbesondere dann, wenn wieder Sch\u00fclerinnen dabei sind, die nicht aus Berlin kommen. Es w\u00e4re auch zu \u00fcberlegen, ob es zwei <em>NAT\u00fcrlich<\/em>-Programme geben sollte, eins in Pr\u00e4senz und eins online.<\/p>\n\n\n\n<p class=\"has-medium-font-size\"><em>NAT\u00fcrlich Ausbildung<\/em> stellt Ausbildungsberufe im MINT-Bereich vor<\/p>\n\n\n\n<div class=\"wp-block-image\"><figure class=\"alignright size-full is-resized\"><img loading=\"lazy\" decoding=\"async\" src=\"https:\/\/blogs.fu-berlin.de\/frauenbeauftragte\/files\/2022\/05\/NAT\u00fcrlich-Ausbildung-Logo.jpg\" alt=\"\" class=\"wp-image-2272\" width=\"381\" height=\"243\" srcset=\"https:\/\/blogs.fu-berlin.de\/frauenbeauftragte\/files\/2022\/05\/NAT\u00fcrlich-Ausbildung-Logo.jpg 529w, https:\/\/blogs.fu-berlin.de\/frauenbeauftragte\/files\/2022\/05\/NAT\u00fcrlich-Ausbildung-Logo-300x191.jpg 300w\" sizes=\"auto, (max-width: 381px) 85vw, 381px\" \/><\/figure><\/div>\n\n\n\n<p>Ein Folgeprojekt von <em>NAT\u00fcrlich Studium! <\/em>ist<em> NAT\u00fcrlich Ausbildung!<\/em>, das Anfang 2021 als ein Teil des vom Bildungsministerium f\u00fcr Bildung und Forschung gef\u00f6rderten MINT-Clusters <a rel=\"noreferrer noopener\" href=\"https:\/\/genau-bb.de\/angebote\/machs-genau\/\" target=\"_blank\">Mach\u2019s GenaU!<\/a> an den Start gegangen ist. Ziel dieses Projektes ist es, mit interessanten Nachmittagsangeboten besonders Kinder und Jugendliche aus sozial benachteiligten Bev\u00f6lkerungsschichten anzusprechen.<\/p>\n\n\n\n<p>Inspiriert von<em> NAT\u00fcrlich Studium! <\/em>richtet sich auch<em> NAT\u00fcrlich Ausbildung!<\/em> speziell an M\u00e4dchen schon ab der 9. Klasse und als Kooperationsprojekt mit anderen in Berlin ans\u00e4ssigen au\u00dferschulischen Einrichtungen. Der Fokus liegt hier auf der Vorstellung von Ausbildungsberufen im MINT-Bereich. Pro Halbjahr lernen die Teilnehmerinnen mindestens sechs naturwissenschaftliche Ausbildungsberufe kennen. Gemeinsam mit den Vertreterinnen der jeweiligen Ausbildungsberufe werden berufsrelevante T\u00e4tigkeiten ausgef\u00fchrt. So haben die M\u00e4dchen in Vorbereitung auf die Veranstaltung zum Ausbildungsberuf der Pr\u00e4paratorin Tiere aus Ton geformt und beim Ausbildungsberuf der G\u00e4rtnerin Pflanzen zu Hause gro\u00dfgezogen.<\/p>\n\n\n\n<figure class=\"wp-block-gallery columns-2 is-cropped wp-block-gallery-1 is-layout-flex wp-block-gallery-is-layout-flex\"><ul class=\"blocks-gallery-grid\"><li class=\"blocks-gallery-item\"><figure><img loading=\"lazy\" decoding=\"async\" width=\"768\" height=\"1024\" src=\"https:\/\/blogs.fu-berlin.de\/frauenbeauftragte\/files\/2022\/05\/christin-scheinpflug_c_Marc-Jerusel-1-768x1024.jpg\" alt=\"\" data-id=\"2266\" data-link=\"https:\/\/blogs.fu-berlin.de\/frauenbeauftragte\/?attachment_id=2266\" class=\"wp-image-2266\" srcset=\"https:\/\/blogs.fu-berlin.de\/frauenbeauftragte\/files\/2022\/05\/christin-scheinpflug_c_Marc-Jerusel-1-768x1024.jpg 768w, https:\/\/blogs.fu-berlin.de\/frauenbeauftragte\/files\/2022\/05\/christin-scheinpflug_c_Marc-Jerusel-1-225x300.jpg 225w, https:\/\/blogs.fu-berlin.de\/frauenbeauftragte\/files\/2022\/05\/christin-scheinpflug_c_Marc-Jerusel-1-1152x1536.jpg 1152w, https:\/\/blogs.fu-berlin.de\/frauenbeauftragte\/files\/2022\/05\/christin-scheinpflug_c_Marc-Jerusel-1-1536x2048.jpg 1536w, https:\/\/blogs.fu-berlin.de\/frauenbeauftragte\/files\/2022\/05\/christin-scheinpflug_c_Marc-Jerusel-1-1200x1599.jpg 1200w, https:\/\/blogs.fu-berlin.de\/frauenbeauftragte\/files\/2022\/05\/christin-scheinpflug_c_Marc-Jerusel-1-scaled.jpg 1921w\" sizes=\"auto, (max-width: 709px) 85vw, (max-width: 909px) 67vw, (max-width: 984px) 61vw, (max-width: 1362px) 45vw, 600px\" \/><figcaption class=\"blocks-gallery-item__caption\"><em>Ein Ausbildungsberuf: <\/em>Tierpr\u00e4paratorin<br><em>Foto:<\/em> Marc Jerusel<\/figcaption><\/figure><\/li><li class=\"blocks-gallery-item\"><figure><img loading=\"lazy\" decoding=\"async\" width=\"738\" height=\"827\" src=\"https:\/\/blogs.fu-berlin.de\/frauenbeauftragte\/files\/2022\/05\/Cory_C-MarionKuka.png\" alt=\"\" data-id=\"2267\" data-full-url=\"https:\/\/blogs.fu-berlin.de\/frauenbeauftragte\/files\/2022\/05\/Cory_C-MarionKuka.png\" data-link=\"https:\/\/blogs.fu-berlin.de\/frauenbeauftragte\/?attachment_id=2267\" class=\"wp-image-2267\" srcset=\"https:\/\/blogs.fu-berlin.de\/frauenbeauftragte\/files\/2022\/05\/Cory_C-MarionKuka.png 738w, https:\/\/blogs.fu-berlin.de\/frauenbeauftragte\/files\/2022\/05\/Cory_C-MarionKuka-268x300.png 268w\" sizes=\"auto, (max-width: 709px) 85vw, (max-width: 909px) 67vw, (max-width: 984px) 61vw, (max-width: 1362px) 45vw, 600px\" \/><figcaption class=\"blocks-gallery-item__caption\">Vorbild f\u00fcr Sch\u00fclerinnen: Annika Cory, G\u00e4rtnerin im Botanischen Garten der FU <br>Foto: Marion Kuka<\/figcaption><\/figure><\/li><\/ul><\/figure>\n\n\n\n<p>Die drei beteiligten Institutionen \u2013 neben dem NatLab der FU das <a rel=\"noreferrer noopener\" href=\"https:\/\/www.museumfuernaturkunde.berlin\/de\" target=\"_blank\">Museum f\u00fcr Naturkunde Berlin<\/a> und das <a rel=\"noreferrer noopener\" href=\"https:\/\/www.glaesernes-labor.de\/\" target=\"_blank\">Gl\u00e4serne Labor<\/a> auf dem Campus Buch \u2013 stellen jeweils zwei Berufe pro Durchlauf vor. Bisher wurden zehn verschiedene Ausbildungsberufe vorgestellt. Die <a rel=\"noreferrer noopener\" href=\"https:\/\/www.fu-berlin.de\/sites\/ausbildung\/ausbildungsberufe\/chemielaborant-in\/index.html\" target=\"_blank\">Chemielaborantin<\/a> und die Biologielaborantin sto\u00dfen dabei immer wieder auf besonders hohes Interesse bei den M\u00e4dchen. Aber auch die anderen Berufe begeistern: Die <a rel=\"noreferrer noopener\" href=\"https:\/\/www.fu-berlin.de\/sites\/ausbildung\/ausbildungsberufe\/tierpfleger-in\/index.html\" target=\"_blank\">Tierpflegerin<\/a>, die es ihren Labortieren so gut gehen lassen m\u00f6chte wie m\u00f6glich, die <a rel=\"noreferrer noopener\" href=\"https:\/\/www.fu-berlin.de\/sites\/ausbildung\/ausbildungsberufe\/fachinformatiker-in\/index.html\" target=\"_blank\">Fachinformatikerin<\/a>, die durch Zufall zu ihrem Traumberuf kam und ihr Hobby so zum Beruf machte, die Eventmanagerin im Naturkundemuseum, die exotische Ausstellungen plant und umsetzt, die Konservatorin, die Spinnen sammelt, oder auch die politisch aktive, sympathische <a rel=\"noreferrer noopener\" href=\"https:\/\/www.fu-berlin.de\/sites\/ausbildung\/ausbildungsberufe\/gaertner-in\/index.html\" target=\"_blank\">G\u00e4rtnerin<\/a>, die zeigen kann, wie meditativ und beruhigend der Beruf der G\u00e4rtnerin im Botanischen Garten Berlin sein kann. Alle haben eins gemeinsam: das Gef\u00fchl am richtigen Ort zu sein und das f\u00fcr sie Richtige gefunden zu haben. Und genau da holt <em>Nat\u00fcrlich Ausbildung!<\/em> die 14- bis 15-j\u00e4hrigen M\u00e4dchen ab, die sich gerade aufmachen, den f\u00fcr sie passenden Beruf zu finden. Die Liebe zur Naturwissenschaft und zum Beruf zieht sich durch alle Veranstaltungen. Es ist dieser Funke der Begeisterung, der unversehens auf die M\u00e4dchen \u00fcberspringt.<\/p>\n\n\n\n<p>Und damit nichts schief geht, werden den M\u00e4dchen bei der Abschlussveranstaltung Bewerbungstipps und -tricks gezeigt. Sie k\u00f6nnen sich mit Ausbildungsleitern, Frauenbeauftragten und anderen Expertinnen austauschen und ihre Bewerbungen gegenlesen lassen. Momentan findet die Veranstaltungsreihe digital statt, aber mit der Perspektive, in absehbarer Zeit einige der Rollenvorbilder wieder an ihrem Arbeitsplatz besuchen zu k\u00f6nnen.<\/p>\n\n\n\n<p class=\"has-medium-font-size\">13 Jahre NAT\u00fcrlich in Zahlen<\/p>\n\n\n\n<ul class=\"wp-block-list\"><li><strong>2009 Gr\u00fcndung von <em>NAT\u00fcrlich Studium!<\/em><\/strong><\/li><li><strong>358<\/strong> teilnehmende M\u00e4dchen<\/li><li><strong>17 <\/strong>Durchg\u00e4nge<\/li><li><strong>80 <\/strong>vorgestellte Wissenschaftlerinnen<\/li><li><strong>16<\/strong> <a rel=\"noreferrer noopener\" href=\"https:\/\/www.bcp.fu-berlin.de\/natlab\/schueler_innen\/natuerlich\/natuerlich-studium\/MINToring---Mein-Fach-in-5-Min\/index.html\" target=\"_blank\">Studieng\u00e4nge<\/a><br><strong>5 <\/strong>Projektkoordinatorinnen seit 2009: Jessica Kr\u00fcger, Nadine Hermann, Antonia Strutz, Lea D\u00e4mpfling (Ehemalige); Petra Skiebe-Corrette<\/li><li><strong>6 <\/strong>studentische Mitarbeiterinnen: Johanna Hofmann, Aileen M\u00fcller-Mechsner, Elodie Lorentz, Janine Seidel, Paula Leupold (Ehemalige); Luise Grapentin (aktuelle Mitarbeitende)<\/li><li>Nadine Hermann hat in Anlehnung an NAT\u00fcrlich ein Modul f\u00fcr Studentinnen entwickelt<\/li><li><strong>2020<\/strong> NAT\u00fcrlich \u2013 online<\/li><\/ul>\n\n\n\n<ul class=\"wp-block-list\"><li><strong>2021 Gr\u00fcndung von <em>NAT\u00fcrlich Ausbildung!<\/em><\/strong><\/li><li><strong>31<\/strong> teilnehmende M\u00e4dchen<\/li><li><strong>2 <\/strong>Durchg\u00e4nge<\/li><li><strong>10<\/strong> Ausbildungsberufe<\/li><li><strong>4 <\/strong>Projektkoordinatorinnen: Charoula Finkelnburg (GenaU), Petra Skiebe-Corrette (NatLab, FUB), Claudia Jacob (Gl\u00e4sernes Labor), Astrid Faber (Museum f\u00fcr Naturkunde Berlin)<\/li><li><strong>2<\/strong> studentische Mitarbeiterinnen: Arda G\u00fcner (FUB) und Natalie K\u00f6ppe (Museum f\u00fcr Naturkunde Berlin)<\/li><\/ul>\n\n\n\n<p class=\"has-medium-font-size\">Anmeldung<\/p>\n\n\n\n<ul class=\"wp-block-list\"><li><em>NAT\u00fcrlich Studium!: <\/em><a rel=\"noreferrer noopener\" href=\"mailto:natuerlich@natlab.fu-berlin.de\" target=\"_blank\">natuerlich@natlab.fu-berlin.de<\/a><\/li><li><em>NAT\u00fcrlich Ausbildung!<\/em>: <a rel=\"noreferrer noopener\" href=\"mailto:natuerlich-ausbildung@genau-bb.de\" target=\"_blank\">natuerlich-ausbildung@genau-bb.de<\/a><\/li><\/ul>\n\n\n\n<p><strong>Petra Skiebe-Corrette, Professorin und Projektkoordinatorin am Fachbereich Biologie, Chemie, Pharmazie der Freien Universit\u00e4t Berlin<\/strong><\/p>\n\n\n\n<p><strong>Charoula Finkelnburg, Projektkoordinatorin von <em>Mach\u2019s GenaU!<\/em> des Sch\u00fclerlabor-Netzwerks GenaU<\/strong><\/p>\n","protected":false},"excerpt":{"rendered":"<p>Seit 13 Jahren gibt es NAT\u00fcrlich Studium! &#8211; Sch\u00fclerinnen treffen Naturwissenschaftlerinnen an der FU. 2021 startete dann NAT\u00fcrlich Ausbildung! &#8211; Sch\u00fclerinnen entdecken Ausbildungsberufe. In beiden Projekten dienen weibliche Vorbilder, der Besuch des Arbeitsplatzes und das Durchf\u00fchren von berufsrelevanten T\u00e4tigkeiten der Studiums- und Berufsorientierung.<\/p>\n","protected":false},"author":6410,"featured_media":1758,"comment_status":"open","ping_status":"open","sticky":false,"template":"","format":"standard","meta":{"footnotes":""},"categories":[603],"tags":[423731,301208,437124,233545],"class_list":["post-2255","post","type-post","status-publish","format-standard","has-post-thumbnail","hentry","category-vorgestellt","tag-mintoring","tag-frauenfoerderung","tag-wissenschaftlerinnen","tag-studierende"],"_links":{"self":[{"href":"https:\/\/blogs.fu-berlin.de\/frauenbeauftragte\/wp-json\/wp\/v2\/posts\/2255","targetHints":{"allow":["GET"]}}],"collection":[{"href":"https:\/\/blogs.fu-berlin.de\/frauenbeauftragte\/wp-json\/wp\/v2\/posts"}],"about":[{"href":"https:\/\/blogs.fu-berlin.de\/frauenbeauftragte\/wp-json\/wp\/v2\/types\/post"}],"author":[{"embeddable":true,"href":"https:\/\/blogs.fu-berlin.de\/frauenbeauftragte\/wp-json\/wp\/v2\/users\/6410"}],"replies":[{"embeddable":true,"href":"https:\/\/blogs.fu-berlin.de\/frauenbeauftragte\/wp-json\/wp\/v2\/comments?post=2255"}],"version-history":[{"count":31,"href":"https:\/\/blogs.fu-berlin.de\/frauenbeauftragte\/wp-json\/wp\/v2\/posts\/2255\/revisions"}],"predecessor-version":[{"id":2349,"href":"https:\/\/blogs.fu-berlin.de\/frauenbeauftragte\/wp-json\/wp\/v2\/posts\/2255\/revisions\/2349"}],"wp:featuredmedia":[{"embeddable":true,"href":"https:\/\/blogs.fu-berlin.de\/frauenbeauftragte\/wp-json\/wp\/v2\/media\/1758"}],"wp:attachment":[{"href":"https:\/\/blogs.fu-berlin.de\/frauenbeauftragte\/wp-json\/wp\/v2\/media?parent=2255"}],"wp:term":[{"taxonomy":"category","embeddable":true,"href":"https:\/\/blogs.fu-berlin.de\/frauenbeauftragte\/wp-json\/wp\/v2\/categories?post=2255"},{"taxonomy":"post_tag","embeddable":true,"href":"https:\/\/blogs.fu-berlin.de\/frauenbeauftragte\/wp-json\/wp\/v2\/tags?post=2255"}],"curies":[{"name":"wp","href":"https:\/\/api.w.org\/{rel}","templated":true}]}}