{"id":2370,"date":"2022-06-02T12:00:00","date_gmt":"2022-06-02T10:00:00","guid":{"rendered":"https:\/\/blogs.fu-berlin.de\/frauenbeauftragte\/?p=2370"},"modified":"2023-07-17T10:33:52","modified_gmt":"2023-07-17T08:33:52","slug":"gender-diversity-career-development","status":"publish","type":"post","link":"https:\/\/blogs.fu-berlin.de\/frauenbeauftragte\/2022\/06\/02\/gender-diversity-career-development\/","title":{"rendered":"Gender, Diversity &amp; Career Development"},"content":{"rendered":"\n<div class=\"wp-block-media-text alignwide is-stacked-on-mobile\"><figure class=\"wp-block-media-text__media\"><img loading=\"lazy\" decoding=\"async\" width=\"1024\" height=\"683\" src=\"https:\/\/blogs.fu-berlin.de\/frauenbeauftragte\/files\/2022\/05\/G-D-Career-Development_Slide-1024x683.png\" alt=\"\" class=\"wp-image-2371 size-full\" srcset=\"https:\/\/blogs.fu-berlin.de\/frauenbeauftragte\/files\/2022\/05\/G-D-Career-Development_Slide-1024x683.png 1024w, https:\/\/blogs.fu-berlin.de\/frauenbeauftragte\/files\/2022\/05\/G-D-Career-Development_Slide-300x200.png 300w, https:\/\/blogs.fu-berlin.de\/frauenbeauftragte\/files\/2022\/05\/G-D-Career-Development_Slide-768x512.png 768w, https:\/\/blogs.fu-berlin.de\/frauenbeauftragte\/files\/2022\/05\/G-D-Career-Development_Slide-1536x1024.png 1536w, https:\/\/blogs.fu-berlin.de\/frauenbeauftragte\/files\/2022\/05\/G-D-Career-Development_Slide-2048x1365.png 2048w, https:\/\/blogs.fu-berlin.de\/frauenbeauftragte\/files\/2022\/05\/G-D-Career-Development_Slide-1200x800.png 1200w\" sizes=\"auto, (max-width: 709px) 85vw, (max-width: 909px) 67vw, (max-width: 1362px) 62vw, 840px\" \/><\/figure><div class=\"wp-block-media-text__content\">\n<p><strong>Fachtag: 10. Juni 2022 | 8:45-16<\/strong> <strong>Uhr <\/strong>Vier Forschungsverb\u00fcnde der Fachbereiche Biologie, Chemie, Pharmazie sowie Physik laden zum ersten Fachtag Gender, Diversity &amp; Career Development ein. Auf dem Programm stehen Workshops zu Fragen wie: Warum ist Diversit\u00e4t wichtig f\u00fcr die Wissenschaft? Was ist sexualisierte Gewalt? Wie lassen sich Arbeit und Leben in Einklang bringen?<\/p>\n\n\n\n<!--more-->\n<\/div><\/div>\n\n\n\n<p>Eingeladen zu dem Fachtag sind neben Doktorand*innen und Postdocs der beteiligten Sonderforschungsbereiche \u2013 SFB 1078, SFB 1349, SFB 1449 und SFB\/TRR 227 \u2013 auch weitere Interessierte. F\u00fcnf Workshops finden im Laufe des Tages zum Teil parallel statt, zwei in deutscher und drei in englischer Sprache. Neben der Organisatorin Sarah Huch, Referentin und Koordinatorin f\u00fcr Gender &amp; Diversity im SFB 1449, bieten externe Referentinnen sowie die <a rel=\"noreferrer noopener\" href=\"https:\/\/www.genderdiversitylehre.fu-berlin.de\/toolbox\/index.html\" target=\"_blank\">Toolbox Gender und Diversity in der Lehre<\/a> Workshops an.<\/p>\n\n\n\n<p>Es geht an diesem Tag nicht nur um Vielfalt, auch die Themen sind vielf\u00e4ltig. Diskutiert werden erfolgversprechende Modelle f\u00fcr eine gute Work-Life-Balance, Diskriminierungen und sexualisierte Gewalt, die Relevanz von Diversity f\u00fcr die Wissenschaft wie auch Unconscious Bias, also wie unbewusste Vorurteile \u00fcber Geschlecht, Hautfarbe etc. unsere Beurteilung und Arbeit beeinflussen. <\/p>\n\n\n\n<ul class=\"wp-block-list\"><li><strong>Zeit:<\/strong> 10.06.2022, 8:45-16:00 Uhr<\/li><li><strong>Ort:<\/strong> <a href=\"https:\/\/www.suprafab.fu-berlin.de\/\" target=\"_blank\" rel=\"noreferrer noopener\">SupraFAB<\/a>, Altensteinstr. 23a, 14195 Berlin<\/li><li><a rel=\"noreferrer noopener\" href=\"https:\/\/www.fu-berlin.de\/sites\/naturalsciences\/dates\/_Ressourcen\/Flyer-G-D-Career-Development_WEB.pdf\" target=\"_blank\"><strong>Programm<\/strong><\/a><\/li><li><strong>Anmeldung<\/strong> per E-Mail an: <a rel=\"noreferrer noopener\" href=\"mailto:gender-diversityCRC1449@bcp.fu-berlin.de\" target=\"_blank\">gender-diversityCRC1449@bcp.fu-berlin.de<\/a><\/li><\/ul>\n\n\n\n<hr class=\"wp-block-separator has-css-opacity\" \/>\n\n\n\n<figure class=\"wp-block-image size-full\"><img loading=\"lazy\" decoding=\"async\" width=\"1654\" height=\"2339\" src=\"https:\/\/blogs.fu-berlin.de\/frauenbeauftragte\/files\/2022\/05\/Flyer-G-D-Career-Development_WEB.png\" alt=\"\" class=\"wp-image-2383\" srcset=\"https:\/\/blogs.fu-berlin.de\/frauenbeauftragte\/files\/2022\/05\/Flyer-G-D-Career-Development_WEB.png 1654w, https:\/\/blogs.fu-berlin.de\/frauenbeauftragte\/files\/2022\/05\/Flyer-G-D-Career-Development_WEB-212x300.png 212w, https:\/\/blogs.fu-berlin.de\/frauenbeauftragte\/files\/2022\/05\/Flyer-G-D-Career-Development_WEB-724x1024.png 724w, https:\/\/blogs.fu-berlin.de\/frauenbeauftragte\/files\/2022\/05\/Flyer-G-D-Career-Development_WEB-768x1086.png 768w, https:\/\/blogs.fu-berlin.de\/frauenbeauftragte\/files\/2022\/05\/Flyer-G-D-Career-Development_WEB-1086x1536.png 1086w, https:\/\/blogs.fu-berlin.de\/frauenbeauftragte\/files\/2022\/05\/Flyer-G-D-Career-Development_WEB-1448x2048.png 1448w, https:\/\/blogs.fu-berlin.de\/frauenbeauftragte\/files\/2022\/05\/Flyer-G-D-Career-Development_WEB-1200x1697.png 1200w\" sizes=\"auto, (max-width: 709px) 85vw, (max-width: 909px) 67vw, (max-width: 1362px) 62vw, 840px\" \/><\/figure>\n","protected":false},"excerpt":{"rendered":"<p>Fachtag: 10. Juni 2022 | 8:45-16 Uhr Vier Forschungsverb\u00fcnde der Fachbereiche Biologie, Chemie, Pharmazie sowie Physik laden zum ersten Fachtag Gender, Diversity &amp; Career Development ein. Auf dem Programm stehen Workshops zu Fragen wie: Warum ist Diversit\u00e4t wichtig f\u00fcr die Wissenschaft? Was ist sexualisierte Gewalt? Wie lassen sich Arbeit und Leben in Einklang bringen?<\/p>\n","protected":false},"author":6410,"featured_media":2371,"comment_status":"open","ping_status":"open","sticky":false,"template":"","format":"standard","meta":{"footnotes":""},"categories":[428608],"tags":[305170,433140,90487,306],"class_list":["post-2370","post","type-post","status-publish","format-standard","has-post-thumbnail","hentry","category-informiert","tag-diversity","tag-sbdg","tag-diskriminierung","tag-weiterbildung"],"_links":{"self":[{"href":"https:\/\/blogs.fu-berlin.de\/frauenbeauftragte\/wp-json\/wp\/v2\/posts\/2370","targetHints":{"allow":["GET"]}}],"collection":[{"href":"https:\/\/blogs.fu-berlin.de\/frauenbeauftragte\/wp-json\/wp\/v2\/posts"}],"about":[{"href":"https:\/\/blogs.fu-berlin.de\/frauenbeauftragte\/wp-json\/wp\/v2\/types\/post"}],"author":[{"embeddable":true,"href":"https:\/\/blogs.fu-berlin.de\/frauenbeauftragte\/wp-json\/wp\/v2\/users\/6410"}],"replies":[{"embeddable":true,"href":"https:\/\/blogs.fu-berlin.de\/frauenbeauftragte\/wp-json\/wp\/v2\/comments?post=2370"}],"version-history":[{"count":28,"href":"https:\/\/blogs.fu-berlin.de\/frauenbeauftragte\/wp-json\/wp\/v2\/posts\/2370\/revisions"}],"predecessor-version":[{"id":6497,"href":"https:\/\/blogs.fu-berlin.de\/frauenbeauftragte\/wp-json\/wp\/v2\/posts\/2370\/revisions\/6497"}],"wp:featuredmedia":[{"embeddable":true,"href":"https:\/\/blogs.fu-berlin.de\/frauenbeauftragte\/wp-json\/wp\/v2\/media\/2371"}],"wp:attachment":[{"href":"https:\/\/blogs.fu-berlin.de\/frauenbeauftragte\/wp-json\/wp\/v2\/media?parent=2370"}],"wp:term":[{"taxonomy":"category","embeddable":true,"href":"https:\/\/blogs.fu-berlin.de\/frauenbeauftragte\/wp-json\/wp\/v2\/categories?post=2370"},{"taxonomy":"post_tag","embeddable":true,"href":"https:\/\/blogs.fu-berlin.de\/frauenbeauftragte\/wp-json\/wp\/v2\/tags?post=2370"}],"curies":[{"name":"wp","href":"https:\/\/api.w.org\/{rel}","templated":true}]}}