{"id":2511,"date":"2022-06-15T14:00:00","date_gmt":"2022-06-15T12:00:00","guid":{"rendered":"https:\/\/blogs.fu-berlin.de\/frauenbeauftragte\/?p=2511"},"modified":"2023-07-17T10:34:22","modified_gmt":"2023-07-17T08:34:22","slug":"hochschulsekretariate-fairnetzt-euch","status":"publish","type":"post","link":"https:\/\/blogs.fu-berlin.de\/frauenbeauftragte\/2022\/06\/15\/hochschulsekretariate-fairnetzt-euch\/","title":{"rendered":"Hochschulsekretariate \u201eFairNetztEuch\u201c!"},"content":{"rendered":"\n<div class=\"wp-block-media-text alignwide is-stacked-on-mobile\"><figure class=\"wp-block-media-text__media\"><img loading=\"lazy\" decoding=\"async\" width=\"2527\" height=\"1287\" src=\"https:\/\/blogs.fu-berlin.de\/frauenbeauftragte\/files\/2022\/06\/bukof_postkarte_fairNetztEuch.png\" alt=\"\" class=\"wp-image-2520 size-full\" srcset=\"https:\/\/blogs.fu-berlin.de\/frauenbeauftragte\/files\/2022\/06\/bukof_postkarte_fairNetztEuch.png 2527w, https:\/\/blogs.fu-berlin.de\/frauenbeauftragte\/files\/2022\/06\/bukof_postkarte_fairNetztEuch-300x153.png 300w, https:\/\/blogs.fu-berlin.de\/frauenbeauftragte\/files\/2022\/06\/bukof_postkarte_fairNetztEuch-1024x522.png 1024w, https:\/\/blogs.fu-berlin.de\/frauenbeauftragte\/files\/2022\/06\/bukof_postkarte_fairNetztEuch-768x391.png 768w, https:\/\/blogs.fu-berlin.de\/frauenbeauftragte\/files\/2022\/06\/bukof_postkarte_fairNetztEuch-1536x782.png 1536w, https:\/\/blogs.fu-berlin.de\/frauenbeauftragte\/files\/2022\/06\/bukof_postkarte_fairNetztEuch-2048x1043.png 2048w, https:\/\/blogs.fu-berlin.de\/frauenbeauftragte\/files\/2022\/06\/bukof_postkarte_fairNetztEuch-1200x611.png 1200w\" sizes=\"auto, (max-width: 709px) 85vw, (max-width: 909px) 67vw, (max-width: 1362px) 62vw, 840px\" \/><\/figure><div class=\"wp-block-media-text__content\">\n<p><strong>Anmeldeschluss: 30. Juni 2022<\/strong> Zum zweiten bundesweiten Sekretariats-Netzwerktreffen l\u00e4dt die <a rel=\"noreferrer noopener\" href=\"https:\/\/bukof.de\" target=\"_blank\">bukof<\/a> vom 12.-13.09.2022 nach Kassel ein. Die Veranstaltung <a rel=\"noreferrer noopener\" href=\"https:\/\/bukof.de\/veranstaltungen\/zweites-bundesweites-sekretariats-netzwerktreffen\/\" target=\"_blank\">FairNetztEuch! 2.0<\/a> m\u00f6chte die Arbeit von Hochschulsekret\u00e4r*innen sichtbar machen, ihre Kompetenzen herausstellen, zum Erfahrungsaustausch einladen, Vernetzung f\u00f6rdern und Solidarit\u00e4ten einfordern.<\/p>\n\n\n\n<!--more-->\n<\/div><\/div>\n\n\n\n<p>Die Tagung, die gleichzeitig Fortbildung ist, richtet sich an bereits bestehende Sekretariatsnetzwerke, Kolleg*innen, die eine Vernetzung planen und unterst\u00fctzen wollen, Interessierte sowie Beauftragte aus Gleichstellungs- und Frauenb\u00fcros der Hochschulen und Universit\u00e4ten. Veranstalterinnen des zweiten bundesweiten Sekretariats-Netzwerktreffens sind die <a href=\"https:\/\/bukof.de\/kommissionen-liste\/mitarbeiterinnen-in-technik-und-verwaltung\/\" target=\"_blank\" rel=\"noreferrer noopener\">Kommission Mitarbeiterinnen in Technik und Verwaltung (MTV)<\/a> der Bundeskonferenz der Frauen- und Gleichstellungsbeauftragten an Hochschulen e.V. (bukof) und die <a rel=\"noreferrer noopener\" href=\"https:\/\/www.uni-kassel.de\/hochschulverwaltung\/themen\/gleichstellung-familie-und-diversity\" target=\"_blank\">Stabsstelle Gleichstellung der Universit\u00e4t Kassel<\/a>. 2019 fand das <a rel=\"noreferrer noopener\" href=\"https:\/\/bukof.de\/veranstaltungen\/fairnetzt-euch-fortbildung-erstes-bundesweites-sekretariats-netzwerktreffen\/\" target=\"_blank\">erste Netzwerktreffen<\/a> in G\u00f6ttingen statt.<\/p>\n\n\n\n<p>Unter dem Motto des diesj\u00e4hrigen Netzwerktreffens \u201eArbeit Sichtbar Machen\u201c behandeln Expert*innen \u2013 u.a. aus der Organisationsberatung, der P\u00e4dagogik oder der Soziologie \u2013 in ihren Vortr\u00e4gen und Workshops Themen wie etwa \u201eAllesk\u00f6nnerin oder M\u00e4dchen f\u00fcr Alles?\u201c, \u201eArbeit der Hochschulsekretariate: Traditionell unsichtbar \u2013 und jetzt\u2026?\u201c, \u201eVersteckte Anforderungen im Zuge der Digitalisierung sichtbar machen\u201c.<\/p>\n\n\n\n<p>Zudem steht nach der Netzwerk-Arbeit ein hochkar\u00e4tiges Vergn\u00fcgen f\u00fcr kunstinteressierte Teilnehmer*innen im Tagungsprogramm: Ein Besuch auf der <a rel=\"noreferrer noopener\" href=\"https:\/\/documenta-fifteen.de\/\" target=\"_blank\">Documenta fifteen<\/a>.<\/p>\n\n\n\n<hr class=\"wp-block-separator has-alpha-channel-opacity\" \/>\n\n\n\n<figure class=\"wp-block-image size-large\"><img loading=\"lazy\" decoding=\"async\" width=\"1024\" height=\"301\" src=\"https:\/\/blogs.fu-berlin.de\/frauenbeauftragte\/files\/2022\/06\/20170227-Bukof-JB-057aneu-1024x301.png\" alt=\"\" class=\"wp-image-2517\" srcset=\"https:\/\/blogs.fu-berlin.de\/frauenbeauftragte\/files\/2022\/06\/20170227-Bukof-JB-057aneu-1024x301.png 1024w, https:\/\/blogs.fu-berlin.de\/frauenbeauftragte\/files\/2022\/06\/20170227-Bukof-JB-057aneu-300x88.png 300w, https:\/\/blogs.fu-berlin.de\/frauenbeauftragte\/files\/2022\/06\/20170227-Bukof-JB-057aneu-768x226.png 768w, https:\/\/blogs.fu-berlin.de\/frauenbeauftragte\/files\/2022\/06\/20170227-Bukof-JB-057aneu.png 1190w\" sizes=\"auto, (max-width: 709px) 85vw, (max-width: 909px) 67vw, (max-width: 1362px) 62vw, 840px\" \/><figcaption>Foto: bukof-Gesch\u00e4ftsstelle<\/figcaption><\/figure>\n\n\n\n<hr class=\"wp-block-separator has-alpha-channel-opacity\" \/>\n\n\n\n<p><strong>Zweites bundesweites Sekretariats-Netzwerktreffen \u201cFairNetztEuch! 2.0\u201d Fortbildung: Arbeit Sichtbar Machen<\/strong><\/p>\n\n\n\n<ul class=\"wp-block-list\"><li><strong>Zeit: <\/strong>12. &#8211; 13. September 2022<\/li><li><strong>Tagungsort: <\/strong><a rel=\"noreferrer noopener\" href=\"https:\/\/www.uni-kassel.de\/fb06\/kontakt-anfahrt\" target=\"_blank\">Universit\u00e4t Kassel<\/a>, Fachbereich Architektur \u2013 Stadtplanung &#8211; Landschaftsplanung, Universit\u00e4tsplatz 9, 34127 Kassel<\/li><li><a rel=\"noreferrer noopener\" href=\"https:\/\/bukof.de\/wp-content\/uploads\/Einladung-und-Progamm-FairNetztEuch-2022-002.pdf\" target=\"_blank\"><strong>Einladung und Programm<\/strong><\/a><strong> <\/strong><\/li><li><a rel=\"noreferrer noopener\" href=\"https:\/\/www.uni-trier.de\/index.php?id=87783\" target=\"_blank\"><strong>Anmeldung<\/strong><\/a><strong> <\/strong><\/li><li><strong>R\u00fcckfragen<\/strong> zur Veranstaltung und Anmeldung Kinderbetreuung bitte per <a rel=\"noreferrer noopener\" href=\"mailto:fairnetzteuch2.0@uni-kassel.de\" target=\"_blank\">E-Mail<\/a><\/li><\/ul>\n\n\n\n<hr class=\"wp-block-separator has-alpha-channel-opacity\" \/>\n\n\n\n<p><strong>Zum Weiterlesen<\/strong> in diesem Blog: <a href=\"https:\/\/blogs.fu-berlin.de\/frauenbeauftragte\/2022\/03\/07\/equal-pay-hochschulsekretariate-aufwerten\/\" target=\"_blank\" rel=\"noreferrer noopener\">Equal Pay: Hochschulsekretariate aufwerten!<\/a><\/p>\n","protected":false},"excerpt":{"rendered":"<p>Anmeldeschluss: 30. Juni 2022 Zum zweiten bundesweiten Sekretariats-Netzwerktreffen l\u00e4dt die bukof vom 12.-13.09.2022 nach Kassel ein. Die Veranstaltung FairNetztEuch! 2.0 m\u00f6chte die Arbeit von Hochschulsekret\u00e4r*innen sichtbar machen, ihre Kompetenzen herausstellen, zum Erfahrungsaustausch einladen, Vernetzung f\u00f6rdern und Solidarit\u00e4ten einfordern.<\/p>\n","protected":false},"author":6410,"featured_media":2520,"comment_status":"open","ping_status":"open","sticky":false,"template":"","format":"standard","meta":{"footnotes":""},"categories":[428608],"tags":[301208,433454,437402],"class_list":["post-2511","post","type-post","status-publish","format-standard","has-post-thumbnail","hentry","category-informiert","tag-frauenfoerderung","tag-gleichstellungspolitik","tag-frauenbeauftragte"],"_links":{"self":[{"href":"https:\/\/blogs.fu-berlin.de\/frauenbeauftragte\/wp-json\/wp\/v2\/posts\/2511","targetHints":{"allow":["GET"]}}],"collection":[{"href":"https:\/\/blogs.fu-berlin.de\/frauenbeauftragte\/wp-json\/wp\/v2\/posts"}],"about":[{"href":"https:\/\/blogs.fu-berlin.de\/frauenbeauftragte\/wp-json\/wp\/v2\/types\/post"}],"author":[{"embeddable":true,"href":"https:\/\/blogs.fu-berlin.de\/frauenbeauftragte\/wp-json\/wp\/v2\/users\/6410"}],"replies":[{"embeddable":true,"href":"https:\/\/blogs.fu-berlin.de\/frauenbeauftragte\/wp-json\/wp\/v2\/comments?post=2511"}],"version-history":[{"count":32,"href":"https:\/\/blogs.fu-berlin.de\/frauenbeauftragte\/wp-json\/wp\/v2\/posts\/2511\/revisions"}],"predecessor-version":[{"id":6498,"href":"https:\/\/blogs.fu-berlin.de\/frauenbeauftragte\/wp-json\/wp\/v2\/posts\/2511\/revisions\/6498"}],"wp:featuredmedia":[{"embeddable":true,"href":"https:\/\/blogs.fu-berlin.de\/frauenbeauftragte\/wp-json\/wp\/v2\/media\/2520"}],"wp:attachment":[{"href":"https:\/\/blogs.fu-berlin.de\/frauenbeauftragte\/wp-json\/wp\/v2\/media?parent=2511"}],"wp:term":[{"taxonomy":"category","embeddable":true,"href":"https:\/\/blogs.fu-berlin.de\/frauenbeauftragte\/wp-json\/wp\/v2\/categories?post=2511"},{"taxonomy":"post_tag","embeddable":true,"href":"https:\/\/blogs.fu-berlin.de\/frauenbeauftragte\/wp-json\/wp\/v2\/tags?post=2511"}],"curies":[{"name":"wp","href":"https:\/\/api.w.org\/{rel}","templated":true}]}}