{"id":2574,"date":"2022-06-17T17:50:20","date_gmt":"2022-06-17T15:50:20","guid":{"rendered":"https:\/\/blogs.fu-berlin.de\/frauenbeauftragte\/?p=2574"},"modified":"2023-07-17T10:35:24","modified_gmt":"2023-07-17T08:35:24","slug":"wir-freuen-uns-auf-ihre-bewerbung","status":"publish","type":"post","link":"https:\/\/blogs.fu-berlin.de\/frauenbeauftragte\/2022\/06\/17\/wir-freuen-uns-auf-ihre-bewerbung\/","title":{"rendered":"Wir freuen uns auf Ihre Bewerbung!"},"content":{"rendered":"\n<div class=\"wp-block-media-text alignwide is-stacked-on-mobile\"><figure class=\"wp-block-media-text__media\"><img loading=\"lazy\" decoding=\"async\" width=\"1024\" height=\"683\" src=\"https:\/\/blogs.fu-berlin.de\/frauenbeauftragte\/files\/2022\/06\/Mitarbeiterinnen-gesucht-1024x724-1-e1655481867604.jpg\" alt=\"\" class=\"wp-image-2579 size-full\" srcset=\"https:\/\/blogs.fu-berlin.de\/frauenbeauftragte\/files\/2022\/06\/Mitarbeiterinnen-gesucht-1024x724-1-e1655481867604.jpg 1024w, https:\/\/blogs.fu-berlin.de\/frauenbeauftragte\/files\/2022\/06\/Mitarbeiterinnen-gesucht-1024x724-1-e1655481867604-300x200.jpg 300w, https:\/\/blogs.fu-berlin.de\/frauenbeauftragte\/files\/2022\/06\/Mitarbeiterinnen-gesucht-1024x724-1-e1655481867604-768x512.jpg 768w\" sizes=\"auto, (max-width: 709px) 85vw, (max-width: 909px) 67vw, (max-width: 1362px) 62vw, 840px\" \/><\/figure><div class=\"wp-block-media-text__content\">\n<p><strong>Bewerbungsfrist: 05. Juli 2022 &amp; 19. Juli 2022<\/strong><\/p>\n\n\n\n<p>Sie interessieren sich f\u00fcr Gleichstellung, Geschlechtergerechtigkeit und Diversity und w\u00fcrden gerne in diesem Themenfeld arbeiten? Dann bewerben Sie sich beim <a rel=\"noreferrer noopener\" href=\"https:\/\/www.fu-berlin.de\/sites\/frauenbeauftragte\/\" target=\"_blank\">Team Zentrale Frauenbeauftragte<\/a>. Gesucht werden ab sofort drei neue Kolleg*innen f\u00fcr verschiedene Aufgabenprofile.<\/p>\n\n\n\n<!--more-->\n<\/div><\/div>\n\n\n\n<p class=\"has-medium-font-size\">B\u00fcroassistenz im Team Zentrale Frauenbeauftragte (E 8, unbefristet)<\/p>\n\n\n\n<p>Sie sind als Verwaltungskraft an der FU teilzeitbesch\u00e4ftigt und m\u00f6chten aufstocken? Sie m\u00f6chten gerne Teil eines Team sein, dass sich f\u00fcr Geschlechtergerechtigkeit einsetzt? Dann bewerben Sie sich bei uns als B\u00fcroassistenz. <\/p>\n\n\n\n<p>Der Job umfasst alle Aufgaben der B\u00fcrokoordination und Teamassistenz von Korrespondenz, &nbsp;Termin- und Raummanagement, Protokollf\u00fchrung, Bestell- und Abrechnungswesen \u00fcber Veranstaltungsmanagement \u2013 insbesondere des Girls\u2019Day \u2013 bis hin zur Websitepflege. Bewerber*innen sollten eine abgeschlossene Ausbildung in einem einschl\u00e4gigen Verwaltungsberuf oder vergleichbare Kenntnisse und F\u00e4higkeiten mitbringen und eine mehrj\u00e4hrige Berufserfahrung nachweisen k\u00f6nnen \u2013 vorzugsweise an einer Hochschule oder einem Forschungsinstitut.<\/p>\n\n\n\n<p>Wir w\u00fcnschen uns eine*n Kolleg*in, die\/der ebenso gern im Team wie selbstst\u00e4ndig und eigenverantwortlich arbeitet, mit Erfahrung in der B\u00fcroorganisation, im Veranstaltungsmanagement sowie Kenntnissen im Haushalts-, Bestell- und Rechnungswesen. Erw\u00fcnscht sind zudem sehr gute Deutsch-, Englisch- und Computerkenntnisse.<\/p>\n\n\n\n<p>Das Stellenangebot richtet sich an bereits befristet oder unbefristet besch\u00e4ftigtes Personal der FU Berlin, also an Kolleg*innen, die ihre vorhandene Stelle um diese Viertelstelle aufstocken m\u00f6chten. Weiterhin ist die Besch\u00e4ftigung im Rahmen einer nebenberuflichen T\u00e4tigkeit m\u00f6glich, z.B. f\u00fcr entsprechend qualifizierte Studierende.<\/p>\n\n\n\n<p>Eine detaillierte Aufgabenbeschreibung finden Sie in der <a rel=\"noreferrer noopener\" href=\"https:\/\/www.fu-berlin.de\/universitaet\/beruf-karriere\/jobs\/nichtwiss\/98_sonstige-bereiche\/SO-ZF_BK_2022.html\" target=\"_blank\">Stellenausschreibung ZF_BK_2022<\/a><strong>.<\/strong> Die Bewerbungsfrist endet am <strong>19.07.2022<\/strong>.<\/p>\n\n\n\n<hr class=\"wp-block-separator has-alpha-channel-opacity\" \/>\n\n\n<div class=\"wp-block-image is-style-default\">\n<figure class=\"aligncenter size-full\"><img loading=\"lazy\" decoding=\"async\" width=\"500\" height=\"307\" src=\"https:\/\/blogs.fu-berlin.de\/frauenbeauftragte\/files\/2022\/06\/mariannenh_ausgebaeude_gosslerstr.png\" alt=\"\" class=\"wp-image-2582\" srcset=\"https:\/\/blogs.fu-berlin.de\/frauenbeauftragte\/files\/2022\/06\/mariannenh_ausgebaeude_gosslerstr.png 500w, https:\/\/blogs.fu-berlin.de\/frauenbeauftragte\/files\/2022\/06\/mariannenh_ausgebaeude_gosslerstr-300x184.png 300w\" sizes=\"auto, (max-width: 500px) 85vw, 500px\" \/><figcaption>Ein sch\u00f6ner Ort zum Arbeiten: Go\u00dflerstrasse 2-4 in Dahlem. Hier hat das Team Zentrale Frauenbeauftragte seine B\u00fcros. Foto: Melanie Bittner<\/figcaption><\/figure><\/div>\n\n\n<hr class=\"wp-block-separator has-alpha-channel-opacity\" \/>\n\n\n\n<p class=\"has-medium-font-size\">Mitarbeiter*in f\u00fcr Gremien, \u00d6ffentlichkeitsarbeit und Girls\u2019Day-Organisation (E 3, unbefristet)<\/p>\n\n\n\n<p>Sinn f\u00fcr Sprache, Struktur und Organisation? Interesse an Frauenf\u00f6rderung und Geschlechtergerechtigkeit, an Blogs und Social Media, an Hochschulstrukturen und Veranstaltungsorganisation? M\u00f6chten Sie bereits im Studium einen Einblick in diese Arbeitsfelder gewinnen? Dann bewerben Sie sich auf diese Stelle.<\/p>\n\n\n\n<p>Das Team Zentrale Frauenbeauftragte sucht eine*n strukturierte*n Kolleg*in mit Organisationstalent zur Unterst\u00fctzung diverser Arbeitsfelder. Das Spektrum ist vielf\u00e4ltig: Gremienterminen zuarbeiten, Veranstaltungen organisatorisch mit vorbereiten, insbesondere den j\u00e4hrlichen <a href=\"https:\/\/www.fu-berlin.de\/sites\/frauenbeauftragte\/angebote\/girls-day\/index.html\" target=\"_blank\" rel=\"noreferrer noopener\">Girls&#8217;Day<\/a>, und die \u00d6ffentlichkeitsarbeit unterst\u00fctzen &#8211; im kompetenten Umgang mit WordPress, CMS, Bildbearbeitungsprogrammen und perspektivisch Social Media sowie durch Korrektorat. Die T\u00e4tigkeit bietet die M\u00f6glichkeit, einen Einblick in verschiedene Bereiche der hochschulischen Gleichstellungsarbeit zu gewinnen.<br><br>Erw\u00fcnscht sind:<\/p>\n\n\n\n<ul class=\"wp-block-list\"><li>Interesse an gleichstellungspolitischen Fragen<\/li><li>soziale Kompetenz im Umgang mit Gender- und Diversity-Themen<\/li><li>Interesse an Social Media<\/li><li>gute PC-Kenntnisse<\/li><li>sehr gute Deutsch- und Englisch-Kenntnisse<\/li><li>Kommunikations- und Teamkompetenz<\/li><li>Organisationsgeschick<\/li><li>strukturierte Arbeitsweise und Teamf\u00e4higkeit<\/li><\/ul>\n\n\n\n<p>Eine detaillierte Aufgabenbeschreibung finden Sie in der <a rel=\"noreferrer noopener\" href=\"https:\/\/www.fu-berlin.de\/universitaet\/beruf-karriere\/jobs\/stud\/98_sonstige-bereiche\/SO-Beschaeft_Team-F_2022_B.html\" target=\"_blank\">Stellenausschreibung Besch\u00e4ft_Team F_2022_B<\/a>. Die Bewerbung von Studierenden ist ausdr\u00fccklich erw\u00fcnscht. Die Bewerbungsfrist endet am <strong>19.07.2022<\/strong>.<\/p>\n\n\n\n<hr class=\"wp-block-separator has-alpha-channel-opacity\" \/>\n\n\n\n<p class=\"has-medium-font-size\">Mitarbeiter*in f\u00fcr FUTURA und AG Sexualisierte Bel\u00e4stigung, Diskriminierung und Gewalt (E 3, unbefristet)<\/p>\n\n\n\n<p>Die Aufgaben dieser Stelle umfassen die Unterst\u00fctzung des Teams Zentrale Frauenbeauftragte bei der Organisation des Weiterbildungsprogramms <a rel=\"noreferrer noopener\" href=\"https:\/\/www.fu-berlin.de\/sites\/frauenbeauftragte\/angebote\/FUTURA\/index.html\" target=\"_blank\">FUTURA<\/a> und die Mitarbeit bei der Gesch\u00e4ftsstelle<a rel=\"noreferrer noopener\" href=\"https:\/\/www.fu-berlin.de\/sites\/nein-heisst-nein\/kontakt\/index.html\" target=\"_blank\"> AG Sexualisierte Bel\u00e4stigung, Diskriminierung und Gewalt<\/a> (SBDG). Die T\u00e4tigkeit bietet die M\u00f6glichkeit, einen Einblick in verschiedene Bereiche der hochschulischen Gleichstellungsarbeit zu gewinnen.<\/p>\n\n\n\n<p>Erw\u00fcnscht sind:<\/p>\n\n\n\n<ul class=\"wp-block-list\"><li>Interesse an gleichstellungspolitischen Fragestellungen<\/li><li>Interesse an der Koordination von Beratungen zum Thema Sexualisierte Bel\u00e4stigung, Diskriminierung und Gewalt (SBDG)<\/li><li>soziale Kompetenz im Umgang mit Gender- und Diversity-Themen<\/li><li>Organisationsgeschick<\/li><li>gute PC-Kenntnisse<\/li><li>sehr gute Deutsch- und Englischkenntnisse<\/li><li>Kommunikations- und Teamkompetenz<\/li><\/ul>\n\n\n\n<p>Eine detaillierte Aufgabenbeschreibung finden Sie in der <a rel=\"noreferrer noopener\" href=\"https:\/\/www.fu-berlin.de\/universitaet\/beruf-karriere\/jobs\/stud\/98_sonstige-bereiche\/SO-Beschaeft_Team-F_2022_A.html\" target=\"_blank\">Stellenausschreibung Besch\u00e4ft_Team F_2022_A<\/a>. Die Bewerbung von Studierenden ist ausdr\u00fccklich erw\u00fcnscht. Die Bewerbungsfrist endet am <strong>05.07.2022.<\/strong><\/p>\n\n\n\n<hr class=\"wp-block-separator has-alpha-channel-opacity\" \/>\n\n\n\n<p>F\u00fcr alle drei Stellenangebote bitten wir um <strong>Bewerbungen<\/strong> an: <a rel=\"noreferrer noopener\" href=\"mailto:bewerbung@frauenbeauftragte.fu-berlin.de\" target=\"_blank\">bewerbung@frauenbeauftragte.fu-berlin.de<\/a><\/p>\n\n\n\n<p>Fragen beantwortet<strong> Dr. Corinna Tomberger<\/strong><\/p>\n\n\n\n<ul class=\"wp-block-list\"><li><strong>E-Mail:<\/strong> <a rel=\"noreferrer noopener\" href=\"mailto:frauenbeauftragte@fu-berlin.de\" target=\"_blank\">frauenbeauftragte@fu-berlin.de<\/a><\/li><li> <strong>Telefon: <\/strong>+49 30 838 54259<\/li><\/ul>\n","protected":false},"excerpt":{"rendered":"<p>Bewerbungsfrist: 05. Juli 2022 &amp; 19. Juli 2022 Sie interessieren sich f\u00fcr Gleichstellung, Geschlechtergerechtigkeit und Diversity und w\u00fcrden gerne in diesem Themenfeld arbeiten? Dann bewerben Sie sich beim Team Zentrale Frauenbeauftragte. Gesucht werden ab sofort drei neue Kolleg*innen f\u00fcr verschiedene Aufgabenprofile.<\/p>\n","protected":false},"author":6410,"featured_media":2579,"comment_status":"open","ping_status":"open","sticky":false,"template":"","format":"standard","meta":{"footnotes":""},"categories":[428608],"tags":[437402],"class_list":["post-2574","post","type-post","status-publish","format-standard","has-post-thumbnail","hentry","category-informiert","tag-frauenbeauftragte"],"_links":{"self":[{"href":"https:\/\/blogs.fu-berlin.de\/frauenbeauftragte\/wp-json\/wp\/v2\/posts\/2574","targetHints":{"allow":["GET"]}}],"collection":[{"href":"https:\/\/blogs.fu-berlin.de\/frauenbeauftragte\/wp-json\/wp\/v2\/posts"}],"about":[{"href":"https:\/\/blogs.fu-berlin.de\/frauenbeauftragte\/wp-json\/wp\/v2\/types\/post"}],"author":[{"embeddable":true,"href":"https:\/\/blogs.fu-berlin.de\/frauenbeauftragte\/wp-json\/wp\/v2\/users\/6410"}],"replies":[{"embeddable":true,"href":"https:\/\/blogs.fu-berlin.de\/frauenbeauftragte\/wp-json\/wp\/v2\/comments?post=2574"}],"version-history":[{"count":58,"href":"https:\/\/blogs.fu-berlin.de\/frauenbeauftragte\/wp-json\/wp\/v2\/posts\/2574\/revisions"}],"predecessor-version":[{"id":6499,"href":"https:\/\/blogs.fu-berlin.de\/frauenbeauftragte\/wp-json\/wp\/v2\/posts\/2574\/revisions\/6499"}],"wp:featuredmedia":[{"embeddable":true,"href":"https:\/\/blogs.fu-berlin.de\/frauenbeauftragte\/wp-json\/wp\/v2\/media\/2579"}],"wp:attachment":[{"href":"https:\/\/blogs.fu-berlin.de\/frauenbeauftragte\/wp-json\/wp\/v2\/media?parent=2574"}],"wp:term":[{"taxonomy":"category","embeddable":true,"href":"https:\/\/blogs.fu-berlin.de\/frauenbeauftragte\/wp-json\/wp\/v2\/categories?post=2574"},{"taxonomy":"post_tag","embeddable":true,"href":"https:\/\/blogs.fu-berlin.de\/frauenbeauftragte\/wp-json\/wp\/v2\/tags?post=2574"}],"curies":[{"name":"wp","href":"https:\/\/api.w.org\/{rel}","templated":true}]}}