{"id":259,"date":"2021-11-08T08:00:00","date_gmt":"2021-11-08T07:00:00","guid":{"rendered":"https:\/\/blogs.fu-berlin.de\/frauenbeauftragte\/?p=259"},"modified":"2025-01-03T11:24:53","modified_gmt":"2025-01-03T10:24:53","slug":"sexualisierte-gewalt-kein-thema-an-der-uni","status":"publish","type":"post","link":"https:\/\/blogs.fu-berlin.de\/frauenbeauftragte\/2021\/11\/08\/sexualisierte-gewalt-kein-thema-an-der-uni\/","title":{"rendered":"Sexualisierte Gewalt: kein Thema an der Uni?"},"content":{"rendered":"\n<div class=\"wp-block-media-text alignwide is-stacked-on-mobile\"><figure class=\"wp-block-media-text__media\"><img loading=\"lazy\" decoding=\"async\" width=\"1024\" height=\"683\" src=\"https:\/\/blogs.fu-berlin.de\/frauenbeauftragte\/files\/2021\/10\/SDGB_Blog_Teaser-1024x683.png\" alt=\"\" class=\"wp-image-336 size-full\" srcset=\"https:\/\/blogs.fu-berlin.de\/frauenbeauftragte\/files\/2021\/10\/SDGB_Blog_Teaser-1024x683.png 1024w, https:\/\/blogs.fu-berlin.de\/frauenbeauftragte\/files\/2021\/10\/SDGB_Blog_Teaser-300x200.png 300w, https:\/\/blogs.fu-berlin.de\/frauenbeauftragte\/files\/2021\/10\/SDGB_Blog_Teaser-768x512.png 768w, https:\/\/blogs.fu-berlin.de\/frauenbeauftragte\/files\/2021\/10\/SDGB_Blog_Teaser.png 1200w\" sizes=\"auto, (max-width: 709px) 85vw, (max-width: 909px) 67vw, (max-width: 1362px) 62vw, 840px\" \/><\/figure><div class=\"wp-block-media-text__content\">\n<p>Sexualisierte Bel\u00e4stigung, Diskriminierung und Gewalt sind \u00fcberall in der Gesellschaft zu finden. Oft wird angenommen, Hochschulen als Orte der Bildung und Wissenschaft seien frei davon. Aber trifft das zu? Hannah-Sophie Sch\u00fcz, Heike Pantelmann, Tanja W\u00e4lty und Nina Lawrenz vom<a href=\"https:\/\/www.mvbz.fu-berlin.de\/\" target=\"_blank\" rel=\"noreferrer noopener\"> Margherita-von-Brentano-Zentrum<\/a> sind dem in einem Beitrag zum Open Gender Journal nachgegangen.<\/p>\n\n\n\n<!--more-->\n<\/div><\/div>\n\n\n\n<p>Sexualisierte Gewalt ist ein tabuisiertes Thema. Damit Vorf\u00e4lle bekannt gemacht werden und Betroffene und Zeug*innen dar\u00fcber berichten k\u00f6nnen, ist ein Bewusstsein daf\u00fcr erforderlich, dass sexualisierte \u00dcbergriffe stattfinden. Das hat nicht zuletzt die #MeeToo-Kampagne deutlich gemacht. Doch inwieweit setzten Universit\u00e4ten sich mit dem Thema auseinander? Welche Informationen stellen sie ihren Mitgliedern zur Verf\u00fcgung? Welche Unterst\u00fctzung bieten sie? Um das herauszufinden, haben die vier Wissenschaftlerinnen die Internetauftritte deutscher Universit\u00e4ten ausgewertet und Telefoninterviews mit Expert*innen gef\u00fchrt. Ihre Bestandsaufnahme unter dem Titel \u201eDer universit\u00e4re Umgang mit sexualisierter Diskriminierung und Gewalt\u201c macht Widerspr\u00fcche im institutionellen Handeln sichtbar: Einerseits ist das Thema institutionell in die Struktur der Organisation eingebettet, in der Regel sind Frauen- und Gleichstellungsbeauftragte zust\u00e4ndige Ansprechpersonen. Andererseits wird sexualisierte Gewalt an Universit\u00e4ten weiterhin tabuisiert und unsichtbar gemacht, wie die Expert*inneninterviews zeigen. Ein wichtiger Faktor sind dabei die hierarchischen und von Abh\u00e4ngigkeit gepr\u00e4gten Hochschulstrukturen.<\/p>\n\n\n\n<p>Die Autorinnen pl\u00e4dieren daf\u00fcr, strukturelle und diskursive Hindernisse zu erforschen, die trotz der institutionellen Einbettung weiterhin zu einer Tabuisierung von sexualisierter Gewalt an der Hochschule f\u00fchren oder diese beg\u00fcnstigen. Dieses Wissen kann helfen, sexualisierte Gewalt an Hochschulen wirksam zu adressieren und zu bek\u00e4mpfen.<\/p>\n\n\n\n<p><a href=\"https:\/\/opengenderjournal.de\/article\/view\/120\/65\" target=\"_blank\" rel=\"noreferrer noopener\">Sch\u00fcz, Hannah-Sophie\/Pantelmann, Heike\/W\u00e4lty, Tanja\/Lawrenz, Nina (2021): Der universit\u00e4re Umgang mit sexualisierter Diskriminierung und Gewalt. Eine Bestandsaufnahme. In: Open Gender Journal (2021). doi: 10.17169\/ogj.2021.120.<\/a><\/p>\n","protected":false},"excerpt":{"rendered":"<p>Sexualisierte Bel\u00e4stigung, Diskriminierung und Gewalt sind \u00fcberall in der Gesellschaft zu finden. Oft wird angenommen, Hochschulen als Orte der Bildung und Wissenschaft seien frei davon. Aber trifft das zu? Hannah-Sophie Sch\u00fcz, Heike Pantelmann, Tanja W\u00e4lty und Nina Lawrenz vom Margherita-von-Brentano-Zentrum sind dem in einem Beitrag zum Open Gender Journal nachgegangen.<\/p>\n","protected":false},"author":3850,"featured_media":3819,"comment_status":"open","ping_status":"open","sticky":false,"template":"","format":"standard","meta":{"footnotes":""},"categories":[423935],"tags":[433140,215230,57446,437425],"class_list":["post-259","post","type-post","status-publish","format-standard","has-post-thumbnail","hentry","category-analysen","tag-sbdg","tag-gewalt","tag-geschlechterforschung","tag-belaestigung"],"_links":{"self":[{"href":"https:\/\/blogs.fu-berlin.de\/frauenbeauftragte\/wp-json\/wp\/v2\/posts\/259","targetHints":{"allow":["GET"]}}],"collection":[{"href":"https:\/\/blogs.fu-berlin.de\/frauenbeauftragte\/wp-json\/wp\/v2\/posts"}],"about":[{"href":"https:\/\/blogs.fu-berlin.de\/frauenbeauftragte\/wp-json\/wp\/v2\/types\/post"}],"author":[{"embeddable":true,"href":"https:\/\/blogs.fu-berlin.de\/frauenbeauftragte\/wp-json\/wp\/v2\/users\/3850"}],"replies":[{"embeddable":true,"href":"https:\/\/blogs.fu-berlin.de\/frauenbeauftragte\/wp-json\/wp\/v2\/comments?post=259"}],"version-history":[{"count":14,"href":"https:\/\/blogs.fu-berlin.de\/frauenbeauftragte\/wp-json\/wp\/v2\/posts\/259\/revisions"}],"predecessor-version":[{"id":6183,"href":"https:\/\/blogs.fu-berlin.de\/frauenbeauftragte\/wp-json\/wp\/v2\/posts\/259\/revisions\/6183"}],"wp:featuredmedia":[{"embeddable":true,"href":"https:\/\/blogs.fu-berlin.de\/frauenbeauftragte\/wp-json\/wp\/v2\/media\/3819"}],"wp:attachment":[{"href":"https:\/\/blogs.fu-berlin.de\/frauenbeauftragte\/wp-json\/wp\/v2\/media?parent=259"}],"wp:term":[{"taxonomy":"category","embeddable":true,"href":"https:\/\/blogs.fu-berlin.de\/frauenbeauftragte\/wp-json\/wp\/v2\/categories?post=259"},{"taxonomy":"post_tag","embeddable":true,"href":"https:\/\/blogs.fu-berlin.de\/frauenbeauftragte\/wp-json\/wp\/v2\/tags?post=259"}],"curies":[{"name":"wp","href":"https:\/\/api.w.org\/{rel}","templated":true}]}}