{"id":2647,"date":"2022-06-24T16:30:00","date_gmt":"2022-06-24T14:30:00","guid":{"rendered":"https:\/\/blogs.fu-berlin.de\/frauenbeauftragte\/?p=2647"},"modified":"2024-08-27T10:54:36","modified_gmt":"2024-08-27T08:54:36","slug":"gender-data-gap-day","status":"publish","type":"post","link":"https:\/\/blogs.fu-berlin.de\/frauenbeauftragte\/2022\/06\/24\/gender-data-gap-day\/","title":{"rendered":"Gender-Data-Gap-Day"},"content":{"rendered":"\n<div class=\"wp-block-media-text alignwide is-stacked-on-mobile\"><figure class=\"wp-block-media-text__media\"><img loading=\"lazy\" decoding=\"async\" width=\"1024\" height=\"682\" src=\"https:\/\/blogs.fu-berlin.de\/frauenbeauftragte\/files\/2024\/08\/Version-4-gender-data-gap-day-picture-FINAL-1-1024x682_quelle.jpg\" alt=\"\" class=\"wp-image-9351 size-full\" srcset=\"https:\/\/blogs.fu-berlin.de\/frauenbeauftragte\/files\/2024\/08\/Version-4-gender-data-gap-day-picture-FINAL-1-1024x682_quelle.jpg 1024w, https:\/\/blogs.fu-berlin.de\/frauenbeauftragte\/files\/2024\/08\/Version-4-gender-data-gap-day-picture-FINAL-1-1024x682_quelle-300x200.jpg 300w, https:\/\/blogs.fu-berlin.de\/frauenbeauftragte\/files\/2024\/08\/Version-4-gender-data-gap-day-picture-FINAL-1-1024x682_quelle-768x512.jpg 768w\" sizes=\"auto, (max-width: 709px) 85vw, (max-width: 909px) 67vw, (max-width: 1362px) 62vw, 840px\" \/><\/figure><div class=\"wp-block-media-text__content\">\n<p><strong>Vortr\u00e4ge: 01. Juli 2022 | 10-16 Uhr <\/strong><\/p>\n\n\n\n<p>Der Fachbereich Erziehungswissenschaft und Psychologie macht mit dem ersten <a href=\"https:\/\/www.ewi-psy.fu-berlin.de\/verwaltung-service\/frauenbeauftragte\/termine\/Gender-Data-Gap-Day-2022.html\" target=\"_blank\" rel=\"noreferrer noopener\">Gender-Data-Gap-Day<\/a> gender- und frauenspezifische Forschung sichtbar, zeigt die Problematik von Datenl\u00fccken und die Bedeutung der Kategorien Gender und Sex in der Forschungspraxis auf.<\/p>\n\n\n\n<!--more-->\n<\/div><\/div>\n\n\n\n<p>Der erste Gender-Data-Gap-Day am Fachbereich Erziehungswissenschaft und Psychologie m\u00f6chte die Relevanz von gender- und frauenspezifischer Forschung f\u00fcr die Psychologie und Erziehungswissenschaft aufzeigen und die Vernetzung von Forscher*innen und Studierenden st\u00e4rken, auch um zuk\u00fcnftige Qualifikationsarbeiten in diesen Bereichen zu f\u00f6rdern.<\/p>\n\n\n\n<p>Eingeladen sind alle Nachwuchswissenschaftler*innen des Fachbereichs Erziehungswissenschaft und Psychologie, die sich f\u00fcr genderbezogene und gendersensible Forschung interessieren.<\/p>\n\n\n<div class=\"wp-block-image\">\n<figure class=\"alignright size-medium\"><img loading=\"lazy\" decoding=\"async\" width=\"300\" height=\"174\" src=\"https:\/\/blogs.fu-berlin.de\/frauenbeauftragte\/files\/2022\/06\/Logo-FB-Erziehungswissenschaften-1-300x174.png\" alt=\"\" class=\"wp-image-2682\" srcset=\"https:\/\/blogs.fu-berlin.de\/frauenbeauftragte\/files\/2022\/06\/Logo-FB-Erziehungswissenschaften-1-300x174.png 300w, https:\/\/blogs.fu-berlin.de\/frauenbeauftragte\/files\/2022\/06\/Logo-FB-Erziehungswissenschaften-1-768x444.png 768w, https:\/\/blogs.fu-berlin.de\/frauenbeauftragte\/files\/2022\/06\/Logo-FB-Erziehungswissenschaften-1.png 992w\" sizes=\"auto, (max-width: 300px) 85vw, 300px\" \/><\/figure><\/div>\n\n\n<p>Auf dem <a rel=\"noreferrer noopener\" href=\"https:\/\/www.ewi-psy.fu-berlin.de\/einrichtungen\/verwaltung\/frauenbeauftragte\/_inhaltselemente\/gleichstellung-frauenfoerderung\/Ressourcenordner-Wissenschaftliche-Laufbahn\/Gender-Data-Gap-Day-2022-Programm_1_1.pdf\" target=\"_blank\">Programm<\/a> des Gender-Data-Gap-Day stehen Vortr\u00e4ge, Projektvorstellungen und ein \u201eMarkt der M\u00f6glichkeiten\u201c mit einer gro\u00dfen Auswahl an Themen. Dazu z\u00e4hlen die Bedeutung der Kategorien Gender und Sex in der psychologischen Forschung, der Gender-Data-Gap in der klinisch-psychologischen Forschung, Erfahrungen und Lebenslagen ungewollt Schwangerer oder Depressionen und Stress im Menstruationszyklus.<\/p>\n\n\n\n<p>Der Gender-Data-Gap-Day  ist eine Ma\u00dfnahme im Rahmen der Umsetzung des <a rel=\"noreferrer noopener\" href=\"https:\/\/www.ewi-psy.fu-berlin.de\/einrichtungen\/verwaltung\/frauenbeauftragte\/_inhaltselemente\/gleichstellung-frauenfoerderung\/A16-2021_Frauenfoerderplan_2022_23_FBErzWiss_Endversion.pdf\" target=\"_blank\">Frauenf\u00f6rderplans 2022\/2023 des Fachbereichs Erziehungswissenschaft und Psychologie<\/a> und wird von der Frauenbeauftragten und der Kommission Frauenf\u00f6rderplan des Fachbereichs veranstaltet.<\/p>\n\n\n\n<ul class=\"wp-block-list\"><li><strong>Zeit:<\/strong>\u00a001.07.2022, 10:00 s.t.-16:00 Uhr<\/li><li><strong>Ort:<\/strong>\u00a0<a rel=\"noreferrer noopener\" href=\"https:\/\/www.fu-berlin.de\/sites\/eas\/herug\/veranstaltungen\/HERUG_09\/Lageplan_Seminarzentrum.html\" target=\"_blank\">Seminarzentrum<\/a>, Silberlaube EG, Raum L 115, Otto-von-Simson-Str. 26, 14195 Berlin<\/li><li><strong><a rel=\"noreferrer noopener\" href=\"https:\/\/ww3.unipark.de\/uc\/Anmeld_Gender_Data_Gap_Day\/ospe.php?SES=83db6ded4ff1d923add9e824bba54924&amp;syid=934018&amp;sid=934019&amp;act=start\" target=\"_blank\">Anmeldung<\/a><\/strong><\/li><\/ul>\n\n\n\n<p class=\"has-medium-font-size\">Programm<\/p>\n\n\n\n<div data-wp-interactive=\"core\/file\" class=\"wp-block-file\"><object data-wp-bind--hidden=\"!state.hasPdfPreview\" hidden class=\"wp-block-file__embed\" data=\"https:\/\/blogs.fu-berlin.de\/frauenbeauftragte\/files\/2024\/08\/Gender-Data-Gap-Day-2022-Programm_1_1.pdf\" type=\"application\/pdf\" style=\"width:100%;height:600px\" aria-label=\"Einbettung von Einbettung von Gender-Data-Gap-Day-2022-Programm_1_1..\"><\/object><a id=\"wp-block-file--media-c9c87c61-27e5-41e6-b51c-465165e09a7f\" href=\"https:\/\/blogs.fu-berlin.de\/frauenbeauftragte\/files\/2024\/08\/Gender-Data-Gap-Day-2022-Programm_1_1.pdf\">Gender-Data-Gap-Day-2022-Programm_1_1<\/a><a href=\"https:\/\/blogs.fu-berlin.de\/frauenbeauftragte\/files\/2024\/08\/Gender-Data-Gap-Day-2022-Programm_1_1.pdf\" class=\"wp-block-file__button\" download aria-describedby=\"wp-block-file--media-c9c87c61-27e5-41e6-b51c-465165e09a7f\">Herunterladen<\/a><\/div>\n","protected":false},"excerpt":{"rendered":"<p>Vortr\u00e4ge: 01. Juli 2022 | 10-16 Uhr Der Fachbereich Erziehungswissenschaft und Psychologie macht mit dem ersten Gender-Data-Gap-Day gender- und frauenspezifische Forschung sichtbar, zeigt die Problematik von Datenl\u00fccken und die Bedeutung der Kategorien Gender und Sex in der Forschungspraxis auf.<\/p>\n","protected":false},"author":6410,"featured_media":9351,"comment_status":"open","ping_status":"open","sticky":false,"template":"","format":"standard","meta":{"footnotes":""},"categories":[428608],"tags":[433674,57446,233545],"class_list":["post-2647","post","type-post","status-publish","format-standard","has-post-thumbnail","hentry","category-informiert","tag-genderkompetenz","tag-geschlechterforschung","tag-studierende"],"_links":{"self":[{"href":"https:\/\/blogs.fu-berlin.de\/frauenbeauftragte\/wp-json\/wp\/v2\/posts\/2647","targetHints":{"allow":["GET"]}}],"collection":[{"href":"https:\/\/blogs.fu-berlin.de\/frauenbeauftragte\/wp-json\/wp\/v2\/posts"}],"about":[{"href":"https:\/\/blogs.fu-berlin.de\/frauenbeauftragte\/wp-json\/wp\/v2\/types\/post"}],"author":[{"embeddable":true,"href":"https:\/\/blogs.fu-berlin.de\/frauenbeauftragte\/wp-json\/wp\/v2\/users\/6410"}],"replies":[{"embeddable":true,"href":"https:\/\/blogs.fu-berlin.de\/frauenbeauftragte\/wp-json\/wp\/v2\/comments?post=2647"}],"version-history":[{"count":26,"href":"https:\/\/blogs.fu-berlin.de\/frauenbeauftragte\/wp-json\/wp\/v2\/posts\/2647\/revisions"}],"predecessor-version":[{"id":9356,"href":"https:\/\/blogs.fu-berlin.de\/frauenbeauftragte\/wp-json\/wp\/v2\/posts\/2647\/revisions\/9356"}],"wp:featuredmedia":[{"embeddable":true,"href":"https:\/\/blogs.fu-berlin.de\/frauenbeauftragte\/wp-json\/wp\/v2\/media\/9351"}],"wp:attachment":[{"href":"https:\/\/blogs.fu-berlin.de\/frauenbeauftragte\/wp-json\/wp\/v2\/media?parent=2647"}],"wp:term":[{"taxonomy":"category","embeddable":true,"href":"https:\/\/blogs.fu-berlin.de\/frauenbeauftragte\/wp-json\/wp\/v2\/categories?post=2647"},{"taxonomy":"post_tag","embeddable":true,"href":"https:\/\/blogs.fu-berlin.de\/frauenbeauftragte\/wp-json\/wp\/v2\/tags?post=2647"}],"curies":[{"name":"wp","href":"https:\/\/api.w.org\/{rel}","templated":true}]}}