{"id":2695,"date":"2022-07-01T14:12:58","date_gmt":"2022-07-01T12:12:58","guid":{"rendered":"https:\/\/blogs.fu-berlin.de\/frauenbeauftragte\/?p=2695"},"modified":"2023-07-17T10:38:51","modified_gmt":"2023-07-17T08:38:51","slug":"konferenz-des-netzwerks-gender-stem","status":"publish","type":"post","link":"https:\/\/blogs.fu-berlin.de\/frauenbeauftragte\/2022\/07\/01\/konferenz-des-netzwerks-gender-stem\/","title":{"rendered":"Konferenz des Netzwerks Gender &amp; STEM"},"content":{"rendered":"\n<div class=\"wp-block-media-text alignwide is-stacked-on-mobile\"><figure class=\"wp-block-media-text__media\"><img loading=\"lazy\" decoding=\"async\" width=\"360\" height=\"175\" src=\"https:\/\/blogs.fu-berlin.de\/frauenbeauftragte\/files\/2022\/06\/csm_STEMLogo_RGB_LR_fbc266e608.jpg\" alt=\"\" class=\"wp-image-2696 size-full\" srcset=\"https:\/\/blogs.fu-berlin.de\/frauenbeauftragte\/files\/2022\/06\/csm_STEMLogo_RGB_LR_fbc266e608.jpg 360w, https:\/\/blogs.fu-berlin.de\/frauenbeauftragte\/files\/2022\/06\/csm_STEMLogo_RGB_LR_fbc266e608-300x146.jpg 300w\" sizes=\"auto, (max-width: 360px) 85vw, 360px\" \/><\/figure><div class=\"wp-block-media-text__content\">\n<p><strong>Anmeldeschluss: 12. Juli 2022<\/strong> Was zeichnet Personen aus, die in MINT einsteigen, wer bleibt und wer verl\u00e4sst MINT und welche organisationalen Aspekte tragen dazu bei? Wie kann Diversit\u00e4t am Arbeitsplatz dazu motivieren, eine MINT-Karriere zu verfolgen? Diesen Fragen geht die <a rel=\"noreferrer noopener\" href=\"https:\/\/www.unibw.de\/gst2022-en\" target=\"_blank\">6. Konferenz des Netzwerks Gender &amp; STEM<\/a> zum Thema \u201eWho comes, who stays, who goes and why?\u201c nach. <\/p>\n\n\n\n<!--more-->\n<\/div><\/div>\n\n\n\n<p>Die 6. Konferenz des Netzwerks Gender &amp; STEM zum Thema \u201eSticking with STEM: Who comes, who stays, who goes and why?\u201c findet vom 20. bis 23. Juli 2022 an der Universit\u00e4t der Bundeswehr M\u00fcnchen statt. Sie bringt Forschende, P\u00e4dagoginnen und P\u00e4dagogen, politische Entscheidungstr\u00e4ger*innen sowie Vertreter*innen aus Wirtschaft und Industrie und eine interessierte \u00d6ffentlichkeit zusammen, um pers\u00f6nliche und kontextuelle Einfl\u00fcsse hin zu oder weg von MINT \u2013  auf verschiedenen Karrierestufen und in unterschiedlichen Kontexten \u2013 zu erkunden. Der Fokus der Konferenz liegt auf individuellen und organisationalen Faktoren der Karriereentwicklung im MINT-Bereich sowie deren Zusammenspiel. Beide Perspektiven \u2013 die  eines individuellen grundlegenden Interesses an MINT <em>und<\/em> die von Organisationen wie Schulen und Unternehmen, die den N\u00e4hrboden f\u00fcr individuelle MINT-Motivationen bilden \u2013 tragen zur pers\u00f6nlichen Karriereentwicklung bei.<\/p>\n\n\n\n<p>Highlights der Konferenz sind die <a rel=\"noreferrer noopener\" href=\"https:\/\/www.unibw.de\/home\/veranstaltungen\/superstars-of-stem\" target=\"_blank\">Podiumsdiskussion \u201eSuperstars of STEM\u201c<\/a> (hybrid), die <a rel=\"noreferrer noopener\" href=\"https:\/\/www.unibw.de\/home\/veranstaltungen\/diversity-pre-conference\" target=\"_blank\">Diversity pre-conference<\/a> (hybrid) und die Pr\u00e4senzveranstaltung auf Deutsch zu <a rel=\"noreferrer noopener\" href=\"https:\/\/www.unibw.de\/gst2022-en\/career_options_de\" target=\"_blank\">Karriereoptionen f\u00fcr MINT-Studentinnen<\/a>. Diese drei Begleitveranstaltungen richten sich auch an ein breiteres Publikum.  <\/p>\n\n\n\n<ul class=\"wp-block-list\"><li><strong>Zeit:<\/strong>&nbsp;20.07.-23.07.2022<\/li><li><strong>Ort:<\/strong><a rel=\"noreferrer noopener\" href=\"https:\/\/www.unibw.de\/home\" target=\"_blank\">&nbsp;Universit\u00e4t der Bundeswehr M\u00fcnchen<\/a>, Werner-Heisenberg-Weg 39, 85577 Neubiberg<\/li><li><strong>Kontakt:<\/strong> <a rel=\"noreferrer noopener\" href=\"mailto:genderandstem@unibw.de\" target=\"_blank\">genderandstem@unibw.de<\/a><\/li><li><strong><a rel=\"noreferrer noopener\" href=\"https:\/\/www.unibw.de\/gst2022-en\/programm_gst_2022\" target=\"_blank\">Programm<\/a><\/strong><\/li><li><strong><a rel=\"noreferrer noopener\" href=\"https:\/\/www.unibw.de\/gst2022-en\/conference\/registration\" target=\"_blank\">Anmeldung<\/a><\/strong><\/li><li>Konferenzsprache Englisch<\/li><\/ul>\n","protected":false},"excerpt":{"rendered":"<p>Anmeldeschluss: 12. Juli 2022 Was zeichnet Personen aus, die in MINT einsteigen, wer bleibt und wer verl\u00e4sst MINT und welche organisationalen Aspekte tragen dazu bei? Wie kann Diversit\u00e4t am Arbeitsplatz dazu motivieren, eine MINT-Karriere zu verfolgen? Diesen Fragen geht die 6. Konferenz des Netzwerks Gender &amp; STEM zum Thema \u201eWho comes, who stays, who goes &hellip; <a href=\"https:\/\/blogs.fu-berlin.de\/frauenbeauftragte\/2022\/07\/01\/konferenz-des-netzwerks-gender-stem\/\" class=\"more-link\"><span class=\"screen-reader-text\">\u201eKonferenz des Netzwerks Gender &amp; STEM\u201c<\/span> weiterlesen<\/a><\/p>\n","protected":false},"author":6410,"featured_media":2696,"comment_status":"open","ping_status":"open","sticky":false,"template":"","format":"standard","meta":{"footnotes":""},"categories":[428608],"tags":[423731,437124,233545],"class_list":["post-2695","post","type-post","status-publish","format-standard","has-post-thumbnail","hentry","category-informiert","tag-mintoring","tag-wissenschaftlerinnen","tag-studierende"],"_links":{"self":[{"href":"https:\/\/blogs.fu-berlin.de\/frauenbeauftragte\/wp-json\/wp\/v2\/posts\/2695","targetHints":{"allow":["GET"]}}],"collection":[{"href":"https:\/\/blogs.fu-berlin.de\/frauenbeauftragte\/wp-json\/wp\/v2\/posts"}],"about":[{"href":"https:\/\/blogs.fu-berlin.de\/frauenbeauftragte\/wp-json\/wp\/v2\/types\/post"}],"author":[{"embeddable":true,"href":"https:\/\/blogs.fu-berlin.de\/frauenbeauftragte\/wp-json\/wp\/v2\/users\/6410"}],"replies":[{"embeddable":true,"href":"https:\/\/blogs.fu-berlin.de\/frauenbeauftragte\/wp-json\/wp\/v2\/comments?post=2695"}],"version-history":[{"count":23,"href":"https:\/\/blogs.fu-berlin.de\/frauenbeauftragte\/wp-json\/wp\/v2\/posts\/2695\/revisions"}],"predecessor-version":[{"id":6502,"href":"https:\/\/blogs.fu-berlin.de\/frauenbeauftragte\/wp-json\/wp\/v2\/posts\/2695\/revisions\/6502"}],"wp:featuredmedia":[{"embeddable":true,"href":"https:\/\/blogs.fu-berlin.de\/frauenbeauftragte\/wp-json\/wp\/v2\/media\/2696"}],"wp:attachment":[{"href":"https:\/\/blogs.fu-berlin.de\/frauenbeauftragte\/wp-json\/wp\/v2\/media?parent=2695"}],"wp:term":[{"taxonomy":"category","embeddable":true,"href":"https:\/\/blogs.fu-berlin.de\/frauenbeauftragte\/wp-json\/wp\/v2\/categories?post=2695"},{"taxonomy":"post_tag","embeddable":true,"href":"https:\/\/blogs.fu-berlin.de\/frauenbeauftragte\/wp-json\/wp\/v2\/tags?post=2695"}],"curies":[{"name":"wp","href":"https:\/\/api.w.org\/{rel}","templated":true}]}}