{"id":2747,"date":"2022-07-08T11:00:00","date_gmt":"2022-07-08T09:00:00","guid":{"rendered":"https:\/\/blogs.fu-berlin.de\/frauenbeauftragte\/?p=2747"},"modified":"2023-07-21T12:07:33","modified_gmt":"2023-07-21T10:07:33","slug":"sommeruniversitaet-frauen-in-der-informatik","status":"publish","type":"post","link":"https:\/\/blogs.fu-berlin.de\/frauenbeauftragte\/2022\/07\/08\/sommeruniversitaet-frauen-in-der-informatik\/","title":{"rendered":"Informatik-Sommeruniversit\u00e4t f\u00fcr Frauen"},"content":{"rendered":"\n<div class=\"wp-block-media-text alignwide is-stacked-on-mobile\"><figure class=\"wp-block-media-text__media\"><img loading=\"lazy\" decoding=\"async\" width=\"1000\" height=\"600\" src=\"https:\/\/blogs.fu-berlin.de\/frauenbeauftragte\/files\/2023\/07\/informatica_belinale_Logo.jpg\" alt=\"\" class=\"wp-image-6456 size-full\" srcset=\"https:\/\/blogs.fu-berlin.de\/frauenbeauftragte\/files\/2023\/07\/informatica_belinale_Logo.jpg 1000w, https:\/\/blogs.fu-berlin.de\/frauenbeauftragte\/files\/2023\/07\/informatica_belinale_Logo-300x180.jpg 300w, https:\/\/blogs.fu-berlin.de\/frauenbeauftragte\/files\/2023\/07\/informatica_belinale_Logo-768x461.jpg 768w\" sizes=\"auto, (max-width: 709px) 85vw, (max-width: 909px) 67vw, (max-width: 1362px) 62vw, 840px\" \/><\/figure><div class=\"wp-block-media-text__content\">\n<p><strong>Seminarreihe: 25.07.-05.08.2022 online &amp; 01.09.-14.09.2022 Pr\u00e4senz<\/strong> Bei der 25. internationalen <a rel=\"noreferrer noopener\" href=\"https:\/\/www.informatica-feminale.de\/\" target=\"_blank\">Informatica Feminale<\/a> an der Universit\u00e4t Bremen diskutieren Studentinnen, Wissenschaftlerinnen und Expertinnen der Informatik  Grundlagen und Spezialthemen ihres Faches. Willkommen sind auch Studentinnen anderer F\u00e4cher und IT-Einsteigerinnen.<\/p>\n\n\n\n<!--more-->\n<\/div><\/div>\n\n\n\n<p>Die Informatica Feminale \u2013 Sommeruniversit\u00e4t f\u00fcr Frauen in der Informatik  versteht sich als Ort des Experimentierens, um neue Impulse in das Informatikstudium zu bringen. Angeboten werden insgesamt \u00fcber 60 Lehrveranstaltungen. Neben dem Lehrangebot bietet die Informatica Feminale ein Dozentinnenprogramm. Dar\u00fcber hinaus l\u00e4dt sie zum Netzwerken sowie zum fachlichen und pers\u00f6nlichen Austausch \u00fcber Studien- und Berufsalltag ein. Anl\u00e4sslich des Jubil\u00e4ums ist f\u00fcr die Pr\u00e4senz-Veranstaltung ein Rahmenprogramm mit Vortr\u00e4gen und Diskussionen geplant. Die <a href=\"https:\/\/www.informatica-feminale.de\/re\/de\/Anmeldung.php\" target=\"_blank\" rel=\"noreferrer noopener\">kostenfreien Online-Kurse<\/a> sind bereits auf der Anmeldeseite ver\u00f6ffentlicht; das Programm der Pr\u00e4senzphase folgt in K\u00fcrze.<\/p>\n\n\n\n<p>Unter den Online-Lehrveranstaltungen befinden sich klassische Informatikthemen wie Programmiersprachen, Big Data, Kryptographie, Datenschutz und Datensicherheit. Daneben stehen auch interdisziplin\u00e4re Themen auf dem Programm, etwa Nachhaltigkeit im Prozessmanagement, Software-Entwicklung in der Medizin oder Diskriminierung durch Algorithmen unter dem Titel: &#8222;Wie wir Maschinen beibringen, sexistisch zu sein  <strong>\u2013<\/strong> Ursachen, Probleme und Folgen von Diskriminierung durch Maschinelles Lernen\/KI.\u201c Das Dozentinnenprogramm umfasst Themen wie interaktive Online-Lehre, Antidiskriminierung und Diskriminierungsschutz und eine Einf\u00fchrung in die feministische Wissenschafts- und Technikforschung unter dem Titel &#8222;Warum Technik nie neutral ist.&#8220; <\/p>\n\n\n\n<p>Die Informatica Feminale findet seit 1997 j\u00e4hrlich an der Universit\u00e4t Bremen statt und ist inzwischen regul\u00e4rer Bestandteil des dortigen Informatikstudiums. Veranstaltet wird sie vom <a rel=\"noreferrer noopener\" href=\"https:\/\/www.meta.uni-bremen.de\/\" target=\"_blank\">Kompetenzzentrum Frauen in Naturwissenschaft und Technik der Universit\u00e4t Bremen<\/a>. Ziel der Sommeruniversit\u00e4t ist die nachhaltige fachliche Einbindung von Informatikerinnen und Fachfrauen im IT-Bereich. Sie soll dazu beitragen, die Anzahl von Studentinnen und Absolventinnen mit Informatikausrichtung zu erh\u00f6hen, mehr weibliche Lehrende zu gewinnen, Studentinnen mit Fachfrauen zu vernetzen und beim \u00dcbergang vom Studium zum Beruf zu unterst\u00fctzen.<\/p>\n\n\n\n<hr class=\"wp-block-separator has-alpha-channel-opacity\" \/>\n\n\n\n<p><strong>Informatica Feminale<\/strong><\/p>\n\n\n\n<ul class=\"wp-block-list\"><li><strong>Zeit:<\/strong> 25.07.-05.08.2022 online, 01.09.-14.09.2022 in Pr\u00e4senz &nbsp;<\/li><li><strong>Ort:<\/strong>&nbsp;<a rel=\"noreferrer noopener\" href=\"https:\/\/www.uni-bremen.de\/\" target=\"_blank\">Universit\u00e4t Bremen<\/a>, Bibliothekstra\u00dfe 1, 28359 Bremen<\/li><li><strong>Kontakt:<\/strong> Tel.: +49 (0)421 \/ 218 \u2013 64469; E-Mail: <a href=\"mailto:if@informatica-feminale.de?Subject=Informatica Feminale\" target=\"_blank\" rel=\"noreferrer noopener\">if@informatica-feminale.de<\/a><\/li><li><a rel=\"noreferrer noopener\" href=\"https:\/\/www.informatica-feminale.de\/re\/de\/Anmeldung.php\" data-type=\"URL\" data-id=\"https:\/\/www.informatica-feminale.de\/re\/de\/Anmeldung.php\" target=\"_blank\"><strong>Programm<\/strong> und <strong>Anmeldung<\/strong><\/a><\/li><\/ul>\n\n\n\n<hr class=\"wp-block-separator has-alpha-channel-opacity\" \/>\n","protected":false},"excerpt":{"rendered":"<p>Seminarreihe: 25.07.-05.08.2022 online &amp; 01.09.-14.09.2022 Pr\u00e4senz Bei der 25. internationalen Informatica Feminale an der Universit\u00e4t Bremen diskutieren Studentinnen, Wissenschaftlerinnen und Expertinnen der Informatik Grundlagen und Spezialthemen ihres Faches. Willkommen sind auch Studentinnen anderer F\u00e4cher und IT-Einsteigerinnen.<\/p>\n","protected":false},"author":6410,"featured_media":6549,"comment_status":"open","ping_status":"open","sticky":false,"template":"","format":"standard","meta":{"footnotes":""},"categories":[428608],"tags":[423731,301208,367,433674,57446,437124,233545],"class_list":["post-2747","post","type-post","status-publish","format-standard","has-post-thumbnail","hentry","category-informiert","tag-mintoring","tag-frauenfoerderung","tag-lehre","tag-genderkompetenz","tag-geschlechterforschung","tag-wissenschaftlerinnen","tag-studierende"],"_links":{"self":[{"href":"https:\/\/blogs.fu-berlin.de\/frauenbeauftragte\/wp-json\/wp\/v2\/posts\/2747","targetHints":{"allow":["GET"]}}],"collection":[{"href":"https:\/\/blogs.fu-berlin.de\/frauenbeauftragte\/wp-json\/wp\/v2\/posts"}],"about":[{"href":"https:\/\/blogs.fu-berlin.de\/frauenbeauftragte\/wp-json\/wp\/v2\/types\/post"}],"author":[{"embeddable":true,"href":"https:\/\/blogs.fu-berlin.de\/frauenbeauftragte\/wp-json\/wp\/v2\/users\/6410"}],"replies":[{"embeddable":true,"href":"https:\/\/blogs.fu-berlin.de\/frauenbeauftragte\/wp-json\/wp\/v2\/comments?post=2747"}],"version-history":[{"count":40,"href":"https:\/\/blogs.fu-berlin.de\/frauenbeauftragte\/wp-json\/wp\/v2\/posts\/2747\/revisions"}],"predecessor-version":[{"id":6574,"href":"https:\/\/blogs.fu-berlin.de\/frauenbeauftragte\/wp-json\/wp\/v2\/posts\/2747\/revisions\/6574"}],"wp:featuredmedia":[{"embeddable":true,"href":"https:\/\/blogs.fu-berlin.de\/frauenbeauftragte\/wp-json\/wp\/v2\/media\/6549"}],"wp:attachment":[{"href":"https:\/\/blogs.fu-berlin.de\/frauenbeauftragte\/wp-json\/wp\/v2\/media?parent=2747"}],"wp:term":[{"taxonomy":"category","embeddable":true,"href":"https:\/\/blogs.fu-berlin.de\/frauenbeauftragte\/wp-json\/wp\/v2\/categories?post=2747"},{"taxonomy":"post_tag","embeddable":true,"href":"https:\/\/blogs.fu-berlin.de\/frauenbeauftragte\/wp-json\/wp\/v2\/tags?post=2747"}],"curies":[{"name":"wp","href":"https:\/\/api.w.org\/{rel}","templated":true}]}}