{"id":309,"date":"2021-10-26T08:00:00","date_gmt":"2021-10-26T06:00:00","guid":{"rendered":"https:\/\/blogs.fu-berlin.de\/frauenbeauftragte\/?p=309"},"modified":"2024-08-27T10:03:34","modified_gmt":"2024-08-27T08:03:34","slug":"geschlechterrollen-ruckwarts-in-der-pandemie","status":"publish","type":"post","link":"https:\/\/blogs.fu-berlin.de\/frauenbeauftragte\/2021\/10\/26\/geschlechterrollen-ruckwarts-in-der-pandemie\/","title":{"rendered":"Geschlechterrollen r\u00fcckw\u00e4rts in der Pandemie"},"content":{"rendered":"\n<div class=\"wp-block-media-text alignwide is-stacked-on-mobile\"><figure class=\"wp-block-media-text__media\"><img loading=\"lazy\" decoding=\"async\" width=\"1024\" height=\"682\" src=\"https:\/\/blogs.fu-berlin.de\/frauenbeauftragte\/files\/2024\/08\/home-office-gb83944102_1920-e1635158840751-1024x682_Quelle.jpg\" alt=\"\" class=\"wp-image-9312 size-full\" srcset=\"https:\/\/blogs.fu-berlin.de\/frauenbeauftragte\/files\/2024\/08\/home-office-gb83944102_1920-e1635158840751-1024x682_Quelle.jpg 1024w, https:\/\/blogs.fu-berlin.de\/frauenbeauftragte\/files\/2024\/08\/home-office-gb83944102_1920-e1635158840751-1024x682_Quelle-300x200.jpg 300w, https:\/\/blogs.fu-berlin.de\/frauenbeauftragte\/files\/2024\/08\/home-office-gb83944102_1920-e1635158840751-1024x682_Quelle-768x512.jpg 768w\" sizes=\"auto, (max-width: 709px) 85vw, (max-width: 909px) 67vw, (max-width: 1362px) 62vw, 840px\" \/><\/figure><div class=\"wp-block-media-text__content\">\n<p>Kinderbetreuung, Homeschooling und Hausarbeit werden meist von Frauen geleistet und gesellschaftlich kaum gew\u00fcrdigt. Durch pandemiebedingte Kita- und Schulschlie\u00dfungen haben westdeutsche V\u00e4ter ihre Einstellungen zur Erwerbst\u00e4tigkeit von M\u00fcttern teilweise revidiert. F\u00fchren die Pandemiema\u00dfnahmen zu R\u00fcckschritten in der Vereinbarkeit von Beruf und Familie?<\/p>\n\n\n\n<!--more-->\n<\/div><\/div>\n\n\n\n<p>Die coronabedingten Kita- und Schulschlie\u00dfungen leisten einer Retraditionalisierung der Geschlechterrollen Vorschub. Das zeigt die Studie <a href=\"https:\/\/www.iza.org\/publications\/dp\/14471\/cracking-under-pressure-gender-role-attitudes-toward-maternal-employment-in-times-of-a-pandemic\" target=\"_blank\" rel=\"noreferrer noopener\">\u201eCracking Under Pressure? Gender Role Attitudes toward Maternal Employment in Times of a Pandemic\u201c<\/a> von Mathias Huebener, Christa Katharina Spie\u00df und Gert Georg Wagner vom Deutschen Institut f\u00fcr Wirtschaftsforschung sowie Natalia Danzer, Professorin f\u00fcr empirische Wirtschaftsforschung und Gender, und Astrid Pape, Doktorandin, beide am Fachbereich Wirtschaftswissenschaft der Freien Universit\u00e4t. W\u00e4hrend vor Ausbruch der Corona-Pandemie noch rund 60 Prozent der V\u00e4ter mit jungen Kindern egalit\u00e4re Einstellungen mit Blick auf die Erwerbst\u00e4tigkeit von M\u00fcttern vertraten, waren es ein Jahr sp\u00e4ter nur noch rund 54 Prozent, also ganze zehn Prozent weniger.<\/p>\n\n\n\n<p>F\u00fcr V\u00e4ter in Westdeutschland k\u00f6nnen die Forscher*innen den R\u00fcckgang direkt und im statistisch signifikanten Sinne auf die Kita- und Schulschlie\u00dfungen zur\u00fcckf\u00fchren. F\u00fcr ostdeutsche V\u00e4ter lassen sich solche Effekte hingegen nicht nachweisen. Nicht nur habe die Pandemie dazu gef\u00fchrt, dass Aufgaben im Haushalt weniger egalit\u00e4r verteilt werden, sondern die Rollenbilder h\u00e4tten sich auch insgesamt ver\u00e4ndert \u2013 und zwar zum Nachteil der Frauen. In Westdeutschland wurde die Entwicklung hin zu egalit\u00e4ren Geschlechterrollen nicht nur gebremst, sondern sogar umgekehrt. Die Autor*innen schlussfolgern, dass Kita- und Schulschlie\u00dfungen \u00fcber die ver\u00e4nderte Aufgabenteilung in Familien hinaus langfristig die Gleichstellung von Frauen beeintr\u00e4chtigen k\u00f6nnen. Sie sollten bei k\u00fcnftigen Ma\u00dfnahmen zur Eind\u00e4mmung der Corona-Pandemie auch deshalb, soweit m\u00f6glich, vermieden werden.<\/p>\n\n\n\n<p><a href=\"https:\/\/www.diw.de\/documents\/publikationen\/73\/diw_01.c.823622.de\/21-34-1.pdf\" target=\"_blank\" rel=\"noreferrer noopener\"><em>Natalia Danzer, Mathias Huebener, Astrid Pape, C. Katharina Spie\u00df, Gert G. Wagner: Kita- und Schulschlie\u00dfungen haben bei westdeutschen V\u00e4tern Einstellung zur Erwerbst\u00e4tigkeit von M\u00fcttern ver\u00e4ndert, DIW Wochenbericht 34\/2021.<\/em><\/a><\/p>\n\n\n\n<p><a href=\"https:\/\/www.iza.org\/publications\/dp\/14471\/cracking-under-pressure-gender-role-attitudes-toward-maternal-employment-in-times-of-a-pandemic\" target=\"_blank\" rel=\"noreferrer noopener\"><em>Natalia Danzer, Mathias Huebener, Astrid Pape, C. Katharina Spiess, Nico A. Siegel, Gert G. Wagner: Cracking under Pressure? Gender Role Attitudes toward Maternal Employment in Times of a Pandemic, IZA DP No. 14471, June 2021.<\/em><\/a><\/p>\n","protected":false},"excerpt":{"rendered":"<p>Kinderbetreuung, Homeschooling und Hausarbeit werden meist von Frauen geleistet und gesellschaftlich kaum gew\u00fcrdigt. Durch pandemiebedingte Kita- und Schulschlie\u00dfungen haben westdeutsche V\u00e4ter ihre Einstellungen zur Erwerbst\u00e4tigkeit von M\u00fcttern teilweise revidiert. F\u00fchren die Pandemiema\u00dfnahmen zu R\u00fcckschritten in der Vereinbarkeit von Beruf und Familie?<\/p>\n","protected":false},"author":6410,"featured_media":9312,"comment_status":"open","ping_status":"open","sticky":false,"template":"","format":"standard","meta":{"footnotes":""},"categories":[423935],"tags":[430258,1797,237832],"class_list":["post-309","post","type-post","status-publish","format-standard","has-post-thumbnail","hentry","category-analysen","tag-vereinbarkeit","tag-familie","tag-pandemie"],"_links":{"self":[{"href":"https:\/\/blogs.fu-berlin.de\/frauenbeauftragte\/wp-json\/wp\/v2\/posts\/309","targetHints":{"allow":["GET"]}}],"collection":[{"href":"https:\/\/blogs.fu-berlin.de\/frauenbeauftragte\/wp-json\/wp\/v2\/posts"}],"about":[{"href":"https:\/\/blogs.fu-berlin.de\/frauenbeauftragte\/wp-json\/wp\/v2\/types\/post"}],"author":[{"embeddable":true,"href":"https:\/\/blogs.fu-berlin.de\/frauenbeauftragte\/wp-json\/wp\/v2\/users\/6410"}],"replies":[{"embeddable":true,"href":"https:\/\/blogs.fu-berlin.de\/frauenbeauftragte\/wp-json\/wp\/v2\/comments?post=309"}],"version-history":[{"count":9,"href":"https:\/\/blogs.fu-berlin.de\/frauenbeauftragte\/wp-json\/wp\/v2\/posts\/309\/revisions"}],"predecessor-version":[{"id":9313,"href":"https:\/\/blogs.fu-berlin.de\/frauenbeauftragte\/wp-json\/wp\/v2\/posts\/309\/revisions\/9313"}],"wp:featuredmedia":[{"embeddable":true,"href":"https:\/\/blogs.fu-berlin.de\/frauenbeauftragte\/wp-json\/wp\/v2\/media\/9312"}],"wp:attachment":[{"href":"https:\/\/blogs.fu-berlin.de\/frauenbeauftragte\/wp-json\/wp\/v2\/media?parent=309"}],"wp:term":[{"taxonomy":"category","embeddable":true,"href":"https:\/\/blogs.fu-berlin.de\/frauenbeauftragte\/wp-json\/wp\/v2\/categories?post=309"},{"taxonomy":"post_tag","embeddable":true,"href":"https:\/\/blogs.fu-berlin.de\/frauenbeauftragte\/wp-json\/wp\/v2\/tags?post=309"}],"curies":[{"name":"wp","href":"https:\/\/api.w.org\/{rel}","templated":true}]}}