{"id":323,"date":"2021-11-01T07:00:00","date_gmt":"2021-11-01T06:00:00","guid":{"rendered":"https:\/\/blogs.fu-berlin.de\/frauenbeauftragte\/?p=323"},"modified":"2023-07-19T15:08:38","modified_gmt":"2023-07-19T13:08:38","slug":"november-2021-anti-gewalt-monat","status":"publish","type":"post","link":"https:\/\/blogs.fu-berlin.de\/frauenbeauftragte\/2021\/11\/01\/november-2021-anti-gewalt-monat\/","title":{"rendered":"November 2021 ist Anti-Gewalt-Monat"},"content":{"rendered":"\n<div class=\"wp-block-media-text alignwide is-stacked-on-mobile\"><figure class=\"wp-block-media-text__media\"><img loading=\"lazy\" decoding=\"async\" width=\"1024\" height=\"683\" src=\"https:\/\/blogs.fu-berlin.de\/frauenbeauftragte\/files\/2021\/10\/SDGB_Blog_Teaser-1024x683.png\" alt=\"\" class=\"wp-image-336 size-full\" srcset=\"https:\/\/blogs.fu-berlin.de\/frauenbeauftragte\/files\/2021\/10\/SDGB_Blog_Teaser-1024x683.png 1024w, https:\/\/blogs.fu-berlin.de\/frauenbeauftragte\/files\/2021\/10\/SDGB_Blog_Teaser-300x200.png 300w, https:\/\/blogs.fu-berlin.de\/frauenbeauftragte\/files\/2021\/10\/SDGB_Blog_Teaser-768x512.png 768w, https:\/\/blogs.fu-berlin.de\/frauenbeauftragte\/files\/2021\/10\/SDGB_Blog_Teaser.png 1200w\" sizes=\"auto, (max-width: 709px) 85vw, (max-width: 909px) 67vw, (max-width: 1362px) 62vw, 840px\" \/><\/figure><div class=\"wp-block-media-text__content\">\n<p>J\u00e4hrlich am 25.11. begehen Menschen weltweit den Internationalen Tag zur Beseitigung von Gewalt gegen Frauen. Daher erkl\u00e4ren wir den November 2021 zum Anti-Gewalt-Monat und laden dazu ein, ein Zeichen f\u00fcr eine Welt frei von Gewalt gegen Frauen zu setzen \u2013 auf der Demonstration am 25. November, mit der Teilnahme an einem Empowerment-Workshop oder dem Teilen unserer Blogbeitr\u00e4ge.<\/p>\n\n\n\n<!--more-->\n<\/div><\/div>\n\n\n\n<blockquote class=\"wp-block-quote is-layout-flow wp-block-quote-is-layout-flow\"><p>\u201cWenn die ganze Welt schweigt, kann auch eine Stimme m\u00e4chtig sein.\u201d<\/p><cite>Malala Yousafzai, Aktivistin f\u00fcr die Rechte von M\u00e4dchen und Frauen in Pakistan<\/cite><\/blockquote>\n\n\n\n<p>Der Aktions- und Gedenktag geht auf die Vergewaltigung und Ermordung von Patria, Minerva und Maria Teresa Mirabal in der Dominikanischen Republik zur\u00fcck. Am 25. November 1960 wurden die drei Schwestern vom milit\u00e4rischen Geheimdienst ermordet, weil sie sich dem politischen Widerstand gegen die Trujillo-Diktatur angeschlossen hatten. In Erinnerung an das Verbrechen und die Ermordeten begingen lateinamerikanische und karibische Frauenrechtler*innen den Jahrestag rund zwanzig Jahre sp\u00e4ter erstmals als Gedenktag gegen Gewalt gegen Frauen. Ende 1999 beschloss die Generalversammlung der Vereinten Nationen, den 25. November zum \u201eInternationalen Tag zur Beseitigung von Gewalt gegen Frauen\u201c zu erkl\u00e4ren. Seitdem finden an diesem Datum weltweit j\u00e4hrlich Protest- und Aufkl\u00e4rungsaktionen gegen Gewalt gegen Frauen statt.<\/p>\n\n\n\n<p class=\"has-medium-font-size\">Aktiv werden: sich informieren<\/p>\n\n\n\n<p>Auch die Freie Universit\u00e4t ist regelm\u00e4\u00dfig dabei: In den letzten beiden Jahren fand jeweils ein universit\u00e4tsweiter Beratungstag statt. In diesem Jahr nutzen das Team Zentrale Frauenbeauftragte und die <a href=\"https:\/\/www.fu-berlin.de\/sites\/nein-heisst-nein\/kontakt\/index.html\" target=\"_blank\" rel=\"noreferrer noopener\">Arbeitsgruppe Gegen Sexualisierte Bel\u00e4stigung, Diskriminierung und Gewalt<\/a> (AG SBDG) den gesamten November, um \u00fcber sexualisierte Bel\u00e4stigung, Diskriminierung und Gewalt (SBDG) aufzukl\u00e4ren, zu informieren und daf\u00fcr zu sensibilisieren. Im Laufe des Monats werden wir in diesem Blog Daten und Fakten teilen, spannende Projekte der Freien Universit\u00e4t vorstellen und alle Universit\u00e4tsangeh\u00f6rigen dazu ermutigen, auch selbst gegen jegliche Form der Gewalt gegen Frauen aktiv zu werden. Der Umgang mit SBDG an Hochschulen, Merkmale und Erscheinungsformen von SBDG, die Bedeutung von SBDG f\u00fcr das Amt der Frauenbeauftragten, Eindr\u00fccke von der zentralen Kundgebung am 25. November \u2013 dar\u00fcber wird in den n\u00e4chsten Wochen hier zu lesen sein. <\/p>\n\n\n\n<p>Im <a href=\"https:\/\/www.fu-berlin.de\/campusleben\/campus\/2021\/211029-aktionswoche-gewalt-gegen-frauen\/index.html\" target=\"_blank\" rel=\"noreferrer noopener\">Interview mit campus.leben<\/a> erl\u00e4utert Wendy Stollberg, Gesch\u00e4ftsf\u00fchrung des AG SBDG, ausf\u00fchrlich die Idee dieses Aktionsmonats; die wichtigsten Informationen sind  geb\u00fcndelt in einer <a href=\"https:\/\/www.fu-berlin.de\/presse\/informationen\/fup\/2021\/fup_21_213-aktionsmonat-gewalt-gegen-frauen\/index.html\" target=\"_blank\" rel=\"noreferrer noopener\">Pressemitteilung<\/a> verf\u00fcgbar. Begleitet wird der Monat von Stories auf dem <a href=\"https:\/\/www.instagram.com\/fu_berlin\/\" target=\"_blank\" rel=\"noreferrer noopener\">Instagram-Account der FU<\/a>, die in einem Highlight geb\u00fcndelt sind. Weitere Informationen zum Thema SBDG und sowie zur Arbeit der AG bietet die <a href=\"https:\/\/www.fu-berlin.de\/sites\/nein-heisst-nein\/index.html\" target=\"_blank\" rel=\"noreferrer noopener\">Nein-hei\u00dft-Nein-Webseite<\/a> der Freien Universit\u00e4t. Wer Fachinformationen ben\u00f6tigt, \u00fcber das Thema forscht oder journalistisch berichtet, findet  beim aktuellen <a href=\"https:\/\/www.fu-berlin.de\/presse\/expertendienst\/aktuell\/2021\/aktionstag-gewalt-gegen-frauen.html\" target=\"_blank\" rel=\"noreferrer noopener\">Expert*innenservice<\/a> kundige Ansprechpersonen zu den Themen Gewalt gegen Frauen und sexualisierte Bel\u00e4stigung, Diskriminierung und Gewalt.<\/p>\n\n\n\n<p class=\"has-medium-font-size\">Aktiv werden: Workshops besuchen<\/p>\n\n\n\n<p>Wie k\u00f6nnen Gewalt- und Gefahrensituationen rechtzeitig erkannt werden? Wie k\u00f6nnen Grenz\u00fcberschreitungen wirksam abgewehrt werden? Wie kann eine effektive Notwehr gegen\u00fcber k\u00f6rperlichen \u00dcbergriffen aussehen? Antwort auf diese Fragen gibt ein kostenfreier Schnupper-Workshop Selbstverteidigung, offen f\u00fcr alle Studentinnen und Mitarbeiterinnen, der darauf abzielt, das Selbstvertrauen im Alltag wie auch in Ausnahmesituationen grundlegend zu st\u00e4rken.<\/p>\n\n\n\n<p><em>Schnupper-Workshop Selbstverteidigung: <\/em>Freitag, 5. November 2021, 11\u201313 Uhr, Habelschwerdter Allee 45 (Silberlaube), \u00dcbungsraum JK 26\/140 \u2013 <a rel=\"noreferrer noopener\" href=\"https:\/\/www.buchsys.de\/fu-berlin\/angebote\/aktueller_zeitraum\/_Selbstverteidigung__Frauen_.html\" target=\"_blank\">zur Anmeldung<\/a><\/p>\n\n\n\n<p>Wie kann ich mich in Auseinandersetzungen besser durchsetzen? Welche Eigenschaften und F\u00e4higkeiten geben mir die Kraft, selbstbestimmt meinen Weg zu gehen? Ein Empowerment-Workshop mit der Diplompsychologin Brigitte Reysen-Kostudis l\u00e4dt dazu ein, innere Kraftquellen zu erschlie\u00dfen und pers\u00f6nliche Ziele zu benennen. Darauf aufbauend erkunden die Teilnehmerinnen, was sie auf ihrem Weg st\u00fctzt und was ihnen hilft, mit Hindernissen umzugehen. Voraussetzung f\u00fcr die Teilnahme ist die Bereitschaft, sich auf kreative und achtsamkeitsbasierte Methoden einzulassen.<\/p>\n\n\n\n<p><em>Empowerment-Workhop<\/em>: Dienstag, 23. November 2021, 14:00\u201316:30 Uhr, online &#8211; Anmeldungen bitte per Email an <a href=\"mailto:reysen@zedat.fu-berlin.de\" target=\"_blank\" rel=\"noreferrer noopener\">reysen@zedat.fu-berlin.de<\/a><\/p>\n\n\n\n<p>Beide Angebote richten sich an FLINT-Personen, die aufgrund ihrer geschlechtlichen Identit\u00e4t diskriminiert werden, also an Frauen, Lesben, inter, nicht-bin\u00e4re und trans Personen. <\/p>\n\n\n\n<p class=\"has-medium-font-size\">Aktiv werden: Preisverleihung besuchen<\/p>\n\n\n\n<p>Seit 1995 w\u00fcrdigt die Freie Universit\u00e4t mit dem <a href=\"https:\/\/www.mvbz.fu-berlin.de\/ueber-uns\/ueber-margherita-von-brentano\/margherita-von-brentano-preis\/index.html\" target=\"_blank\" rel=\"noreferrer noopener\">Margherita-von-Brentano-Preis<\/a> alle zwei Jahre besondere Leistungen in der Gleichstellung oder der Geschlechterforschung. 2021 geht der mit 15.000 Euro dotierte Preis an das Datenbankprojekt <a href=\"https:\/\/feminizidmap.org\/de\/\" target=\"_blank\" rel=\"noreferrer noopener\">Femi(ni)zidmap<\/a>: Damit wird eine Initiative ausgezeichnet, die seit 2019 T\u00f6tungsdelikte an Frauen und M\u00e4dchen aufgrund ihres Geschlechts dokumentiert und damit zu Geschlechtergerechtigkeit in der Rechtswissenschaft beitr\u00e4gt. Die Jury betont in ihrer Begr\u00fcndung, die aus Studierenden, Wissenschaftler*innen und Aktivist*innen bestehende Gruppe leiste mit ihrem Projekt \u201ePionierarbeit\u201c auf einem Feld, das erst in j\u00fcngster Zeit in den Blickpunkt der \u00d6ffentlichkeit ger\u00fcckt sei. In der Datensammlung sieht die Jury einen wichtigen Beitrag dazu, die T\u00f6tungsdelikte aufzuarbeiten und ihnen entgegenzuwirken. <\/p>\n\n\n\n<p>Die Preisverleihung richtet das Margherita-von-Brentano-Zentrum aus. Die Laudatio h\u00e4lt Prof. Dr. Beate Rudolf, Direktorin des Deutschen Instituts f\u00fcr Menschenrechte und Margherita-von-Brentano-Preistr\u00e4gerin 2017.<\/p>\n\n\n\n<p><em>Preisverleihung: <\/em>Dienstag, 16. November 2021, 18\u201320 Uhr, Online via Webex \u2013 <a href=\"https:\/\/ssl2.cms.fu-berlin.de\/mvbz\/ueber-uns\/dokumentation-eigener-veranstaltungen\/20211116_mvb-preisverleihung_2021\/PM_registration_mvb-preisverleihung\/index.html\" target=\"_blank\" rel=\"noreferrer noopener\">zur Anmeldung<\/a><\/p>\n\n\n\n<p class=\"has-medium-font-size\">Aktiv werden: Ausstellung besuchen<\/p>\n\n\n\n<p>F\u00fcr virtuelle Besuche weiterhin ge\u00f6ffnet ist eine <a href=\"https:\/\/www.mvbz.fu-berlin.de\/ueber-uns\/dokumentation-eigener-veranstaltungen\/20200207_sbdg-aktionstag\/index.html\" target=\"_blank\" rel=\"noreferrer noopener\">Online-Ausstellung<\/a>, die Studierende des Seminars \u201e#MeToo und die Universit\u00e4t\u201c unter Leitung von Heike Pantelmann und Tanja W\u00e4lty vom Margherita-von-Brentano-Zentrum (MvBZ) im WS 2019\/20 erarbeitet haben. Die Seminargruppe analysierte sexualisierte Gewalt an der Hochschule aus einer feministischen und machtkritischen Perspektive. Mit Plakaten und Diagrammen veranschaulichen die Studierenden die asymmetrischen Machverh\u00e4ltnisse in der Hochschule, die Rechtslage, den medialen Umgang mit dem Thema und dessen gesellschaftliche Wahrnehmung. Fotos dokumentieren den <a href=\"https:\/\/www.fu-berlin.de\/campusleben\/campus\/2020\/20200513-Aktionstag-gegen-sexualisierte-Gewalt\/index.html\" target=\"_blank\" rel=\"noreferrer noopener\">Aktionstag gegen sexualisierte Bel\u00e4stigung, Diskriminierung und Gewalt an der Universit\u00e4t<\/a> des MvBZ, in dessen Rahmen die Ergebnisse im Februar 2020 pr\u00e4sentiert wurden. Neben Sachinformationen zeigt die Ausstellung mit einer \u201eW\u00e4scheleine\u201c voller pers\u00f6nlicher Erfahrungen von \u00dcbergriffen und fotografischen Eindr\u00fccken einer Protestperformance auch die emotionale Dimension des Themas.<\/p>\n\n\n\n<p class=\"has-medium-font-size\">Aktiv bleiben: auch 2022<\/p>\n\n\n\n<p>Die Auseinandersetzung mit sexualisierter Bel\u00e4stigung, Diskriminierung und Gewalt an der Freien Universit\u00e4t geht auch nach dem Anti-Gewalt-Monat weiter. Am 17. Februar 2022 findet ein Workshop f\u00fcr Besch\u00e4ftigte zum Thema <a href=\"https:\/\/veranstaltung.weiterbildung.fu-berlin.de\/Veranstaltung\/cmx60faa5e8c92cc.html\" target=\"_blank\" rel=\"noreferrer noopener\">Sexualisierte Bel\u00e4stigung, Diskriminierung und Gewalt am Arbeitsplatz \u2013 Hintergr\u00fcnde und Handlungsr\u00e4ume<\/a> statt. Das Angebot richtet sich insbesondere an Besch\u00e4ftigte mit Ausbildungs-, Qualifizierungs- und Leitungsaufgaben, in Bibliotheken, Studien- und Pr\u00fcfungsb\u00fcros. Mit Heike Pantelmann, Gesch\u00e4ftsf\u00fchrung und Frauenbeauftragte des Margherita-von-Brentano-Zentrums, und Wendy Stollberg, Referentin im Team Zentrale Frauenbeauftragte und Gesch\u00e4ftsf\u00fchrung der AG SBDG, leiten zwei Expertinnen den Workshop, die auch in der AG SBDG aktiv sind.<\/p>\n\n\n\n<hr class=\"wp-block-separator has-css-opacity\" \/>\n\n\n\n<p><\/p>\n","protected":false},"excerpt":{"rendered":"<p>J\u00e4hrlich am 25.11. begehen Menschen weltweit den Internationalen Tag zur Beseitigung von Gewalt gegen Frauen. Daher erkl\u00e4ren wir den November 2021 zum Anti-Gewalt-Monat und laden dazu ein, ein Zeichen f\u00fcr eine Welt frei von Gewalt gegen Frauen zu setzen \u2013 auf der Demonstration am 25. November, mit der Teilnahme an einem Empowerment-Workshop oder dem Teilen &hellip; <a href=\"https:\/\/blogs.fu-berlin.de\/frauenbeauftragte\/2021\/11\/01\/november-2021-anti-gewalt-monat\/\" class=\"more-link\"><span class=\"screen-reader-text\">\u201eNovember 2021 ist Anti-Gewalt-Monat\u201c<\/span> weiterlesen<\/a><\/p>\n","protected":false},"author":6431,"featured_media":3819,"comment_status":"open","ping_status":"open","sticky":false,"template":"","format":"standard","meta":{"footnotes":""},"categories":[428608],"tags":[433140,215230,433967],"class_list":["post-323","post","type-post","status-publish","format-standard","has-post-thumbnail","hentry","category-informiert","tag-sbdg","tag-gewalt","tag-nomeansno"],"_links":{"self":[{"href":"https:\/\/blogs.fu-berlin.de\/frauenbeauftragte\/wp-json\/wp\/v2\/posts\/323","targetHints":{"allow":["GET"]}}],"collection":[{"href":"https:\/\/blogs.fu-berlin.de\/frauenbeauftragte\/wp-json\/wp\/v2\/posts"}],"about":[{"href":"https:\/\/blogs.fu-berlin.de\/frauenbeauftragte\/wp-json\/wp\/v2\/types\/post"}],"author":[{"embeddable":true,"href":"https:\/\/blogs.fu-berlin.de\/frauenbeauftragte\/wp-json\/wp\/v2\/users\/6431"}],"replies":[{"embeddable":true,"href":"https:\/\/blogs.fu-berlin.de\/frauenbeauftragte\/wp-json\/wp\/v2\/comments?post=323"}],"version-history":[{"count":37,"href":"https:\/\/blogs.fu-berlin.de\/frauenbeauftragte\/wp-json\/wp\/v2\/posts\/323\/revisions"}],"predecessor-version":[{"id":6180,"href":"https:\/\/blogs.fu-berlin.de\/frauenbeauftragte\/wp-json\/wp\/v2\/posts\/323\/revisions\/6180"}],"wp:featuredmedia":[{"embeddable":true,"href":"https:\/\/blogs.fu-berlin.de\/frauenbeauftragte\/wp-json\/wp\/v2\/media\/3819"}],"wp:attachment":[{"href":"https:\/\/blogs.fu-berlin.de\/frauenbeauftragte\/wp-json\/wp\/v2\/media?parent=323"}],"wp:term":[{"taxonomy":"category","embeddable":true,"href":"https:\/\/blogs.fu-berlin.de\/frauenbeauftragte\/wp-json\/wp\/v2\/categories?post=323"},{"taxonomy":"post_tag","embeddable":true,"href":"https:\/\/blogs.fu-berlin.de\/frauenbeauftragte\/wp-json\/wp\/v2\/tags?post=323"}],"curies":[{"name":"wp","href":"https:\/\/api.w.org\/{rel}","templated":true}]}}