{"id":3281,"date":"2022-09-14T12:01:41","date_gmt":"2022-09-14T10:01:41","guid":{"rendered":"https:\/\/blogs.fu-berlin.de\/frauenbeauftragte\/?p=3281"},"modified":"2023-07-17T11:57:37","modified_gmt":"2023-07-17T09:57:37","slug":"leadership-programm-fuer-professorinnen","status":"publish","type":"post","link":"https:\/\/blogs.fu-berlin.de\/frauenbeauftragte\/2022\/09\/14\/leadership-programm-fuer-professorinnen\/","title":{"rendered":"Leadership-Programm f\u00fcr Professorinnen"},"content":{"rendered":"\n<div class=\"wp-block-media-text alignwide is-stacked-on-mobile\"><figure class=\"wp-block-media-text__media\"><img loading=\"lazy\" decoding=\"async\" width=\"1024\" height=\"681\" src=\"https:\/\/blogs.fu-berlin.de\/frauenbeauftragte\/files\/2022\/09\/BUA-Illu-final-e1663136256290-1024x681.png\" alt=\"\" class=\"wp-image-3274 size-full\" srcset=\"https:\/\/blogs.fu-berlin.de\/frauenbeauftragte\/files\/2022\/09\/BUA-Illu-final-e1663136256290-1024x681.png 1024w, https:\/\/blogs.fu-berlin.de\/frauenbeauftragte\/files\/2022\/09\/BUA-Illu-final-e1663136256290-300x200.png 300w, https:\/\/blogs.fu-berlin.de\/frauenbeauftragte\/files\/2022\/09\/BUA-Illu-final-e1663136256290-768x511.png 768w, https:\/\/blogs.fu-berlin.de\/frauenbeauftragte\/files\/2022\/09\/BUA-Illu-final-e1663136256290-1536x1022.png 1536w, https:\/\/blogs.fu-berlin.de\/frauenbeauftragte\/files\/2022\/09\/BUA-Illu-final-e1663136256290-1200x799.png 1200w, https:\/\/blogs.fu-berlin.de\/frauenbeauftragte\/files\/2022\/09\/BUA-Illu-final-e1663136256290.png 1614w\" sizes=\"auto, (max-width: 709px) 85vw, (max-width: 909px) 67vw, (max-width: 1362px) 62vw, 840px\" \/><\/figure><div class=\"wp-block-media-text__content\">\n<p><strong>Anmeldefrist: 30. September 2022<\/strong> \u201eDas Leadership-Programm ist eine gro\u00dfartige Gelegenheit, mit Kolleginnen aus anderen F\u00e4chern mit anderen Erfahrungen und anderen Teamkonstellationen zusammenzukommen und sich auszutauschen\u201c, bilanziert Kirstin Drenkhahn, Professorin f\u00fcr Strafrecht und Kriminologie an der FU und Programmteilnehmerin 2022.<\/p>\n\n\n\n<!--more-->\n<\/div><\/div>\n\n\n\n<p>Im Januar 2023 startet der dritte Durchgang des <a rel=\"noreferrer noopener\" href=\"https:\/\/frauenbeauftragte.hu-berlin.de\/de\/foerderung\/professorinnen\/leadership\/leadership\" target=\"_blank\">Leadership-Programms f\u00fcr Professorinnen<\/a>. Anmeldungen sind ab sofort m\u00f6glich. Das Thema der einj\u00e4hrigen Fortbildung ist F\u00fchrung in der Wissenschaft. Angeboten wird das Fortbildungsprogramm von der Humboldt-Universit\u00e4t zu Berlin im Rahmen der <a href=\"https:\/\/www.berlin-university-alliance.de\/commitments\/promoting-talent\/bla\/index.html\" target=\"_blank\" rel=\"noreferrer noopener\">Berlin Leadership Academy <\/a>der Berlin University Alliance (BUA) f\u00fcr Wissenschaftlerinnen aller Verbundpartnerinnen.<\/p>\n\n\n<div class=\"wp-block-image\">\n<figure class=\"alignright size-full is-resized\"><img loading=\"lazy\" decoding=\"async\" src=\"https:\/\/blogs.fu-berlin.de\/frauenbeauftragte\/files\/2022\/09\/image.png\" alt=\"\" class=\"wp-image-3265\" width=\"175\" height=\"210\" srcset=\"https:\/\/blogs.fu-berlin.de\/frauenbeauftragte\/files\/2022\/09\/image.png 350w, https:\/\/blogs.fu-berlin.de\/frauenbeauftragte\/files\/2022\/09\/image-250x300.png 250w\" sizes=\"auto, (max-width: 175px) 85vw, 175px\" \/><figcaption><em>Professorin Dr. Kirstin Drenkhahn, Fachbereich Rechtswissenschaft der FU<\/em>. Foto: privat<\/figcaption><\/figure><\/div>\n\n\n<p>Zwei Professorinnen der Freien Universit\u00e4t, die am ersten bzw. zweiten Durchgang teilgenommen haben, berichten von ihren Eindr\u00fccken und Erfahrungen aus dem Leadership-Programm. Das Angebot sollte jede Professorin \u201eunbedingt nutzen\u201c, meint Kirstin Drenkhahn, \u201eegal, ob sie glaubt oder nicht, dass sie gerade Rat bei ihren F\u00fchrungsaufgaben braucht\u201c. Das Programm bietet die M\u00f6glichkeit, Kompetenzen als F\u00fchrungskraft zu st\u00e4rken und professionelle Netzwerke auszubauen \u2013 in Workshops, durch Einzelcoachings oder F\u00fchrungsstilanalyse. Es richtet sich an unbefristet besch\u00e4ftigte Professorinnen, die sich aufgrund ihrer T\u00e4tigkeit bereits in einer verantwortungsvollen Position befinden und ihre individuellen Kompetenzen als F\u00fchrungskraft erweitern und st\u00e4rken wollen. <\/p>\n\n\n\n<p class=\"has-medium-font-size\">Professionelles Netzwerken gelungen<\/p>\n\n\n<div class=\"wp-block-image\">\n<figure class=\"alignright size-full is-resized\"><img loading=\"lazy\" decoding=\"async\" src=\"https:\/\/blogs.fu-berlin.de\/frauenbeauftragte\/files\/2022\/09\/thoene-reineke.Foto_-1-e1663253107503.jpg\" alt=\"\" class=\"wp-image-3310\" width=\"175\" height=\"197\" srcset=\"https:\/\/blogs.fu-berlin.de\/frauenbeauftragte\/files\/2022\/09\/thoene-reineke.Foto_-1-e1663253107503.jpg 350w, https:\/\/blogs.fu-berlin.de\/frauenbeauftragte\/files\/2022\/09\/thoene-reineke.Foto_-1-e1663253107503-267x300.jpg 267w\" sizes=\"auto, (max-width: 175px) 85vw, 175px\" \/><figcaption>Professorin am Fachbereich Veterin\u00e4rmedizin der FU: Dr. med. vet. Christa Th\u00f6ne-Reineke. Foto: Kopf und Kragen Fotografie<\/figcaption><\/figure><\/div>\n\n\n<p>Das einj\u00e4hrige Programm besteht aus Workshops, Einzelcoachings und Netzwerkveranstaltungen. In jedem Durchgang sind drei Pl\u00e4tze f\u00fcr Professorinnen der Freien Universit\u00e4t verf\u00fcgbar. Christa Th\u00f6ne-Reineke war 2021 eine davon. Sie ist Professorin am Fachbereich Veterin\u00e4rmedizin und f\u00fcr sie war das Leadership-Programm f\u00fcr Professorinnen \u201eeine tolle Erfahrung und Bereicherung. Neben dem sehr guten Angebot an Workshops und Coachings war vor allem der Austausch mit Professorinnen aus anderen F\u00e4chern von anderen Hochschulen sehr bereichernd und hilfreich.\u201c Ein wichtiges Instrument sei die kollegiale Beratung, sagt Th\u00f6ne-Reineke. Dabei werde darauf geachtet, dass die Teilnehmerinnen nicht aus demselben Fachbereich kommen oder in einem Konkurrenzverh\u00e4ltnis stehen. \u201eDas hat bei uns dazu gef\u00fchrt, dass es zu einem vertrauensvollen, offenen und guten Austausch in der Gruppe kam. Unsere Gruppe bleibt \u00fcber das Programmende hinaus in Kontakt und Austausch.\u201c<\/p>\n\n\n\n<p>Aufgrund der hohen Nachfrage werden Anmeldungen voraussichtlich auf die Warteliste f\u00fcr den Durchgang 2024 gesetzt.  <\/p>\n\n\n\n<ul class=\"wp-block-list\"><li><strong><strong><a href=\"https:\/\/www.berlin-university-alliance.de\/bla\/flaggschiffprogramme\/hu\/index.html\" target=\"_blank\" rel=\"noreferrer noopener\">Weitere Informationen<\/a><\/strong><\/strong><\/li><li><strong><strong><a rel=\"noreferrer noopener\" href=\"https:\/\/frauenbeauftragte.hu-berlin.de\/de\/foerderung\/professorinnen\/leadership\/flyer\/view\" target=\"_blank\">Flyer<\/a><\/strong><\/strong><\/li><li><strong><strong><a rel=\"noreferrer noopener\" href=\"https:\/\/frauenbeauftragte.hu-berlin.de\/de\/foerderung\/professorinnen\/leadership\/anmeldung_2023\" target=\"_blank\">Anmeldung<\/a> <\/strong><\/strong><\/li><li><strong><strong>Kontakt:<\/strong> <strong><a rel=\"noreferrer noopener\" href=\"https:\/\/www.berlin-university-alliance.de\/bla\/ueber-uns\/team\/referentinnen\/clara-stecklum.html\" target=\"_blank\">Clara Stecklum<\/a><\/strong>, Humboldt-Universit\u00e4t zu Berlin, Tel.: 030 \u2013 2093 12838<\/strong><\/li><\/ul>\n\n\n\n<hr class=\"wp-block-separator has-alpha-channel-opacity\" \/>\n","protected":false},"excerpt":{"rendered":"<p>Anmeldefrist: 30. September 2022 \u201eDas Leadership-Programm ist eine gro\u00dfartige Gelegenheit, mit Kolleginnen aus anderen F\u00e4chern mit anderen Erfahrungen und anderen Teamkonstellationen zusammenzukommen und sich auszutauschen\u201c, bilanziert Kirstin Drenkhahn, Professorin f\u00fcr Strafrecht und Kriminologie an der FU und Programmteilnehmerin 2022.<\/p>\n","protected":false},"author":6410,"featured_media":3274,"comment_status":"open","ping_status":"open","sticky":false,"template":"","format":"standard","meta":{"footnotes":""},"categories":[428608],"tags":[301208,437124,306],"class_list":["post-3281","post","type-post","status-publish","format-standard","has-post-thumbnail","hentry","category-informiert","tag-frauenfoerderung","tag-wissenschaftlerinnen","tag-weiterbildung"],"_links":{"self":[{"href":"https:\/\/blogs.fu-berlin.de\/frauenbeauftragte\/wp-json\/wp\/v2\/posts\/3281","targetHints":{"allow":["GET"]}}],"collection":[{"href":"https:\/\/blogs.fu-berlin.de\/frauenbeauftragte\/wp-json\/wp\/v2\/posts"}],"about":[{"href":"https:\/\/blogs.fu-berlin.de\/frauenbeauftragte\/wp-json\/wp\/v2\/types\/post"}],"author":[{"embeddable":true,"href":"https:\/\/blogs.fu-berlin.de\/frauenbeauftragte\/wp-json\/wp\/v2\/users\/6410"}],"replies":[{"embeddable":true,"href":"https:\/\/blogs.fu-berlin.de\/frauenbeauftragte\/wp-json\/wp\/v2\/comments?post=3281"}],"version-history":[{"count":18,"href":"https:\/\/blogs.fu-berlin.de\/frauenbeauftragte\/wp-json\/wp\/v2\/posts\/3281\/revisions"}],"predecessor-version":[{"id":6508,"href":"https:\/\/blogs.fu-berlin.de\/frauenbeauftragte\/wp-json\/wp\/v2\/posts\/3281\/revisions\/6508"}],"wp:featuredmedia":[{"embeddable":true,"href":"https:\/\/blogs.fu-berlin.de\/frauenbeauftragte\/wp-json\/wp\/v2\/media\/3274"}],"wp:attachment":[{"href":"https:\/\/blogs.fu-berlin.de\/frauenbeauftragte\/wp-json\/wp\/v2\/media?parent=3281"}],"wp:term":[{"taxonomy":"category","embeddable":true,"href":"https:\/\/blogs.fu-berlin.de\/frauenbeauftragte\/wp-json\/wp\/v2\/categories?post=3281"},{"taxonomy":"post_tag","embeddable":true,"href":"https:\/\/blogs.fu-berlin.de\/frauenbeauftragte\/wp-json\/wp\/v2\/tags?post=3281"}],"curies":[{"name":"wp","href":"https:\/\/api.w.org\/{rel}","templated":true}]}}