{"id":3637,"date":"2022-10-28T13:02:34","date_gmt":"2022-10-28T11:02:34","guid":{"rendered":"https:\/\/blogs.fu-berlin.de\/frauenbeauftragte\/?p=3637"},"modified":"2023-07-17T12:01:28","modified_gmt":"2023-07-17T10:01:28","slug":"erc-grants-impulse-zur-antragstellung","status":"publish","type":"post","link":"https:\/\/blogs.fu-berlin.de\/frauenbeauftragte\/2022\/10\/28\/erc-grants-impulse-zur-antragstellung\/","title":{"rendered":"ERC Grants: Impulse zur Antragstellung"},"content":{"rendered":"\n<div class=\"wp-block-media-text alignwide is-stacked-on-mobile\"><figure class=\"wp-block-media-text__media\"><img loading=\"lazy\" decoding=\"async\" width=\"1019\" height=\"676\" src=\"https:\/\/blogs.fu-berlin.de\/frauenbeauftragte\/files\/2022\/06\/teaser.jpg\" alt=\"\" class=\"wp-image-2507 size-full\" srcset=\"https:\/\/blogs.fu-berlin.de\/frauenbeauftragte\/files\/2022\/06\/teaser.jpg 1019w, https:\/\/blogs.fu-berlin.de\/frauenbeauftragte\/files\/2022\/06\/teaser-300x199.jpg 300w, https:\/\/blogs.fu-berlin.de\/frauenbeauftragte\/files\/2022\/06\/teaser-768x509.jpg 768w\" sizes=\"auto, (max-width: 709px) 85vw, (max-width: 909px) 67vw, (max-width: 1362px) 62vw, 840px\" \/><\/figure><div class=\"wp-block-media-text__content\">\n<p><strong>Webinar for female researchers: 8. November 2022<\/strong> Der Europ\u00e4ische Forschungsrat (ERC) f\u00f6rdert Forschende unterschiedlicher Karrierestufen mit seinen <a rel=\"noreferrer noopener\" href=\"https:\/\/erc.europa.eu\/funding\" target=\"_blank\">ERC Grants<\/a>. Die Forschungsabteilung der FU bietet eine Online-Veranstaltung f\u00fcr Wissenschaftlerinnen aller BUA-Verbundpartner an, um \u00fcber die renommierten EU-F\u00f6rderlinien zu informieren und Impulse zur Antragstellung zu geben.<\/p>\n\n\n\n<!--more-->\n\n\n\n<p><\/p>\n<\/div><\/div>\n\n\n\n<p><a rel=\"noreferrer noopener\" href=\"https:\/\/erc.europa.eu\/funding\/starting-grants\" target=\"_blank\">Starting Grants<\/a> und <a rel=\"noreferrer noopener\" href=\"https:\/\/erc.europa.eu\/funding\/consolidator-grants\" target=\"_blank\">Consolidator Grants<\/a>, diese ERC-F\u00f6rderma\u00dfnahmen f\u00fcr Wissenschaftler*innen zwei bis sieben bzw. sieben bis zw\u00f6lf Jahre nach der Promotion, stehen im Zentrum des Webinars in englischer Sprache, zu dem das Team Forschungsf\u00f6rderung und -information der FU Wissenschaftlerinnen aller BUA-Universit\u00e4ten einl\u00e4dt. Zu Gast in der Veranstaltung sind Tanja B\u00f6rzel, Professorin am Fachbereich Politik- und Sozialwissenschaften der FU und Mitglied des ERC Panel (Social Sciences), Elahe Haschemi Yekani, Professorin am Institut f\u00fcr Anglistik und Amerikanistik der Humboldt-Universit\u00e4t und erfolgreiche Antragsstellerin eines ERC-Starting- &amp; Consolidator Grants sowie Kristof Bertram von der <a rel=\"noreferrer noopener\" href=\"https:\/\/www.eubuero.de\/erc.htm\" target=\"_blank\">Nationalen Kontaktstelle ERC<\/a>.<\/p>\n\n\n\n<p>Die genannten ERC-Grants erm\u00f6glichen promovierten Wissenschaftler*innen, eine eigene Arbeitsgruppe aufzubauen bzw. zu konsolidieren. Mit F\u00f6rdersummen von 1,5 bzw. 2 Millionen Euro sind die Grants sehr hoch dotiert und erlauben, aufw\u00e4ndige Projekte \u00fcber bis zu f\u00fcnf Jahre durchzuf\u00fchren. Der Frauenanteil an Gef\u00f6rderten bei den Starting Grants lag 2021 europaweit bei rund 42,82 % und ist damit rund 7 Prozentpunkte h\u00f6her als im vergangenen Jahr. Erstmals wurden auch nichtbin\u00e4re Personen in der Statistik aufgef\u00fchrt, hier lag der Anteil bei 0,25 % (vgl. <a rel=\"noreferrer noopener\" href=\"https:\/\/erc.europa.eu\/sites\/default\/files\/document\/file\/erc_2021_stg_statistics.pdf\" target=\"_blank\">ERC Starting Grant 2021 Outcome<\/a>). Bei den Consolidator Grants lag der Frauenanteil an Gef\u00f6rderten bei 33,5 % und hat sich damit im Vergleich zum Vorjahr um rund 6 Prozentpunkte erh\u00f6ht (vgl. <a rel=\"noreferrer noopener\" href=\"https:\/\/erc.europa.eu\/sites\/default\/files\/document\/file\/erc_2021_cog_statistics.pdf\" target=\"_blank\">ERC Consolidator Grant 2021 Outcome<\/a>). Es gibt trotz des positiven Trends gute Gr\u00fcnde, insbesondere Wissenschaftlerinnen zu ermutigen, sich f\u00fcr die renommierte F\u00f6rderung des Europ\u00e4ischen Forschungsrats zu bewerben.<\/p>\n\n\n\n<hr class=\"wp-block-separator has-alpha-channel-opacity\" \/>\n\n\n\n<p class=\"has-medium-font-size\">Weitere Informationen und Anmeldung<\/p>\n\n\n\n<p><strong>Programm<\/strong>: <a rel=\"noreferrer noopener\" href=\"https:\/\/www.fu-berlin.de\/campusleben\/kalender\/2022\/11\/20221108-erc-grants-webinar-for-female-researchers.html\" target=\"_blank\">ERC Grants Webinar for female researchers<\/a><\/p>\n\n\n\n<p><strong>Zeit &amp; Ort<\/strong>: 08.11.2022 | 12:30 &#8211; 14:30 Uhr, Online<\/p>\n\n\n\n<p><strong>Anmeldung<\/strong> bis 4. November an <a href=\"mailto:edda.nitschke@fu-berlin.de\" target=\"_blank\" rel=\"noreferrer noopener\">edda.nitschke@fu-berlin.de<\/a><\/p>\n\n\n\n<hr class=\"wp-block-separator has-alpha-channel-opacity\" \/>\n","protected":false},"excerpt":{"rendered":"<p>Webinar for female researchers: 8. November 2022 Der Europ\u00e4ische Forschungsrat (ERC) f\u00f6rdert Forschende unterschiedlicher Karrierestufen mit seinen ERC Grants. Die Forschungsabteilung der FU bietet eine Online-Veranstaltung f\u00fcr Wissenschaftlerinnen aller BUA-Verbundpartner an, um \u00fcber die renommierten EU-F\u00f6rderlinien zu informieren und Impulse zur Antragstellung zu geben.<\/p>\n","protected":false},"author":7120,"featured_media":2507,"comment_status":"open","ping_status":"open","sticky":false,"template":"","format":"standard","meta":{"footnotes":""},"categories":[428608],"tags":[423731,301208,437124],"class_list":["post-3637","post","type-post","status-publish","format-standard","has-post-thumbnail","hentry","category-informiert","tag-mintoring","tag-frauenfoerderung","tag-wissenschaftlerinnen"],"_links":{"self":[{"href":"https:\/\/blogs.fu-berlin.de\/frauenbeauftragte\/wp-json\/wp\/v2\/posts\/3637","targetHints":{"allow":["GET"]}}],"collection":[{"href":"https:\/\/blogs.fu-berlin.de\/frauenbeauftragte\/wp-json\/wp\/v2\/posts"}],"about":[{"href":"https:\/\/blogs.fu-berlin.de\/frauenbeauftragte\/wp-json\/wp\/v2\/types\/post"}],"author":[{"embeddable":true,"href":"https:\/\/blogs.fu-berlin.de\/frauenbeauftragte\/wp-json\/wp\/v2\/users\/7120"}],"replies":[{"embeddable":true,"href":"https:\/\/blogs.fu-berlin.de\/frauenbeauftragte\/wp-json\/wp\/v2\/comments?post=3637"}],"version-history":[{"count":16,"href":"https:\/\/blogs.fu-berlin.de\/frauenbeauftragte\/wp-json\/wp\/v2\/posts\/3637\/revisions"}],"predecessor-version":[{"id":6514,"href":"https:\/\/blogs.fu-berlin.de\/frauenbeauftragte\/wp-json\/wp\/v2\/posts\/3637\/revisions\/6514"}],"wp:featuredmedia":[{"embeddable":true,"href":"https:\/\/blogs.fu-berlin.de\/frauenbeauftragte\/wp-json\/wp\/v2\/media\/2507"}],"wp:attachment":[{"href":"https:\/\/blogs.fu-berlin.de\/frauenbeauftragte\/wp-json\/wp\/v2\/media?parent=3637"}],"wp:term":[{"taxonomy":"category","embeddable":true,"href":"https:\/\/blogs.fu-berlin.de\/frauenbeauftragte\/wp-json\/wp\/v2\/categories?post=3637"},{"taxonomy":"post_tag","embeddable":true,"href":"https:\/\/blogs.fu-berlin.de\/frauenbeauftragte\/wp-json\/wp\/v2\/tags?post=3637"}],"curies":[{"name":"wp","href":"https:\/\/api.w.org\/{rel}","templated":true}]}}