{"id":364,"date":"2021-10-28T08:00:00","date_gmt":"2021-10-28T06:00:00","guid":{"rendered":"https:\/\/blogs.fu-berlin.de\/frauenbeauftragte\/?p=364"},"modified":"2025-02-21T16:45:52","modified_gmt":"2025-02-21T15:45:52","slug":"anfeindungen-abwehren","status":"publish","type":"post","link":"https:\/\/blogs.fu-berlin.de\/frauenbeauftragte\/2021\/10\/28\/anfeindungen-abwehren\/","title":{"rendered":"Anfeindungen abwehren"},"content":{"rendered":"\n<div class=\"wp-block-media-text alignwide is-stacked-on-mobile\"><figure class=\"wp-block-media-text__media\"><img loading=\"lazy\" decoding=\"async\" width=\"1024\" height=\"684\" src=\"https:\/\/blogs.fu-berlin.de\/frauenbeauftragte\/files\/2021\/10\/BUKOF_AFG-1024x684.png\" alt=\"\" class=\"wp-image-375 size-full\" srcset=\"https:\/\/blogs.fu-berlin.de\/frauenbeauftragte\/files\/2021\/10\/BUKOF_AFG-1024x684.png 1024w, https:\/\/blogs.fu-berlin.de\/frauenbeauftragte\/files\/2021\/10\/BUKOF_AFG-300x200.png 300w, https:\/\/blogs.fu-berlin.de\/frauenbeauftragte\/files\/2021\/10\/BUKOF_AFG-768x513.png 768w, https:\/\/blogs.fu-berlin.de\/frauenbeauftragte\/files\/2021\/10\/BUKOF_AFG-1536x1026.png 1536w, https:\/\/blogs.fu-berlin.de\/frauenbeauftragte\/files\/2021\/10\/BUKOF_AFG-1200x801.png 1200w, https:\/\/blogs.fu-berlin.de\/frauenbeauftragte\/files\/2021\/10\/BUKOF_AFG.png 1544w\" sizes=\"auto, (max-width: 709px) 85vw, (max-width: 909px) 67vw, (max-width: 1362px) 62vw, 840px\" \/><\/figure><div class=\"wp-block-media-text__content\">\n<p>Werden Sie als Wissenschaftler*in diffamiert, angefeindet oder sogar bedroht?<\/p>\n\n\n\n<p>Die Bundeskonferenz der <a href=\"https:\/\/bukof.de\/\" target=\"_blank\" rel=\"noreferrer noopener\">Frauen- und Gleichstellungsbeauftragten an Hochschulen (bukof)<\/a> hat neue Handlungsempfehlungen f\u00fcr Wissenschaftler*innen und ihr Umfeld bei diskriminierenden Angriffen im Hochschulkontext ver\u00f6ffentlicht.<\/p>\n\n\n\n<!--more-->\n\n\n\n<p><\/p>\n<\/div><\/div>\n\n\n\n<p>Wissenschaftler*innen werden zunehmend pers\u00f6nlich angegriffen, um ihre wissenschaftliche Position, ihr Forschungsfeld oder ihre Forschungsergebnisse zu delegitimieren. Wer Hassbotschaften erh\u00e4lt, f\u00fchlt sich oft ohnm\u00e4chtig. \u201eNehmen Sie Ihre Wahrnehmung und den erfolgten Angriff ernst. Aktivieren Sie Ihr pers\u00f6nliches und\/oder Ihr dienstliches Netzwerk, thematisieren Sie den Angriff, teilen Sie Ihre Erfahrungen\u201c, so die <a rel=\"noreferrer noopener\" href=\"https:\/\/bukof.de\/wp-content\/uploads\/21-10-01-bukof-afg-Handlungsempfehlungen-Diskriminierende-Angriffe-im-Hochschulkontext.pdf\" target=\"_blank\">Handlungsempfehlungen \u201eDiskriminierende Angriffe im Hochschulkontext\u201c<\/a>.<\/p>\n\n\n\n<p>Die Empfehlungen sind in Zusammenarbeit mit der <a href=\"https:\/\/afg-berliner-hochschulen.de\/\" target=\"_blank\" rel=\"noreferrer noopener\">Arbeitsgemeinschaft der Frauen- und Geschlechterforschungseinrichtungen Berliner Hochschulen (afg)<\/a> entstanden und sollen aufzeigen, wie Betroffene im Hochschulkontext bei antifeministischen, sexistischen, rassistischen und\/oder antisemitischen Angriffen aktiv werden und Unterst\u00fctzung erhalten k\u00f6nnen. Zum Umgang mit antifeministischen Positionen hat die bukof dar\u00fcber hinaus eine umfangreiche Sammlung von <a href=\"https:\/\/bukof.de\/argumentation-antifeminismus\/\" target=\"_blank\" rel=\"noreferrer noopener\">Hilfen gegen Antifeminismus und Hate Speech <\/a>zusammengestellt.<\/p>\n\n\n\n<p class=\"has-medium-font-size\">Empfohlene Anlaufstellen<\/p>\n\n\n\n<p>\u2022 <a rel=\"noreferrer noopener\" href=\"http:\/\/www.internet-beschwerdestelle.de\" target=\"_blank\">www.internet-beschwerdestelle.de<\/a><br>\u2022 <a href=\"http:\/\/www.hass-im-netz.info\" target=\"_blank\" rel=\"noreferrer noopener\">http:\/\/www.hass-im-netz.info<\/a><br>\u2022 <a rel=\"noreferrer noopener\" href=\"http:\/\/www.jugendschutz.net\/hotline\" target=\"_blank\">www.jugendschutz.net\/hotline<\/a><br>\u2022 <a href=\"http:\/\/www.hassmelden.de\" target=\"_blank\" rel=\"noreferrer noopener\">www.hassmelden.de<\/a><br>\u2022 <a rel=\"noreferrer noopener\" href=\"http:\/\/www.hateaid.org\" target=\"_blank\">www.hateaid.org<\/a><br>\u2022 <a rel=\"noreferrer noopener\" href=\"https:\/\/demokratiezentrum-bw.de\/demokratiezentrum\/vorfall-melden\" target=\"_blank\">https:\/\/demokratiezentrum-bw.de\/demokratiezentrum\/vorfall-melden<\/a><\/p>\n","protected":false},"excerpt":{"rendered":"<p>Werden Sie als Wissenschaftler*in diffamiert, angefeindet oder sogar bedroht? Die Bundeskonferenz der Frauen- und Gleichstellungsbeauftragten an Hochschulen (bukof) hat neue Handlungsempfehlungen f\u00fcr Wissenschaftler*innen und ihr Umfeld bei diskriminierenden Angriffen im Hochschulkontext ver\u00f6ffentlicht.<\/p>\n","protected":false},"author":6431,"featured_media":6551,"comment_status":"open","ping_status":"open","sticky":false,"template":"","format":"standard","meta":{"footnotes":""},"categories":[428608],"tags":[90487,334885,2740,186234,437428],"class_list":["post-364","post","type-post","status-publish","format-standard","has-post-thumbnail","hentry","category-informiert","tag-diskriminierung","tag-antifeminismus","tag-rassismus","tag-antisemitismus","tag-wissenschaftsfreiheit"],"_links":{"self":[{"href":"https:\/\/blogs.fu-berlin.de\/frauenbeauftragte\/wp-json\/wp\/v2\/posts\/364","targetHints":{"allow":["GET"]}}],"collection":[{"href":"https:\/\/blogs.fu-berlin.de\/frauenbeauftragte\/wp-json\/wp\/v2\/posts"}],"about":[{"href":"https:\/\/blogs.fu-berlin.de\/frauenbeauftragte\/wp-json\/wp\/v2\/types\/post"}],"author":[{"embeddable":true,"href":"https:\/\/blogs.fu-berlin.de\/frauenbeauftragte\/wp-json\/wp\/v2\/users\/6431"}],"replies":[{"embeddable":true,"href":"https:\/\/blogs.fu-berlin.de\/frauenbeauftragte\/wp-json\/wp\/v2\/comments?post=364"}],"version-history":[{"count":9,"href":"https:\/\/blogs.fu-berlin.de\/frauenbeauftragte\/wp-json\/wp\/v2\/posts\/364\/revisions"}],"predecessor-version":[{"id":6174,"href":"https:\/\/blogs.fu-berlin.de\/frauenbeauftragte\/wp-json\/wp\/v2\/posts\/364\/revisions\/6174"}],"wp:featuredmedia":[{"embeddable":true,"href":"https:\/\/blogs.fu-berlin.de\/frauenbeauftragte\/wp-json\/wp\/v2\/media\/6551"}],"wp:attachment":[{"href":"https:\/\/blogs.fu-berlin.de\/frauenbeauftragte\/wp-json\/wp\/v2\/media?parent=364"}],"wp:term":[{"taxonomy":"category","embeddable":true,"href":"https:\/\/blogs.fu-berlin.de\/frauenbeauftragte\/wp-json\/wp\/v2\/categories?post=364"},{"taxonomy":"post_tag","embeddable":true,"href":"https:\/\/blogs.fu-berlin.de\/frauenbeauftragte\/wp-json\/wp\/v2\/tags?post=364"}],"curies":[{"name":"wp","href":"https:\/\/api.w.org\/{rel}","templated":true}]}}