{"id":3684,"date":"2022-10-26T15:57:38","date_gmt":"2022-10-26T13:57:38","guid":{"rendered":"https:\/\/blogs.fu-berlin.de\/frauenbeauftragte\/?p=3684"},"modified":"2023-07-17T12:00:21","modified_gmt":"2023-07-17T10:00:21","slug":"marthe-vogt-preisverleihung-2022","status":"publish","type":"post","link":"https:\/\/blogs.fu-berlin.de\/frauenbeauftragte\/2022\/10\/26\/marthe-vogt-preisverleihung-2022\/","title":{"rendered":"Marthe-Vogt-Preisverleihung 2022"},"content":{"rendered":"\n<div class=\"wp-block-media-text alignwide is-stacked-on-mobile\"><figure class=\"wp-block-media-text__media\"><img loading=\"lazy\" decoding=\"async\" width=\"1020\" height=\"680\" src=\"https:\/\/blogs.fu-berlin.de\/frauenbeauftragte\/files\/2022\/10\/csm_Logo_MartheVogt_farbe_web_d4471308a6.jpg\" alt=\"\" class=\"wp-image-3687 size-full\" srcset=\"https:\/\/blogs.fu-berlin.de\/frauenbeauftragte\/files\/2022\/10\/csm_Logo_MartheVogt_farbe_web_d4471308a6.jpg 1020w, https:\/\/blogs.fu-berlin.de\/frauenbeauftragte\/files\/2022\/10\/csm_Logo_MartheVogt_farbe_web_d4471308a6-300x200.jpg 300w, https:\/\/blogs.fu-berlin.de\/frauenbeauftragte\/files\/2022\/10\/csm_Logo_MartheVogt_farbe_web_d4471308a6-768x512.jpg 768w\" sizes=\"auto, (max-width: 709px) 85vw, (max-width: 909px) 67vw, (max-width: 1362px) 62vw, 840px\" \/><\/figure><div class=\"wp-block-media-text__content\">\n<p><strong>Preisverleihung: 2. November 2022 | 18 Uhr <\/strong> Ahana Aurora Fernandez erh\u00e4lt den diesj\u00e4hrigen Marthe-Vogt-Preis f\u00fcr ihre Dissertation \u00fcber Lautrepertoires von Sackfl\u00fcgelflederm\u00e4usen. Die Biologin wurde am Fachbereich BCP der FU promoviert. Die Verleihung durch den Forschungsverbund Berlin findet im Haus der Leibniz-Gemeinschaft statt und wird per Livestream \u00fcbertragen.<\/p>\n\n\n\n<!--more-->\n<\/div><\/div>\n\n\n\n<p>Im Rahmen der Berlin Science Week wird Dr. Ahana Aurora Fernandez der Marthe-Vogt-Preis 2022 verliehen. Ihre ausgezeichnete Dissertation mit dem Titel <a rel=\"noreferrer noopener\" href=\"https:\/\/refubium.fu-berlin.de\/bitstream\/handle\/fub188\/27612\/Dissertation_Fernandez_2020.pdf?sequence=3&amp;isAllowed=y\" target=\"_blank\">\u201eVocal ontogenetic processes in bat pups: From babbling behavior to the interplay of social and vocal complexity\u201c<\/a> erstellte sie am Museum f\u00fcr Naturkunde Berlin und an der FU Berlin. In ihrer Forschung untersuchte die Nachwuchswissenschaftlerin die Entwicklung des Lautrepertoires von Jungtieren wildlebender Sackfl\u00fcgelflederm\u00e4use in Costa Rica und Panama und setzte dabei originelle Forschungsans\u00e4tze ein. <\/p>\n\n\n<div class=\"wp-block-image\">\n<figure class=\"alignright size-large is-resized\"><img loading=\"lazy\" decoding=\"async\" src=\"https:\/\/blogs.fu-berlin.de\/frauenbeauftragte\/files\/2022\/10\/Fernandez-A_Foto_Simon-Ripperger-e1666693872276-756x1024.jpg\" alt=\"\" class=\"wp-image-3692\" width=\"378\" height=\"512\" srcset=\"https:\/\/blogs.fu-berlin.de\/frauenbeauftragte\/files\/2022\/10\/Fernandez-A_Foto_Simon-Ripperger-e1666693872276-756x1024.jpg 756w, https:\/\/blogs.fu-berlin.de\/frauenbeauftragte\/files\/2022\/10\/Fernandez-A_Foto_Simon-Ripperger-e1666693872276-221x300.jpg 221w, https:\/\/blogs.fu-berlin.de\/frauenbeauftragte\/files\/2022\/10\/Fernandez-A_Foto_Simon-Ripperger-e1666693872276-768x1041.jpg 768w, https:\/\/blogs.fu-berlin.de\/frauenbeauftragte\/files\/2022\/10\/Fernandez-A_Foto_Simon-Ripperger-e1666693872276.jpg 924w\" sizes=\"auto, (max-width: 378px) 85vw, 378px\" \/><figcaption>Die diesj\u00e4hrige Preistr\u00e4gerin Dr. Ahana Aurora Fernandez<br>Foto: Simon Ripperger<\/figcaption><\/figure><\/div>\n\n\n<p>Prof. Dr. Thomas Schr\u00f6der, Vorstandssprecher des Forschungsverbundes Berlin und Direktor des Leibniz-Instituts f\u00fcr Kristallz\u00fcchtung, wird die Preisverleihung er\u00f6ffnen. F\u00fcr die Festrede konnte Ulrike Gote, Senatorin f\u00fcr Wissenschaft, Gesundheit, Pflege und Gleichstellung des Landes Berlin, gewonnen werden. Die Laudatio h\u00e4lt PD Dr. Mirjam Kn\u00f6rnschild, Erstbetreuerin der ausgezeichneten Qualifikationsarbeit und <a rel=\"noreferrer noopener\" href=\"http:\/\/mirjam-knoernschild.org\/\" target=\"_blank\">Leiterin des Behavioral Ecology and Bioacoustics Lab<\/a> am Museum f\u00fcr Naturkunde Berlin. Abschlie\u00dfend wird die Preistr\u00e4gerin die wichtigsten Ergebnisse ihrer Dissertation pr\u00e4sentieren. <\/p>\n\n\n\n<p>Der Forschungsverbund Berlin w\u00fcrdigt &#8222;zahlreiche bahnbrechende Entdeckungen&#8220; in Fernandez Forschung. Eine dieser Entdeckungen ist, dass die Jungtiere von Sackfl\u00fcgelflederm\u00e4usen wie menschliche Kleinkinder eine vokale \u00dcbungsphase, \u201eBabbelphase\u201c genannt, durchlaufen, die dieselben Charakteristika aufweist wie die von Menschen. Fernandez forschte als Doktorandin in der Arbeitsgruppe <a rel=\"noreferrer noopener\" href=\"https:\/\/www.bcp.fu-berlin.de\/en\/biologie\/arbeitsgruppen\/Archiv\/ag_knoernschild\/mitarbeiter\/fernandez\/index.html\" target=\"_blank\">Communication and Cognition in Bats<\/a> am Institut f\u00fcr Biologie der FU und ist mittlerweile als <a rel=\"noreferrer noopener\" href=\"http:\/\/mirjam-knoernschild.org\/projects\/bat-projects\/vocal-ontogeny\/\" target=\"_blank\">Postdoktorandin im Behavioral Ecology and Bioacoustics Lab<\/a> am Museum f\u00fcr Naturkunde Berlin t\u00e4tig. <\/p>\n\n\n\n<hr class=\"wp-block-separator has-alpha-channel-opacity\" \/>\n\n\n\n<p>Der Marthe-Vogt-Preis wird seit 2001 j\u00e4hrlich an eine junge Wissenschaftlerin vergeben, die in einem der Forschungsfelder des Forschungsverbundes Berlin t\u00e4tig ist. Die Arbeitsfelder der Institute sind in den Naturwissenschaften verankert und reichen von Optoelektronik und Laserforschung \u00fcber Mikrosystemtechnik und Angewandte Mathematik bis zu Biologie, Veterin\u00e4rmedizin und Umweltforschung. Der Preis ist mir 3.000 Euro dotiert und wird an hervorragende Dissertationen vergeben, die an einer Universit\u00e4t in Berlin oder Brandenburg entstanden sind. <\/p>\n\n\n\n<p>Die Namensgeberin Marthe Vogt (1903-2003) erforschte Neurotransmitter und arbeitete in Berlin-Buch am Kaiser-Wilhelm-Institut f\u00fcr Hirnforschung. Heute ist dort das Leibniz-Forschungsinstitut f\u00fcr Molekulare Pharmakologie (FMP) angesiedelt. Der Forschungsverbund Berlin sch\u00e4tzt die <a rel=\"noreferrer noopener\" href=\"https:\/\/www.fv-berlin.de\/karriere\/marthe-vogt-preis\/\" target=\"_blank\">Namensgeberin<\/a>, die Deutschland wegen der nationalsozialistischen Politik gegen j\u00fcdische Wissenschaftler*innen 1935 verlie\u00df und ihre Forschung in Gro\u00dfbritannien fortsetzte, wissenschaftlich und menschlich als Vorbild.<\/p>\n\n\n\n<hr class=\"wp-block-separator has-alpha-channel-opacity\" \/>\n\n\n\n<p class=\"has-medium-font-size\">Weitere Informationen und Anmeldung<\/p>\n\n\n\n<ul class=\"wp-block-list\"><li><strong>Zeit: <\/strong>02.11.2022 | 18:00 Uhr<\/li><li><strong>Ort:<\/strong> Haus der Leibniz-Gemeinschaft, Chausseestra\u00dfe 111, Berlin oder via <a rel=\"noreferrer noopener\" href=\"http:\/\/www.fv-berlin.de\/karriere\/marthe-vogt-preis\" target=\"_blank\">Livestream<\/a><\/li><li><strong>Anmeldung<\/strong> erbeten an <a href=\"mailto:preisverleihung@fv-berlin.de\" target=\"_blank\" rel=\"noreferrer noopener\">preisverleihung@fv-berlin.de<\/a><\/li><li><a rel=\"noreferrer noopener\" href=\"https:\/\/www.fv-berlin.de\/infos-fuer\/medien-und-oeffentlichkeit\/news\/einladung-zur-marthe-vogt-preisverleihung-2022\" target=\"_blank\"><strong>Programm<\/strong> und <strong>Einladung<\/strong><\/a><\/li><\/ul>\n\n\n\n<hr class=\"wp-block-separator has-alpha-channel-opacity\" \/>\n\n\n\n<figure class=\"wp-block-image size-large is-resized\"><img loading=\"lazy\" decoding=\"async\" src=\"https:\/\/blogs.fu-berlin.de\/frauenbeauftragte\/files\/2022\/10\/MVP_Slider_2022_b-1024x384.jpg\" alt=\"\" class=\"wp-image-3693\" width=\"768\" height=\"288\" srcset=\"https:\/\/blogs.fu-berlin.de\/frauenbeauftragte\/files\/2022\/10\/MVP_Slider_2022_b-1024x384.jpg 1024w, https:\/\/blogs.fu-berlin.de\/frauenbeauftragte\/files\/2022\/10\/MVP_Slider_2022_b-300x113.jpg 300w, https:\/\/blogs.fu-berlin.de\/frauenbeauftragte\/files\/2022\/10\/MVP_Slider_2022_b-768x288.jpg 768w, https:\/\/blogs.fu-berlin.de\/frauenbeauftragte\/files\/2022\/10\/MVP_Slider_2022_b-1200x450.jpg 1200w, https:\/\/blogs.fu-berlin.de\/frauenbeauftragte\/files\/2022\/10\/MVP_Slider_2022_b.jpg 1440w\" sizes=\"auto, (max-width: 709px) 85vw, (max-width: 909px) 67vw, (max-width: 984px) 61vw, (max-width: 1362px) 45vw, 600px\" \/><\/figure>\n\n\n\n<hr class=\"wp-block-separator has-alpha-channel-opacity\" \/>\n","protected":false},"excerpt":{"rendered":"<p>Preisverleihung: 2. November 2022 | 18 Uhr Ahana Aurora Fernandez erh\u00e4lt den diesj\u00e4hrigen Marthe-Vogt-Preis f\u00fcr ihre Dissertation \u00fcber Lautrepertoires von Sackfl\u00fcgelflederm\u00e4usen. Die Biologin wurde am Fachbereich BCP der FU promoviert. Die Verleihung durch den Forschungsverbund Berlin findet im Haus der Leibniz-Gemeinschaft statt und wird per Livestream \u00fcbertragen.<\/p>\n","protected":false},"author":7120,"featured_media":3687,"comment_status":"open","ping_status":"open","sticky":false,"template":"","format":"standard","meta":{"footnotes":""},"categories":[428608,603],"tags":[423731,301208,437124],"class_list":["post-3684","post","type-post","status-publish","format-standard","has-post-thumbnail","hentry","category-informiert","category-vorgestellt","tag-mintoring","tag-frauenfoerderung","tag-wissenschaftlerinnen"],"_links":{"self":[{"href":"https:\/\/blogs.fu-berlin.de\/frauenbeauftragte\/wp-json\/wp\/v2\/posts\/3684","targetHints":{"allow":["GET"]}}],"collection":[{"href":"https:\/\/blogs.fu-berlin.de\/frauenbeauftragte\/wp-json\/wp\/v2\/posts"}],"about":[{"href":"https:\/\/blogs.fu-berlin.de\/frauenbeauftragte\/wp-json\/wp\/v2\/types\/post"}],"author":[{"embeddable":true,"href":"https:\/\/blogs.fu-berlin.de\/frauenbeauftragte\/wp-json\/wp\/v2\/users\/7120"}],"replies":[{"embeddable":true,"href":"https:\/\/blogs.fu-berlin.de\/frauenbeauftragte\/wp-json\/wp\/v2\/comments?post=3684"}],"version-history":[{"count":48,"href":"https:\/\/blogs.fu-berlin.de\/frauenbeauftragte\/wp-json\/wp\/v2\/posts\/3684\/revisions"}],"predecessor-version":[{"id":6513,"href":"https:\/\/blogs.fu-berlin.de\/frauenbeauftragte\/wp-json\/wp\/v2\/posts\/3684\/revisions\/6513"}],"wp:featuredmedia":[{"embeddable":true,"href":"https:\/\/blogs.fu-berlin.de\/frauenbeauftragte\/wp-json\/wp\/v2\/media\/3687"}],"wp:attachment":[{"href":"https:\/\/blogs.fu-berlin.de\/frauenbeauftragte\/wp-json\/wp\/v2\/media?parent=3684"}],"wp:term":[{"taxonomy":"category","embeddable":true,"href":"https:\/\/blogs.fu-berlin.de\/frauenbeauftragte\/wp-json\/wp\/v2\/categories?post=3684"},{"taxonomy":"post_tag","embeddable":true,"href":"https:\/\/blogs.fu-berlin.de\/frauenbeauftragte\/wp-json\/wp\/v2\/tags?post=3684"}],"curies":[{"name":"wp","href":"https:\/\/api.w.org\/{rel}","templated":true}]}}