{"id":3776,"date":"2022-11-15T15:51:51","date_gmt":"2022-11-15T14:51:51","guid":{"rendered":"https:\/\/blogs.fu-berlin.de\/frauenbeauftragte\/?p=3776"},"modified":"2023-07-17T12:02:44","modified_gmt":"2023-07-17T10:02:44","slug":"gender-diversity-career-development-2","status":"publish","type":"post","link":"https:\/\/blogs.fu-berlin.de\/frauenbeauftragte\/2022\/11\/15\/gender-diversity-career-development-2\/","title":{"rendered":"Gender, Diversity &amp; Career Development"},"content":{"rendered":"\n<div class=\"wp-block-media-text alignwide is-stacked-on-mobile\"><figure class=\"wp-block-media-text__media\"><img loading=\"lazy\" decoding=\"async\" width=\"1024\" height=\"683\" src=\"https:\/\/blogs.fu-berlin.de\/frauenbeauftragte\/files\/2022\/05\/G-D-Career-Development_Slide-1024x683.png\" alt=\"\" class=\"wp-image-2371 size-full\" srcset=\"https:\/\/blogs.fu-berlin.de\/frauenbeauftragte\/files\/2022\/05\/G-D-Career-Development_Slide-1024x683.png 1024w, https:\/\/blogs.fu-berlin.de\/frauenbeauftragte\/files\/2022\/05\/G-D-Career-Development_Slide-300x200.png 300w, https:\/\/blogs.fu-berlin.de\/frauenbeauftragte\/files\/2022\/05\/G-D-Career-Development_Slide-768x512.png 768w, https:\/\/blogs.fu-berlin.de\/frauenbeauftragte\/files\/2022\/05\/G-D-Career-Development_Slide-1536x1024.png 1536w, https:\/\/blogs.fu-berlin.de\/frauenbeauftragte\/files\/2022\/05\/G-D-Career-Development_Slide-2048x1365.png 2048w, https:\/\/blogs.fu-berlin.de\/frauenbeauftragte\/files\/2022\/05\/G-D-Career-Development_Slide-1200x800.png 1200w\" sizes=\"auto, (max-width: 709px) 85vw, (max-width: 909px) 67vw, (max-width: 1362px) 62vw, 840px\" \/><\/figure><div class=\"wp-block-media-text__content\">\n<p><strong>2. Fachtag: 28. November 2022, 8:30-18 Uhr<\/strong> <strong>\u2013<\/strong>Vier Forschungsverb\u00fcnde der Fachbereiche Biologie, Chemie, Pharmazie sowie Physik laden zum zweiten Fachtag Gender, Diversity &amp; Career Development ein. Auf dem Programm stehen Workshops zu Konfliktmanagement in internationalen Teams, Gestaltung einer rassismuskritischen Hochschule und der mentalen St\u00e4rkung von Promovierenden.<\/p>\n\n\n\n<!--more-->\n<\/div><\/div>\n\n\n\n<p>Zielgruppe der Veranstaltung sind Doktorand*innen und Postdocs der beteiligten Sonderforschungsbereiche \u2013 SFB 1078, SFB 1349, SFB 1449 und SFB CRC\/TRR 227 \u2013 wie auch auch weitere Interessierte. Drei Workshops finden im Laufe des Fachtags zum Teil parallel statt, zwei davon in deutscher und einer in englischer Sprache. Angeboten werden die Workshops von externen Referent*innen und Expert*innen unter anderem von Scienza Berlin und KommuniCare Berlin. Die Teilnahme ist f\u00fcr Credit Points anrechenbar.<\/p>\n\n\n\n<p>Organisatorin der Veranstaltung ist Sarah Huch, Referentin und Koordinatorin f\u00fcr Gender &amp; Diversity im SFB 1449. Neben Workshops l\u00e4dt sie mit zwei Austauschformaten dazu ein, Fragen und Bedarfe zu Chancengerechtigkeit in der Wissenschaft und Mentoring einzubringen. An den Austauschrunden sind auch die Frauenbeauftragten des Fachbereichs Biologie, Chemie, Pharmazie (BCP) beteiligt, Christine E\u00dfmann-Stern und Constance Scharff.<\/p>\n\n\n\n<p>Es geht an diesem Tag nicht nur um Vielfalt, auch die Themen sind vielf\u00e4ltig. Diskutiert werden erfolgversprechende Strategien f\u00fcr eine wirksame Resilienz, um mental gest\u00e4rkt Herausforderungen in der Promotionszeit und im Arbeitsalltag bew\u00e4ltigen zu k\u00f6nnen. Weitere Themen sind das Konfliktmanagement in internationalen Teams und Wege hin zu einer rassismuskritischen Wissenschafts- und Forschungspraxis.  <\/p>\n\n\n\n<ul class=\"wp-block-list\"><li><strong>Zeit:<\/strong> 28.11.2022, 8:30-18:00 Uhr<\/li><li><strong>Ort:<\/strong> <a rel=\"noreferrer noopener\" href=\"https:\/\/www.suprafab.fu-berlin.de\/\" target=\"_blank\">SupraFAB<\/a>, Altensteinstr. 23a, 14195 Berlin<\/li><li><a rel=\"noreferrer noopener\" href=\"https:\/\/www.fu-berlin.de\/sites\/naturalsciences\/dates\/_Ressourcen\/Flyer-G-D-Career-Development_WEB.pdf\" target=\"_blank\"><strong>Programm<\/strong><\/a><\/li><li><strong>Anmeldung<\/strong> per E-Mail bis 24.11. unter Nennung der gew\u00fcnschten Workshops an: <a rel=\"noreferrer noopener\" href=\"mailto:gender-diversityCRC1449@bcp.fu-berlin.de\" target=\"_blank\">gender-diversityCRC1449@bcp.fu-berlin.de<\/a><\/li><\/ul>\n\n\n\n<hr class=\"wp-block-separator has-css-opacity\" \/>\n\n\n\n<figure class=\"wp-block-image size-large\"><img loading=\"lazy\" decoding=\"async\" width=\"724\" height=\"1024\" src=\"https:\/\/blogs.fu-berlin.de\/frauenbeauftragte\/files\/2022\/11\/BILD-28.11-G-D-Career-Development_WEB-724x1024.jpg\" alt=\"\" class=\"wp-image-3779\" srcset=\"https:\/\/blogs.fu-berlin.de\/frauenbeauftragte\/files\/2022\/11\/BILD-28.11-G-D-Career-Development_WEB-724x1024.jpg 724w, https:\/\/blogs.fu-berlin.de\/frauenbeauftragte\/files\/2022\/11\/BILD-28.11-G-D-Career-Development_WEB-212x300.jpg 212w, https:\/\/blogs.fu-berlin.de\/frauenbeauftragte\/files\/2022\/11\/BILD-28.11-G-D-Career-Development_WEB-768x1086.jpg 768w, https:\/\/blogs.fu-berlin.de\/frauenbeauftragte\/files\/2022\/11\/BILD-28.11-G-D-Career-Development_WEB-1086x1536.jpg 1086w, https:\/\/blogs.fu-berlin.de\/frauenbeauftragte\/files\/2022\/11\/BILD-28.11-G-D-Career-Development_WEB-1448x2048.jpg 1448w, https:\/\/blogs.fu-berlin.de\/frauenbeauftragte\/files\/2022\/11\/BILD-28.11-G-D-Career-Development_WEB-1200x1697.jpg 1200w, https:\/\/blogs.fu-berlin.de\/frauenbeauftragte\/files\/2022\/11\/BILD-28.11-G-D-Career-Development_WEB.jpg 1654w\" sizes=\"auto, (max-width: 709px) 85vw, (max-width: 909px) 67vw, (max-width: 984px) 61vw, (max-width: 1362px) 45vw, 600px\" \/><\/figure>\n","protected":false},"excerpt":{"rendered":"<p>2. Fachtag: 28. November 2022, 8:30-18 Uhr \u2013Vier Forschungsverb\u00fcnde der Fachbereiche Biologie, Chemie, Pharmazie sowie Physik laden zum zweiten Fachtag Gender, Diversity &amp; Career Development ein. Auf dem Programm stehen Workshops zu Konfliktmanagement in internationalen Teams, Gestaltung einer rassismuskritischen Hochschule und der mentalen St\u00e4rkung von Promovierenden.<\/p>\n","protected":false},"author":7120,"featured_media":2371,"comment_status":"open","ping_status":"open","sticky":false,"template":"","format":"standard","meta":{"footnotes":""},"categories":[428608],"tags":[430258,90487,2740,437124],"class_list":["post-3776","post","type-post","status-publish","format-standard","has-post-thumbnail","hentry","category-informiert","tag-vereinbarkeit","tag-diskriminierung","tag-rassismus","tag-wissenschaftlerinnen"],"_links":{"self":[{"href":"https:\/\/blogs.fu-berlin.de\/frauenbeauftragte\/wp-json\/wp\/v2\/posts\/3776","targetHints":{"allow":["GET"]}}],"collection":[{"href":"https:\/\/blogs.fu-berlin.de\/frauenbeauftragte\/wp-json\/wp\/v2\/posts"}],"about":[{"href":"https:\/\/blogs.fu-berlin.de\/frauenbeauftragte\/wp-json\/wp\/v2\/types\/post"}],"author":[{"embeddable":true,"href":"https:\/\/blogs.fu-berlin.de\/frauenbeauftragte\/wp-json\/wp\/v2\/users\/7120"}],"replies":[{"embeddable":true,"href":"https:\/\/blogs.fu-berlin.de\/frauenbeauftragte\/wp-json\/wp\/v2\/comments?post=3776"}],"version-history":[{"count":16,"href":"https:\/\/blogs.fu-berlin.de\/frauenbeauftragte\/wp-json\/wp\/v2\/posts\/3776\/revisions"}],"predecessor-version":[{"id":6516,"href":"https:\/\/blogs.fu-berlin.de\/frauenbeauftragte\/wp-json\/wp\/v2\/posts\/3776\/revisions\/6516"}],"wp:featuredmedia":[{"embeddable":true,"href":"https:\/\/blogs.fu-berlin.de\/frauenbeauftragte\/wp-json\/wp\/v2\/media\/2371"}],"wp:attachment":[{"href":"https:\/\/blogs.fu-berlin.de\/frauenbeauftragte\/wp-json\/wp\/v2\/media?parent=3776"}],"wp:term":[{"taxonomy":"category","embeddable":true,"href":"https:\/\/blogs.fu-berlin.de\/frauenbeauftragte\/wp-json\/wp\/v2\/categories?post=3776"},{"taxonomy":"post_tag","embeddable":true,"href":"https:\/\/blogs.fu-berlin.de\/frauenbeauftragte\/wp-json\/wp\/v2\/tags?post=3776"}],"curies":[{"name":"wp","href":"https:\/\/api.w.org\/{rel}","templated":true}]}}