{"id":3814,"date":"2022-11-17T16:51:06","date_gmt":"2022-11-17T15:51:06","guid":{"rendered":"https:\/\/blogs.fu-berlin.de\/frauenbeauftragte\/?p=3814"},"modified":"2025-01-03T11:26:37","modified_gmt":"2025-01-03T10:26:37","slug":"da-zaehle-ich-auch-auf-sie","status":"publish","type":"post","link":"https:\/\/blogs.fu-berlin.de\/frauenbeauftragte\/2022\/11\/17\/da-zaehle-ich-auch-auf-sie\/","title":{"rendered":"&#8222;Da z\u00e4hle ich auch auf Sie&#8220;"},"content":{"rendered":"\n<div class=\"wp-block-media-text alignwide is-stacked-on-mobile\"><figure class=\"wp-block-media-text__media\"><img loading=\"lazy\" decoding=\"async\" width=\"1024\" height=\"682\" src=\"https:\/\/blogs.fu-berlin.de\/frauenbeauftragte\/files\/2022\/11\/Blogbild2.Format-1024x682.png\" alt=\"\" class=\"wp-image-3819 size-full\" srcset=\"https:\/\/blogs.fu-berlin.de\/frauenbeauftragte\/files\/2022\/11\/Blogbild2.Format-1024x682.png 1024w, https:\/\/blogs.fu-berlin.de\/frauenbeauftragte\/files\/2022\/11\/Blogbild2.Format-300x200.png 300w, https:\/\/blogs.fu-berlin.de\/frauenbeauftragte\/files\/2022\/11\/Blogbild2.Format-768x512.png 768w, https:\/\/blogs.fu-berlin.de\/frauenbeauftragte\/files\/2022\/11\/Blogbild2.Format-1200x799.png 1200w, https:\/\/blogs.fu-berlin.de\/frauenbeauftragte\/files\/2022\/11\/Blogbild2.Format.png 1504w\" sizes=\"auto, (max-width: 709px) 85vw, (max-width: 909px) 67vw, (max-width: 1362px) 62vw, 840px\" \/><\/figure><div class=\"wp-block-media-text__content\">\n<p>Mit diesen Worten appelliert der Pr\u00e4sident der Freien Universit\u00e4t an alle Hochschulmitglieder, f\u00fcr eine Kultur des Respekts und der Antidiskriminierung einzustehen und Fehlverhalten zu sanktionieren. Zum  Internationalen Tag zur Beseitigung von Gewalt gegen Frauen am 25. 11. beziehen der Pr\u00e4sident und die Erste Vizepr\u00e4sidentin per Videoansprache dazu Stellung.<\/p>\n\n\n\n<!--more-->\n<\/div><\/div>\n\n\n\n<p>Hochschulen sind ein Spiegel der Gesellschaft. In diesem Spiegel reflektieren sich auch sexualisierte Bel\u00e4stigung, Diskriminierung und Gewalt. Das ist kein Randthema, es betrifft uns alle, denn sexualisierte Bel\u00e4stigung, Diskriminierung und Gewalt erfahren Kolleg*innen, Studierende \u2013 Menschen in unserer n\u00e4chsten Umgebung.<\/p>\n\n\n\n<p class=\"has-medium-font-size\">Mehr Pr\u00e4vention, mehr Awareness<\/p>\n\n\n\n<p>Das Pr\u00e4sidium der Freien Universit\u00e4t positioniert sich zum Internationalen Tag zur Beseitigung von Gewalt gegen Frauen und zum Auftakt der&nbsp;<a rel=\"noreferrer noopener\" href=\"https:\/\/www.fu-berlin.de\/sites\/nein-heisst-nein\/Anti-Gewalt-Aktionstage\/Aktuelles-Programm\/index.html\" target=\"_blank\">FU-Aktionstage<\/a> <a rel=\"noreferrer noopener\" href=\"https:\/\/www.fu-berlin.de\/sites\/nein-heisst-nein\/Anti-Gewalt-Aktionstage\/Aktuelles-Programm\/index.html\" target=\"_blank\"> \u201eNein hei\u00dft Nein \u2013 gemeinsam gegen sexualisierte Gewalt\u201c<\/a> vom 22.-25.11.2022. <\/p>\n\n\n\n<hr class=\"wp-block-separator has-alpha-channel-opacity\" \/>\n\n\n<figure class=\"wp-block-embed-youtube wp-block-embed is-type-video is-provider-youtube wp-embed-aspect-16-9 wp-has-aspect-ratio\"><div class=\"lyte-wrapper\" style=\"width:640px;max-width:100%;margin:5px;\"><div class=\"lyMe\" id=\"WYL_HR3AvmGbt14\"><div id=\"lyte_HR3AvmGbt14\" data-src=\"https:\/\/blogs.fu-berlin.de\/frauenbeauftragte\/wp-content\/plugins\/wp-youtube-lyte\/lyteCache.php?origThumbUrl=%2F%2Fi.ytimg.com%2Fvi%2FHR3AvmGbt14%2Fhqdefault.jpg\" class=\"pL\"><div class=\"tC\"><div class=\"tT\"><\/div><\/div><div class=\"play\"><\/div><div class=\"ctrl\"><div class=\"Lctrl\"><\/div><div class=\"Rctrl\"><\/div><\/div><\/div><noscript><a href=\"https:\/\/youtu.be\/HR3AvmGbt14\" rel=\"nofollow\"><img loading=\"lazy\" decoding=\"async\" src=\"https:\/\/blogs.fu-berlin.de\/frauenbeauftragte\/wp-content\/plugins\/wp-youtube-lyte\/lyteCache.php?origThumbUrl=https%3A%2F%2Fi.ytimg.com%2Fvi%2FHR3AvmGbt14%2F0.jpg\" alt=\"YouTube-Video-Thumbnail\" width=\"640\" height=\"340\" \/><br \/>Dieses Video auf YouTube ansehen<\/a><\/noscript><\/div><\/div><div class=\"lL\" style=\"max-width:100%;width:640px;margin:5px;\"><br\/><span class=\"lyte_disclaimer\">ACHTUNG: Daten nach YouTube werden erst beim Abspielen des Videos \u00fcbertragen.<\/span><\/div><figcaption>Das Statement des Pr\u00e4sidenten Prof. Dr. G\u00fcnter M. Ziegler<\/figcaption><\/figure>\n\n\n<hr class=\"wp-block-separator has-alpha-channel-opacity\" \/>\n\n\n\n<p>Pr\u00e4sident G\u00fcnter M. Ziegler und die Erste Vizepr\u00e4sidentin Verena Blechinger-Talcott, u.a. zust\u00e4ndig f\u00fcr Gleichstellung und Diversity, rufen in ihren Videostatements zum Handeln auf: f\u00fcr eine Kultur des Respekts und der Antidiskriminierung, f\u00fcr mehr Aufkl\u00e4rung und Sensibilisierung von F\u00fchrungskr\u00e4ften und f\u00fcr mehr Unterst\u00fctzung der Betroffenen.  \u201cDaf\u00fcr brauche ich auch Sie&#8220;, sagt Pr\u00e4sident Ziegler, auch wenn die Freie Universit\u00e4t in dem Kampf gegen sexualisierte Bel\u00e4stigung, Diskriminierung und Gewalt schon eine Menge erreicht habe. Das Pr\u00e4sidium setzt auf mehr Pr\u00e4vention und mehr Awareness aller Hochschulmitglieder. Die Freie Universit\u00e4t soll ein Ort sein, so Ziegler, \u201ean dem klar ist, dass Betroffene unterst\u00fctzt werden, dass T\u00e4terinnen und T\u00e4ter zur Rechenschaft gezogen werden\u201c.<\/p>\n\n\n\n<p>Enge Zusammenarbeit, Abh\u00e4ngigkeiten und Hierarchien im Wissenschaftsbetrieb bergen das Risiko, ausgenutzt zu werden. \u201eDas ist eine Gefahr, der wir entgegenwirken wollen\u201c, betont Blechinger-Talcott. Anliegen und Ziel sei es, \u201eeine Gemeinschaft und auch ein Klima zu schaffen\u201c, in dem alle Mitglieder der Universit\u00e4t ohne Furcht vor Diskriminierung, Bel\u00e4stigung und Gewalt studieren, arbeiten, forschen und lehren k\u00f6nnen. <\/p>\n\n\n\n<hr class=\"wp-block-separator has-alpha-channel-opacity\" \/>\n\n\n<figure class=\"wp-block-embed-youtube wp-block-embed is-type-video is-provider-youtube wp-embed-aspect-16-9 wp-has-aspect-ratio\"><div class=\"lyte-wrapper\" style=\"width:640px;max-width:100%;margin:5px;\"><div class=\"lyMe\" id=\"WYL_n_LAPuuDKb8\"><div id=\"lyte_n_LAPuuDKb8\" data-src=\"https:\/\/blogs.fu-berlin.de\/frauenbeauftragte\/wp-content\/plugins\/wp-youtube-lyte\/lyteCache.php?origThumbUrl=%2F%2Fi.ytimg.com%2Fvi%2Fn_LAPuuDKb8%2Fhqdefault.jpg\" class=\"pL\"><div class=\"tC\"><div class=\"tT\"><\/div><\/div><div class=\"play\"><\/div><div class=\"ctrl\"><div class=\"Lctrl\"><\/div><div class=\"Rctrl\"><\/div><\/div><\/div><noscript><a href=\"https:\/\/youtu.be\/n_LAPuuDKb8\" rel=\"nofollow\"><img loading=\"lazy\" decoding=\"async\" src=\"https:\/\/blogs.fu-berlin.de\/frauenbeauftragte\/wp-content\/plugins\/wp-youtube-lyte\/lyteCache.php?origThumbUrl=https%3A%2F%2Fi.ytimg.com%2Fvi%2Fn_LAPuuDKb8%2F0.jpg\" alt=\"YouTube-Video-Thumbnail\" width=\"640\" height=\"340\" \/><br \/>Dieses Video auf YouTube ansehen<\/a><\/noscript><\/div><\/div><div class=\"lL\" style=\"max-width:100%;width:640px;margin:5px;\"><br\/><span class=\"lyte_disclaimer\">ACHTUNG: Daten nach YouTube werden erst beim Abspielen des Videos \u00fcbertragen.<\/span><\/div><figcaption>Das Statement der Ersten Vizepr\u00e4sidentin Prof. Dr. Verena Blechinger-Talcott<\/figcaption><\/figure>\n\n\n<hr class=\"wp-block-separator has-alpha-channel-opacity\" \/>\n\n\n\n<p>Mit der Verabschiedung der&nbsp;<a rel=\"noreferrer noopener\" href=\"https:\/\/www.fu-berlin.de\/service\/zuvdocs\/amtsblatt\/2020\/ab412020.pdf\" target=\"_blank\">Richtlinie zu sexualisierter Bel\u00e4stigung, Diskriminierung und Gewalt<\/a>&nbsp;(SBDG), der Einrichtung von Anlaufstellen und der Arbeitsgruppe SBDG sowie der&nbsp;<a rel=\"noreferrer noopener\" href=\"https:\/\/www.fu-berlin.de\/sites\/nein-heisst-nein\/index.html\" target=\"_blank\">Webseite Nein hei\u00dft Nein<\/a>&nbsp;hat die Freie Universit\u00e4t bereits einige Schritte in die richtige Richtung getan \u2013 am Ziel ist sie noch nicht.<\/p>\n\n\n\n<p class=\"has-medium-font-size\">Sichtbarmachung und Enttabuisierung<\/p>\n\n\n\n<p>Belege daf\u00fcr, wie weit geschlechtsbezogene Gewalt auch an Hochschulen verbreitet ist, liefern aktuelle Befragungsstudien wie die des Kompetenzzentrums Frauen in der Wissenschaft und Forschung (CEWS) zu <a rel=\"noreferrer noopener\" href=\"https:\/\/www.gesis.org\/cews\/themen\/geschlechtsbezogene-und-sexualisierte-gewalt\/befragungsstudien\" target=\"_blank\">Geschlechtsbezogener und sexualisierter Gewalt in der Wissenschaft<\/a>. Laut der im November erschienenen europaweiten Studie <a href=\"https:\/\/unisafe-gbv.eu\/wp-content\/uploads\/2022\/11\/UniSAFE-survey_prevalence-results_2022.pdf\" target=\"_blank\" rel=\"noreferrer noopener\">Gender-based violence and its consequences in European Academia<\/a>&nbsp;hat nahezu jede dritte befragte Person bereits sexualisierte Bel\u00e4stigung erlebt.<\/p>\n\n\n\n<p>Die&nbsp;<a rel=\"noreferrer noopener\" href=\"https:\/\/www.fu-berlin.de\/sites\/nein-heisst-nein\/Anti-Gewalt-Aktionstage\/Aktuelles-Programm\/index.html\" target=\"_blank\">Aktionstage \u201eNein hei\u00dft Nein \u2013 gemeinsam gegen sexualisierte Gewalt\u201c<\/a>&nbsp;leisten gleicherma\u00dfen einen Beitrag zur Sichtbarmachung und Enttabuisierung wie zur Bew\u00e4ltigung und Vermeidung von sexualisierter Gewalt. In den Videostatements appellieren der Pr\u00e4sident und die Erste Vizepr\u00e4sidentin an alle Mitglieder der Universit\u00e4t, aktiv zu werden, um sexualisierter Bel\u00e4stigung, Diskriminierung und Gewalt entgegenzuwirken.<\/p>\n\n\n\n<p>In einem<a href=\"https:\/\/www.fu-berlin.de\/campusleben\/campus\/2022\/221118-aktionswoche-gewalt-gegen-frauen\/index.html\" target=\"_blank\" rel=\"noreferrer noopener\"> Interview mit campus.leben<\/a> betonen auch die Organisatorinnen der Aktionstage, Dr. Heike Pantelmann, Gesch\u00e4ftsf\u00fchrerin des Margherita-von-Brentano-Zentrums, und Wendy Stollberg, Gesch\u00e4ftsf\u00fchrerin der AG SBDG, wie wichtig es ist, dass alle Hochschulmitglieder bei sexualisierten \u00dcbergriffen jeglicher Art Verantwortung im eigenen Umfeld \u00fcbernehmen.<\/p>\n","protected":false},"excerpt":{"rendered":"<p>Mit diesen Worten appelliert der Pr\u00e4sident der Freien Universit\u00e4t an alle Hochschulmitglieder, f\u00fcr eine Kultur des Respekts und der Antidiskriminierung einzustehen und Fehlverhalten zu sanktionieren. Zum Internationalen Tag zur Beseitigung von Gewalt gegen Frauen am 25. 11. beziehen der Pr\u00e4sident und die Erste Vizepr\u00e4sidentin per Videoansprache dazu Stellung.<\/p>\n","protected":false},"author":6410,"featured_media":3819,"comment_status":"open","ping_status":"open","sticky":false,"template":"","format":"standard","meta":{"footnotes":""},"categories":[428608,424297],"tags":[433140,215230,433967,90487],"class_list":["post-3814","post","type-post","status-publish","format-standard","has-post-thumbnail","hentry","category-informiert","category-positionen","tag-sbdg","tag-gewalt","tag-nomeansno","tag-diskriminierung"],"_links":{"self":[{"href":"https:\/\/blogs.fu-berlin.de\/frauenbeauftragte\/wp-json\/wp\/v2\/posts\/3814","targetHints":{"allow":["GET"]}}],"collection":[{"href":"https:\/\/blogs.fu-berlin.de\/frauenbeauftragte\/wp-json\/wp\/v2\/posts"}],"about":[{"href":"https:\/\/blogs.fu-berlin.de\/frauenbeauftragte\/wp-json\/wp\/v2\/types\/post"}],"author":[{"embeddable":true,"href":"https:\/\/blogs.fu-berlin.de\/frauenbeauftragte\/wp-json\/wp\/v2\/users\/6410"}],"replies":[{"embeddable":true,"href":"https:\/\/blogs.fu-berlin.de\/frauenbeauftragte\/wp-json\/wp\/v2\/comments?post=3814"}],"version-history":[{"count":40,"href":"https:\/\/blogs.fu-berlin.de\/frauenbeauftragte\/wp-json\/wp\/v2\/posts\/3814\/revisions"}],"predecessor-version":[{"id":9932,"href":"https:\/\/blogs.fu-berlin.de\/frauenbeauftragte\/wp-json\/wp\/v2\/posts\/3814\/revisions\/9932"}],"wp:featuredmedia":[{"embeddable":true,"href":"https:\/\/blogs.fu-berlin.de\/frauenbeauftragte\/wp-json\/wp\/v2\/media\/3819"}],"wp:attachment":[{"href":"https:\/\/blogs.fu-berlin.de\/frauenbeauftragte\/wp-json\/wp\/v2\/media?parent=3814"}],"wp:term":[{"taxonomy":"category","embeddable":true,"href":"https:\/\/blogs.fu-berlin.de\/frauenbeauftragte\/wp-json\/wp\/v2\/categories?post=3814"},{"taxonomy":"post_tag","embeddable":true,"href":"https:\/\/blogs.fu-berlin.de\/frauenbeauftragte\/wp-json\/wp\/v2\/tags?post=3814"}],"curies":[{"name":"wp","href":"https:\/\/api.w.org\/{rel}","templated":true}]}}