{"id":3883,"date":"2022-11-23T13:19:29","date_gmt":"2022-11-23T12:19:29","guid":{"rendered":"https:\/\/blogs.fu-berlin.de\/frauenbeauftragte\/?p=3883"},"modified":"2023-07-19T15:40:50","modified_gmt":"2023-07-19T13:40:50","slug":"beschaeftigte_r-fuer-die-toolbox-gesucht","status":"publish","type":"post","link":"https:\/\/blogs.fu-berlin.de\/frauenbeauftragte\/2022\/11\/23\/beschaeftigte_r-fuer-die-toolbox-gesucht\/","title":{"rendered":"Besch\u00e4ftigte*r f\u00fcr die Toolbox gesucht"},"content":{"rendered":"\n<div class=\"wp-block-media-text alignwide is-stacked-on-mobile\"><figure class=\"wp-block-media-text__media\"><img loading=\"lazy\" decoding=\"async\" width=\"1024\" height=\"519\" src=\"https:\/\/blogs.fu-berlin.de\/frauenbeauftragte\/files\/2022\/01\/toolbox_logo_quer_RGB_gross-1024x519.jpg\" alt=\"\" class=\"wp-image-1221 size-full\" srcset=\"https:\/\/blogs.fu-berlin.de\/frauenbeauftragte\/files\/2022\/01\/toolbox_logo_quer_RGB_gross-1024x519.jpg 1024w, https:\/\/blogs.fu-berlin.de\/frauenbeauftragte\/files\/2022\/01\/toolbox_logo_quer_RGB_gross-300x152.jpg 300w, https:\/\/blogs.fu-berlin.de\/frauenbeauftragte\/files\/2022\/01\/toolbox_logo_quer_RGB_gross-768x389.jpg 768w, https:\/\/blogs.fu-berlin.de\/frauenbeauftragte\/files\/2022\/01\/toolbox_logo_quer_RGB_gross-1536x778.jpg 1536w, https:\/\/blogs.fu-berlin.de\/frauenbeauftragte\/files\/2022\/01\/toolbox_logo_quer_RGB_gross-2048x1037.jpg 2048w, https:\/\/blogs.fu-berlin.de\/frauenbeauftragte\/files\/2022\/01\/toolbox_logo_quer_RGB_gross-1200x608.jpg 1200w\" sizes=\"auto, (max-width: 709px) 85vw, (max-width: 909px) 67vw, (max-width: 1362px) 62vw, 840px\" \/><\/figure><div class=\"wp-block-media-text__content\">\n<p><strong>Bewerbungsfrist: 5. Dezember 2022<\/strong> <\/p>\n\n\n\n<p>Die Toolbox Gender und Diversity in der Lehre sucht Verst\u00e4rkung f\u00fcr den k\u00fcnftigen Schwerpunkt Toolbox@school. Wenn Sie vertraut mit gender- und diversit\u00e4tssensibler Lehrkr\u00e4ftebildung sind und Erfahrung in Hochschullehre sowie mit digitalen Lehrformaten mitbringen, <a href=\"https:\/\/www.fu-berlin.de\/universitaet\/beruf-karriere\/jobs\/nichtwiss\/53_ze-margherita-von-brentano-zentrum-fuer-geschlechterforschung\/MBZ-MvBZ-05-2022-Toolbox.html\" target=\"_blank\" rel=\"noreferrer noopener\">bewerben<\/a> Sie sich.<\/p>\n\n\n\n<!--more-->\n<\/div><\/div>\n\n\n\n<p>Die Toolbox Gender und Diversity in der Lehre bietet in einem <a rel=\"noreferrer noopener\" href=\"https:\/\/www.genderdiversitylehre.fu-berlin.de\/toolbox\/index.html\" data-type=\"URL\" data-id=\"https:\/\/www.genderdiversitylehre.fu-berlin.de\/toolbox\/index.html\" target=\"_blank\">Online-Instrumentenkasten<\/a> sowie einem flankierenden <a rel=\"noreferrer noopener\" href=\"https:\/\/blogs.fu-berlin.de\/toolbox\/2022\/11\/17\/zeit-geben-transparenz-und-wertschaetzung-studierende-mit-pruefungsangst-unterstuetzen-interview-mit-michael-cugialy\/\" target=\"_blank\">Blog<\/a> umfangreiche Informationen, Anregungen und Ressourcen zu gender- und diversit\u00e4tsbewusster Lehre. In Pr\u00e4senz- und Onlineformaten f\u00fchren die Mitarbeiter*innen Weiterbildungen zum Einsatz der Toolbox durch und f\u00f6rdern deren Nutzung an der Freien Universit\u00e4t durch \u00d6ffentlichkeitsarbeit, Gremienarbeit und Vernetzung. <\/p>\n\n\n\n<p>Die ausgeschriebene Stelle als Besch\u00e4ftigte*r in der Toolbox Gender und Diversity in der Lehre (E 13 TV-L FU) ist mit 1\/2-Teilzeitbesch\u00e4ftigung auf 2 Jahre f\u00fcr die Dauer des Projekts befristet und am <a rel=\"noreferrer noopener\" href=\"https:\/\/www.mvbz.fu-berlin.de\/\" target=\"_blank\">Margherita-von-Brentano-Zentrum f\u00fcr Geschlechterforschung<\/a> angesiedelt. Der Schwerpunkt der Stelle ist die Konzeption und Ver\u00f6ffentlichung eines entsprechenden Online-Angebots sowie die Verankerung gender- und diversit\u00e4tssensibler Didaktik in der Lehrkr\u00e4ftebildung Toolbox@School. <\/p>\n\n\n\n<p>Die Toolbox Gender und Diversity in der Lehre ist eine Kooperation zwischen dem Margherita-von-Brentano-Zentrum  und dem Team Zentrale Frauenbeauftragte. Im Konzept der Toolbox ist ein macht- und herrschaftskritischer Diversity-Ansatz verankert, der intersektionale Ungleichheiten adressiert und den Abbau von Diskriminierung zum Ziel hat.<\/p>\n\n\n\n<hr class=\"wp-block-separator has-alpha-channel-opacity\" \/>\n\n\n\n<p class=\"has-medium-font-size\">Aufgabengebiet: <\/p>\n\n\n\n<ul class=\"wp-block-list\"><li>Bestandserhebung, Auswertung sowie darauf aufbauende Konzeption des Online-Angebots Toolbox@School<\/li><li>Entwicklung einer Implementationsstrategie (Kooperationen, Weiterbildung, Co-Teaching, \u00d6ffentlichkeitsarbeit)<\/li><li>strukturierte und kommentierte Ver\u00f6ffentlichung vorhandener Materialien und Open Educational Resources<\/li><li>Konzeption, Durchf\u00fchrung und Evaluation von Workshops unter Nutzung von OER<\/li><li>Entwicklung und Ver\u00f6ffentlichung von Handreichungen und Methoden in Kooperation mit Lehrenden und Studierenden<\/li><li>Planung, Veranstaltung und Dokumentation eines Symposiums zur gender- und diversit\u00e4tsbewussten Lehrkr\u00e4ftebildung<\/li><li>Kooperation mit den lehrkr\u00e4ftebildenden Institutionen an der FU Berlin<\/li><\/ul>\n\n\n\n<p class=\"has-medium-font-size\">Voraussetzungen &amp; erw\u00fcnschte Kenntnisse:<\/p>\n\n\n\n<p>Einstellungsvoraussetzung ist ein abgeschlossenes wissenschaftliches Hochschulstudium (Diplom, Master o.\u00e4.). <\/p>\n\n\n\n<p>Erw\u00fcnscht sind:  <\/p>\n\n\n\n<ul class=\"wp-block-list\"><li>Kenntnisse der Gender- und Diversityforschung<\/li><li>Kenntnisse von Hochschulstrukturen, insbesondere bez\u00fcglich Gleichstellung und Diversity und der Lehrkr\u00e4ftebildung<\/li><li>Lehrerfahrung an Hochschulen<\/li><li>Erfahrung in der Konzeption und Durchf\u00fchrung von Workshops und Pr\u00e4sentationen im Bereich Gender und Diversity<\/li><li>Erfahrungen mit digitalen Lehr-Lernformate<\/li><li>Kenntnisse in Open Educational Resources<\/li><li>Erfahrung in \u00d6ffentlichkeitsarbeit, v.a. Social Media<\/li><li>flie\u00dfende Deutschkenntnisse (mindestens Niveau C1)<\/li><\/ul>\n\n\n\n<p class=\"has-medium-font-size\">Weitere Informationen: <\/p>\n\n\n\n<ul class=\"wp-block-list\"><li><a rel=\"noreferrer noopener\" href=\"https:\/\/www.fu-berlin.de\/universitaet\/beruf-karriere\/jobs\/nichtwiss\/53_ze-margherita-von-brentano-zentrum-fuer-geschlechterforschung\/MBZ-MvBZ-05-2022-Toolbox.html\" target=\"_blank\"><strong>Ausschreibung<\/strong><\/a><\/li><li><strong>Bewerbungsfrist<\/strong>: 05.12.2022<\/li><li><strong>Bewerbung <\/strong>unter Angabe der Kennung MvBZ-05-2022-Toolbox wahlweise:<\/li><li>-&gt; <strong>per E-Mail an Dr. Heike Pantelmann:<\/strong> <a rel=\"noreferrer noopener\" href=\"mailto:bewerbungen@mvbz.fu-berlin.de\" target=\"_blank\">bewerbungen@mvbz.fu-berlin.de<\/a><\/li><li>-&gt;  <strong>per Post<\/strong> <strong>an:<\/strong> Freie Universit\u00e4t Berlin, Zentraleinrichtung Margherita-von-Brentano-Zentrum f\u00fcr Geschlechterforschung, Toolbox Gender und Diversity in der Lehre, Dr. Heike Pantelmann, Habelschwerdter Allee 45, 14195 Berlin (Dahlem)<\/li><\/ul>\n\n\n\n<hr class=\"wp-block-separator has-alpha-channel-opacity\" \/>\n\n\n\n<p>Ansprechperson: <\/p>\n\n\n\n<p>Dr. Heike Pantelmann<\/p>\n\n\n\n<ul class=\"wp-block-list\"><li><strong>E-Mail:<\/strong> heike.pantelmann@fu-berlin.de<\/li><li><strong>Telefon: <\/strong>+49 30 838 52482<\/li><\/ul>\n\n\n\n<hr class=\"wp-block-separator has-alpha-channel-opacity\" \/>\n","protected":false},"excerpt":{"rendered":"<p>Bewerbungsfrist: 5. Dezember 2022 Die Toolbox Gender und Diversity in der Lehre sucht Verst\u00e4rkung f\u00fcr den k\u00fcnftigen Schwerpunkt Toolbox@school. Wenn Sie vertraut mit gender- und diversit\u00e4tssensibler Lehrkr\u00e4ftebildung sind und Erfahrung in Hochschullehre sowie mit digitalen Lehrformaten mitbringen, bewerben Sie sich.<\/p>\n","protected":false},"author":7120,"featured_media":6087,"comment_status":"open","ping_status":"open","sticky":false,"template":"","format":"standard","meta":{"footnotes":""},"categories":[428608],"tags":[305170,367,433674,306],"class_list":["post-3883","post","type-post","status-publish","format-standard","has-post-thumbnail","hentry","category-informiert","tag-diversity","tag-lehre","tag-genderkompetenz","tag-weiterbildung"],"_links":{"self":[{"href":"https:\/\/blogs.fu-berlin.de\/frauenbeauftragte\/wp-json\/wp\/v2\/posts\/3883","targetHints":{"allow":["GET"]}}],"collection":[{"href":"https:\/\/blogs.fu-berlin.de\/frauenbeauftragte\/wp-json\/wp\/v2\/posts"}],"about":[{"href":"https:\/\/blogs.fu-berlin.de\/frauenbeauftragte\/wp-json\/wp\/v2\/types\/post"}],"author":[{"embeddable":true,"href":"https:\/\/blogs.fu-berlin.de\/frauenbeauftragte\/wp-json\/wp\/v2\/users\/7120"}],"replies":[{"embeddable":true,"href":"https:\/\/blogs.fu-berlin.de\/frauenbeauftragte\/wp-json\/wp\/v2\/comments?post=3883"}],"version-history":[{"count":35,"href":"https:\/\/blogs.fu-berlin.de\/frauenbeauftragte\/wp-json\/wp\/v2\/posts\/3883\/revisions"}],"predecessor-version":[{"id":6517,"href":"https:\/\/blogs.fu-berlin.de\/frauenbeauftragte\/wp-json\/wp\/v2\/posts\/3883\/revisions\/6517"}],"wp:featuredmedia":[{"embeddable":true,"href":"https:\/\/blogs.fu-berlin.de\/frauenbeauftragte\/wp-json\/wp\/v2\/media\/6087"}],"wp:attachment":[{"href":"https:\/\/blogs.fu-berlin.de\/frauenbeauftragte\/wp-json\/wp\/v2\/media?parent=3883"}],"wp:term":[{"taxonomy":"category","embeddable":true,"href":"https:\/\/blogs.fu-berlin.de\/frauenbeauftragte\/wp-json\/wp\/v2\/categories?post=3883"},{"taxonomy":"post_tag","embeddable":true,"href":"https:\/\/blogs.fu-berlin.de\/frauenbeauftragte\/wp-json\/wp\/v2\/tags?post=3883"}],"curies":[{"name":"wp","href":"https:\/\/api.w.org\/{rel}","templated":true}]}}