{"id":3963,"date":"2022-11-25T18:33:17","date_gmt":"2022-11-25T17:33:17","guid":{"rendered":"https:\/\/blogs.fu-berlin.de\/frauenbeauftragte\/?p=3963"},"modified":"2025-01-03T11:14:24","modified_gmt":"2025-01-03T10:14:24","slug":"sbdg-aktionstage-wuensche-fuer-die-zukunft","status":"publish","type":"post","link":"https:\/\/blogs.fu-berlin.de\/frauenbeauftragte\/2022\/11\/25\/sbdg-aktionstage-wuensche-fuer-die-zukunft\/","title":{"rendered":"SBDG-Aktionstage: W\u00fcnsche f\u00fcr die Zukunft"},"content":{"rendered":"\n<div class=\"wp-block-media-text alignwide is-stacked-on-mobile\"><figure class=\"wp-block-media-text__media\"><img loading=\"lazy\" decoding=\"async\" width=\"1024\" height=\"683\" src=\"https:\/\/blogs.fu-berlin.de\/frauenbeauftragte\/files\/2022\/11\/My-project-1-1024x683.jpg\" alt=\"\" class=\"wp-image-3762 size-full\" srcset=\"https:\/\/blogs.fu-berlin.de\/frauenbeauftragte\/files\/2022\/11\/My-project-1-1024x683.jpg 1024w, https:\/\/blogs.fu-berlin.de\/frauenbeauftragte\/files\/2022\/11\/My-project-1-300x200.jpg 300w, https:\/\/blogs.fu-berlin.de\/frauenbeauftragte\/files\/2022\/11\/My-project-1-768x512.jpg 768w, https:\/\/blogs.fu-berlin.de\/frauenbeauftragte\/files\/2022\/11\/My-project-1-1536x1024.jpg 1536w, https:\/\/blogs.fu-berlin.de\/frauenbeauftragte\/files\/2022\/11\/My-project-1-2048x1365.jpg 2048w, https:\/\/blogs.fu-berlin.de\/frauenbeauftragte\/files\/2022\/11\/My-project-1-1200x800.jpg 1200w\" sizes=\"auto, (max-width: 709px) 85vw, (max-width: 909px) 67vw, (max-width: 1362px) 62vw, 840px\" \/><\/figure><div class=\"wp-block-media-text__content\">\n<p>Der 25.11. ist ein wichtiger Gedenk- und Aktionstag zur Beseitigung von Gewalt gegen Frauen<em>, <\/em>M\u00e4dchen und nicht-bin\u00e4re Personen. An der Freien Universit\u00e4t gab es vom 22.\u201325.11. verschiedene Veranstaltungen f\u00fcr alle Hochschulangeh\u00f6rigen. Neben Workshops, einer Ausstellung und einer Podiumsdiskussion hatten FU-Angeh\u00f6rige die M\u00f6glichkeit, an einem Wunschbaum W\u00fcnsche zu \u00e4u\u00dfern. <\/p>\n\n\n\n<!--more-->\n<\/div><\/div>\n\n\n\n<p>Der 25. November ist der<a rel=\"noreferrer noopener\" href=\"https:\/\/unwomen.de\/orange-the-world-2021\/\" target=\"_blank\"> Internationale Tag zur Beseitigung von Gewalt gegen Frauen<\/a>: ein Tag, an dem seit 1981 weltweit Aktionen zur Beendigung von Diskriminierung und Gewalt jeglicher Art gegen\u00fcber Frauen, M\u00e4dchen und nicht-bin\u00e4ren Personen stattfinden. In diesem Jahr organisierte das Margherita-von-Brentano-Zentrum (MvBZ) gemeinsam mit dem Team Zentrale Frauenbeauftragte vom 22.-25.11. Aktionstage an der FU unter dem Motto <a rel=\"noreferrer noopener\" href=\"https:\/\/www.fu-berlin.de\/sites\/nein-heisst-nein\/Anti-Gewalt-Aktionstage\/index.html\" target=\"_blank\">\u201eNein hei\u00dft Nein \u2013 gemeinsam gegen sexualisierte Gewalt\u201c<\/a>.<\/p>\n\n\n<div class=\"wp-block-image\">\n<figure class=\"alignright size-large is-resized\"><img loading=\"lazy\" decoding=\"async\" src=\"https:\/\/blogs.fu-berlin.de\/frauenbeauftragte\/files\/2022\/11\/Guettner-Eroeffnung-klein-1024x682.jpg\" alt=\"\" class=\"wp-image-3994\" width=\"512\" height=\"341\" srcset=\"https:\/\/blogs.fu-berlin.de\/frauenbeauftragte\/files\/2022\/11\/Guettner-Eroeffnung-klein-1024x682.jpg 1024w, https:\/\/blogs.fu-berlin.de\/frauenbeauftragte\/files\/2022\/11\/Guettner-Eroeffnung-klein-300x200.jpg 300w, https:\/\/blogs.fu-berlin.de\/frauenbeauftragte\/files\/2022\/11\/Guettner-Eroeffnung-klein-768x512.jpg 768w, https:\/\/blogs.fu-berlin.de\/frauenbeauftragte\/files\/2022\/11\/Guettner-Eroeffnung-klein-1200x800.jpg 1200w, https:\/\/blogs.fu-berlin.de\/frauenbeauftragte\/files\/2022\/11\/Guettner-Eroeffnung-klein.jpg 1280w\" sizes=\"auto, (max-width: 512px) 85vw, 512px\" \/><figcaption>Andrea G\u00fcttner, Vertretung der Kanzlerin in Abwesenheit, er\u00f6ffnet die Ausstellung #MeToo und die Universit\u00e4t, Foto: Rakaia El-Kasaby<\/figcaption><\/figure><\/div>\n\n\n<p>Als \u00f6ffentlichen Blickfang in der Rost- und Silberlaube er\u00f6ffnete Andrea G\u00fcttner, Vertretung der Kanzlerin in Abwesenheit, am 23.11. die Ausstellung <a rel=\"noreferrer noopener\" href=\"https:\/\/www.mvbz.fu-berlin.de\/termine\/20221121-25_ausstellung_me_too.html\" target=\"_blank\">#MeToo und die Universit\u00e4t<\/a>. In ihrer Rede verwies G\u00fcttner auf den Hintergrund des Gedenktages und die Geschichte der drei Schwestern Mirabal, die sich in der Dominikanischen Republik gegen das diktatorische Regime von Rafael Trujillo wehrten und nach mehreren Monaten der Folter am 25. November 1960 vergewaltigt und get\u00f6tet wurden. Sexualisierte Bel\u00e4stigung, Diskriminierung und Gewalt (SBDG) sei auch in Deutschland, in Berlin, an der FU Thema, so G\u00fcttner in ihrer Ansprache. Es gehe dabei um Sichtbarmachung und auch darum, ein verantwortungsvolles Umfeld zu schaffen, um SBDG zu verhindern.<\/p>\n\n\n\n<p class=\"has-medium-font-size\">Ausstellung: #MeToo und die Universit\u00e4t<\/p>\n\n\n\n<p>Die <a rel=\"noreferrer noopener\" href=\"https:\/\/www.fu-berlin.de\/sites\/frauenbeauftragte\/termine\/25N-Ausstellung-__MeToo-und-die-Universitaet_.html\" target=\"_blank\">Ausstellung #MeToo und die Universit\u00e4t<\/a> wurde im Rahmen des gleichnamigen ABV-Seminars &#8222;#MeToo und die Universit\u00e4t: Sexualisierte Diskriminierung und Gewalt an der Hochschule&#8220; konzipiert. Dieses Seminar wurde im Wintersemester 2019\/2020 von Dr. Heike Pantelmann und Dr. Tanja W\u00e4lty angeboten. In dem Seminar ordneten die Studierende sexualisierte Gewalt in gesellschaftliche Wissens- und Deutungsschemata ein und analysierten die spezifischen Funktionsweisen der Organisation Hochschule. Die Ergebnisse werden mithilfe verschiedener Schautafeln vermittelt und bieten neben Informationen rund um SBDG auch die M\u00f6glichkeit der Reflexion, wie beispielsweise zum Thema \u201eGar nicht erst zum T\u00e4ter werden.\u201c<\/p>\n\n\n\n<p>Ein Herzst\u00fcck der Ausstellung stellen die g\u00e4ngigen SBDG-Mythen dar, die einem Faktencheck unterzogen werden. Sie wurden f\u00fcr die aktuelle Pr\u00e4sentation der Ausstellung erg\u00e4nzt. Im Alltag vielfach verwendete \u00c4u\u00dferungen wie \u201eDas gibt es bei uns (an der Hochschule) nicht\u201c, \u201eDer Rock war zu kurz\u201c oder \u201eEs gibt so viele Falschanzeigen\u201c werden gepr\u00fcft und widerlegt. Die Ausstellung ist in der Fassung von 2020 auch nach dem Ende der Aktionstage <a rel=\"noreferrer noopener\" href=\"https:\/\/www.mvbz.fu-berlin.de\/ueber-uns\/dokumentation-eigener-veranstaltungen\/20200207_sbdg-aktionstag\/index.html\" target=\"_blank\">online<\/a> besuchbar.<\/p>\n\n\n\n<figure class=\"wp-block-gallery has-nested-images columns-default is-cropped wp-block-gallery-1 is-layout-flex wp-block-gallery-is-layout-flex\">\n<figure class=\"wp-block-image size-large\"><img loading=\"lazy\" decoding=\"async\" width=\"1814\" height=\"2560\" data-id=\"3997\" src=\"https:\/\/blogs.fu-berlin.de\/frauenbeauftragte\/files\/2022\/11\/0001-scaled.jpg\" alt=\"\" class=\"wp-image-3997\" srcset=\"https:\/\/blogs.fu-berlin.de\/frauenbeauftragte\/files\/2022\/11\/0001-scaled.jpg 1814w, https:\/\/blogs.fu-berlin.de\/frauenbeauftragte\/files\/2022\/11\/0001-213x300.jpg 213w, https:\/\/blogs.fu-berlin.de\/frauenbeauftragte\/files\/2022\/11\/0001-726x1024.jpg 726w, https:\/\/blogs.fu-berlin.de\/frauenbeauftragte\/files\/2022\/11\/0001-768x1084.jpg 768w, https:\/\/blogs.fu-berlin.de\/frauenbeauftragte\/files\/2022\/11\/0001-1089x1536.jpg 1089w, https:\/\/blogs.fu-berlin.de\/frauenbeauftragte\/files\/2022\/11\/0001-1452x2048.jpg 1452w, https:\/\/blogs.fu-berlin.de\/frauenbeauftragte\/files\/2022\/11\/0001-1200x1693.jpg 1200w\" sizes=\"auto, (max-width: 709px) 85vw, (max-width: 909px) 67vw, (max-width: 1362px) 62vw, 840px\" \/><\/figure>\n\n\n\n<figure class=\"wp-block-image size-large\"><img loading=\"lazy\" decoding=\"async\" width=\"1814\" height=\"2560\" data-id=\"3998\" src=\"https:\/\/blogs.fu-berlin.de\/frauenbeauftragte\/files\/2022\/11\/0002-scaled.jpg\" alt=\"\" class=\"wp-image-3998\" srcset=\"https:\/\/blogs.fu-berlin.de\/frauenbeauftragte\/files\/2022\/11\/0002-scaled.jpg 1814w, https:\/\/blogs.fu-berlin.de\/frauenbeauftragte\/files\/2022\/11\/0002-213x300.jpg 213w, https:\/\/blogs.fu-berlin.de\/frauenbeauftragte\/files\/2022\/11\/0002-726x1024.jpg 726w, https:\/\/blogs.fu-berlin.de\/frauenbeauftragte\/files\/2022\/11\/0002-768x1084.jpg 768w, https:\/\/blogs.fu-berlin.de\/frauenbeauftragte\/files\/2022\/11\/0002-1089x1536.jpg 1089w, https:\/\/blogs.fu-berlin.de\/frauenbeauftragte\/files\/2022\/11\/0002-1452x2048.jpg 1452w, https:\/\/blogs.fu-berlin.de\/frauenbeauftragte\/files\/2022\/11\/0002-1200x1693.jpg 1200w\" sizes=\"auto, (max-width: 709px) 85vw, (max-width: 909px) 67vw, (max-width: 1362px) 62vw, 840px\" \/><\/figure>\n\n\n\n<figure class=\"wp-block-image size-large\"><img loading=\"lazy\" decoding=\"async\" width=\"1814\" height=\"2560\" data-id=\"3999\" src=\"https:\/\/blogs.fu-berlin.de\/frauenbeauftragte\/files\/2022\/11\/0003-scaled.jpg\" alt=\"\" class=\"wp-image-3999\" srcset=\"https:\/\/blogs.fu-berlin.de\/frauenbeauftragte\/files\/2022\/11\/0003-scaled.jpg 1814w, https:\/\/blogs.fu-berlin.de\/frauenbeauftragte\/files\/2022\/11\/0003-213x300.jpg 213w, https:\/\/blogs.fu-berlin.de\/frauenbeauftragte\/files\/2022\/11\/0003-726x1024.jpg 726w, https:\/\/blogs.fu-berlin.de\/frauenbeauftragte\/files\/2022\/11\/0003-768x1084.jpg 768w, https:\/\/blogs.fu-berlin.de\/frauenbeauftragte\/files\/2022\/11\/0003-1089x1536.jpg 1089w, https:\/\/blogs.fu-berlin.de\/frauenbeauftragte\/files\/2022\/11\/0003-1452x2048.jpg 1452w, https:\/\/blogs.fu-berlin.de\/frauenbeauftragte\/files\/2022\/11\/0003-1200x1693.jpg 1200w\" sizes=\"auto, (max-width: 709px) 85vw, (max-width: 909px) 67vw, (max-width: 1362px) 62vw, 840px\" \/><\/figure>\n\n\n\n<figure class=\"wp-block-image size-large\"><img loading=\"lazy\" decoding=\"async\" width=\"1814\" height=\"2560\" data-id=\"4000\" src=\"https:\/\/blogs.fu-berlin.de\/frauenbeauftragte\/files\/2022\/11\/0004-scaled.jpg\" alt=\"\" class=\"wp-image-4000\" srcset=\"https:\/\/blogs.fu-berlin.de\/frauenbeauftragte\/files\/2022\/11\/0004-scaled.jpg 1814w, https:\/\/blogs.fu-berlin.de\/frauenbeauftragte\/files\/2022\/11\/0004-213x300.jpg 213w, https:\/\/blogs.fu-berlin.de\/frauenbeauftragte\/files\/2022\/11\/0004-726x1024.jpg 726w, https:\/\/blogs.fu-berlin.de\/frauenbeauftragte\/files\/2022\/11\/0004-768x1084.jpg 768w, https:\/\/blogs.fu-berlin.de\/frauenbeauftragte\/files\/2022\/11\/0004-1089x1536.jpg 1089w, https:\/\/blogs.fu-berlin.de\/frauenbeauftragte\/files\/2022\/11\/0004-1452x2048.jpg 1452w, https:\/\/blogs.fu-berlin.de\/frauenbeauftragte\/files\/2022\/11\/0004-1200x1693.jpg 1200w\" sizes=\"auto, (max-width: 709px) 85vw, (max-width: 909px) 67vw, (max-width: 1362px) 62vw, 840px\" \/><\/figure>\n\n\n\n<figure class=\"wp-block-image size-large\"><img loading=\"lazy\" decoding=\"async\" width=\"1814\" height=\"2560\" data-id=\"4001\" src=\"https:\/\/blogs.fu-berlin.de\/frauenbeauftragte\/files\/2022\/11\/0005-scaled.jpg\" alt=\"\" class=\"wp-image-4001\" srcset=\"https:\/\/blogs.fu-berlin.de\/frauenbeauftragte\/files\/2022\/11\/0005-scaled.jpg 1814w, https:\/\/blogs.fu-berlin.de\/frauenbeauftragte\/files\/2022\/11\/0005-213x300.jpg 213w, https:\/\/blogs.fu-berlin.de\/frauenbeauftragte\/files\/2022\/11\/0005-726x1024.jpg 726w, https:\/\/blogs.fu-berlin.de\/frauenbeauftragte\/files\/2022\/11\/0005-768x1084.jpg 768w, https:\/\/blogs.fu-berlin.de\/frauenbeauftragte\/files\/2022\/11\/0005-1089x1536.jpg 1089w, https:\/\/blogs.fu-berlin.de\/frauenbeauftragte\/files\/2022\/11\/0005-1452x2048.jpg 1452w, https:\/\/blogs.fu-berlin.de\/frauenbeauftragte\/files\/2022\/11\/0005-1200x1693.jpg 1200w\" sizes=\"auto, (max-width: 709px) 85vw, (max-width: 909px) 67vw, (max-width: 1362px) 62vw, 840px\" \/><\/figure>\n\n\n\n<figure class=\"wp-block-image size-large\"><img loading=\"lazy\" decoding=\"async\" width=\"1814\" height=\"2560\" data-id=\"4002\" src=\"https:\/\/blogs.fu-berlin.de\/frauenbeauftragte\/files\/2022\/11\/0006-scaled.jpg\" alt=\"\" class=\"wp-image-4002\" srcset=\"https:\/\/blogs.fu-berlin.de\/frauenbeauftragte\/files\/2022\/11\/0006-scaled.jpg 1814w, https:\/\/blogs.fu-berlin.de\/frauenbeauftragte\/files\/2022\/11\/0006-213x300.jpg 213w, https:\/\/blogs.fu-berlin.de\/frauenbeauftragte\/files\/2022\/11\/0006-726x1024.jpg 726w, https:\/\/blogs.fu-berlin.de\/frauenbeauftragte\/files\/2022\/11\/0006-768x1084.jpg 768w, https:\/\/blogs.fu-berlin.de\/frauenbeauftragte\/files\/2022\/11\/0006-1089x1536.jpg 1089w, https:\/\/blogs.fu-berlin.de\/frauenbeauftragte\/files\/2022\/11\/0006-1452x2048.jpg 1452w, https:\/\/blogs.fu-berlin.de\/frauenbeauftragte\/files\/2022\/11\/0006-1200x1693.jpg 1200w\" sizes=\"auto, (max-width: 709px) 85vw, (max-width: 909px) 67vw, (max-width: 1362px) 62vw, 840px\" \/><\/figure>\n\n\n\n<figure class=\"wp-block-image size-large\"><img loading=\"lazy\" decoding=\"async\" width=\"1814\" height=\"2560\" data-id=\"4003\" src=\"https:\/\/blogs.fu-berlin.de\/frauenbeauftragte\/files\/2022\/11\/0007-scaled.jpg\" alt=\"\" class=\"wp-image-4003\" srcset=\"https:\/\/blogs.fu-berlin.de\/frauenbeauftragte\/files\/2022\/11\/0007-scaled.jpg 1814w, https:\/\/blogs.fu-berlin.de\/frauenbeauftragte\/files\/2022\/11\/0007-213x300.jpg 213w, https:\/\/blogs.fu-berlin.de\/frauenbeauftragte\/files\/2022\/11\/0007-726x1024.jpg 726w, https:\/\/blogs.fu-berlin.de\/frauenbeauftragte\/files\/2022\/11\/0007-768x1084.jpg 768w, https:\/\/blogs.fu-berlin.de\/frauenbeauftragte\/files\/2022\/11\/0007-1089x1536.jpg 1089w, https:\/\/blogs.fu-berlin.de\/frauenbeauftragte\/files\/2022\/11\/0007-1452x2048.jpg 1452w, https:\/\/blogs.fu-berlin.de\/frauenbeauftragte\/files\/2022\/11\/0007-1200x1693.jpg 1200w\" sizes=\"auto, (max-width: 709px) 85vw, (max-width: 909px) 67vw, (max-width: 1362px) 62vw, 840px\" \/><\/figure>\n\n\n\n<figure class=\"wp-block-image size-large\"><img loading=\"lazy\" decoding=\"async\" width=\"1814\" height=\"2560\" data-id=\"4004\" src=\"https:\/\/blogs.fu-berlin.de\/frauenbeauftragte\/files\/2022\/11\/0008-scaled.jpg\" alt=\"\" class=\"wp-image-4004\" srcset=\"https:\/\/blogs.fu-berlin.de\/frauenbeauftragte\/files\/2022\/11\/0008-scaled.jpg 1814w, https:\/\/blogs.fu-berlin.de\/frauenbeauftragte\/files\/2022\/11\/0008-213x300.jpg 213w, https:\/\/blogs.fu-berlin.de\/frauenbeauftragte\/files\/2022\/11\/0008-726x1024.jpg 726w, https:\/\/blogs.fu-berlin.de\/frauenbeauftragte\/files\/2022\/11\/0008-768x1084.jpg 768w, https:\/\/blogs.fu-berlin.de\/frauenbeauftragte\/files\/2022\/11\/0008-1089x1536.jpg 1089w, https:\/\/blogs.fu-berlin.de\/frauenbeauftragte\/files\/2022\/11\/0008-1452x2048.jpg 1452w, https:\/\/blogs.fu-berlin.de\/frauenbeauftragte\/files\/2022\/11\/0008-1200x1693.jpg 1200w\" sizes=\"auto, (max-width: 709px) 85vw, (max-width: 909px) 67vw, (max-width: 1362px) 62vw, 840px\" \/><\/figure>\n\n\n\n<figure class=\"wp-block-image size-large\"><img loading=\"lazy\" decoding=\"async\" width=\"1814\" height=\"2560\" data-id=\"4005\" src=\"https:\/\/blogs.fu-berlin.de\/frauenbeauftragte\/files\/2022\/11\/0009-scaled.jpg\" alt=\"\" class=\"wp-image-4005\" srcset=\"https:\/\/blogs.fu-berlin.de\/frauenbeauftragte\/files\/2022\/11\/0009-scaled.jpg 1814w, https:\/\/blogs.fu-berlin.de\/frauenbeauftragte\/files\/2022\/11\/0009-213x300.jpg 213w, https:\/\/blogs.fu-berlin.de\/frauenbeauftragte\/files\/2022\/11\/0009-726x1024.jpg 726w, https:\/\/blogs.fu-berlin.de\/frauenbeauftragte\/files\/2022\/11\/0009-768x1084.jpg 768w, https:\/\/blogs.fu-berlin.de\/frauenbeauftragte\/files\/2022\/11\/0009-1089x1536.jpg 1089w, https:\/\/blogs.fu-berlin.de\/frauenbeauftragte\/files\/2022\/11\/0009-1452x2048.jpg 1452w, https:\/\/blogs.fu-berlin.de\/frauenbeauftragte\/files\/2022\/11\/0009-1200x1693.jpg 1200w\" sizes=\"auto, (max-width: 709px) 85vw, (max-width: 909px) 67vw, (max-width: 1362px) 62vw, 840px\" \/><\/figure>\n<figcaption class=\"blocks-gallery-caption\">Mythen \u00fcber sexualisierte Bel\u00e4stigung, Diskriminierung und Gewalt im Faktencheck. Urheberin: Margherita-von-Brentano-Zentrum<\/figcaption><\/figure>\n\n\n\n<p class=\"has-medium-font-size\">Podiumsdiskussion<\/p>\n\n\n\n<p>\u201eDanke f\u00fcr Ihr gro\u00dfes Interesse an diesem Thema, dieser Podiumsdiskussion. Wenn die St\u00fchle nicht ausreichen, schauen Sie doch bitte, ob Sie noch welche aus dem Nebenraum holen k\u00f6nnen.\u201c So leitete Heike Pantelmann, Gesch\u00e4ftsf\u00fchrerin des Margherita-von-Brentano-Zentrums, die gut besuchte <a rel=\"noreferrer noopener\" href=\"https:\/\/www.fu-berlin.de\/sites\/frauenbeauftragte\/termine\/25N-Podiumsdiskussion_-Gemeinsam-gegen-sexualisierte-Belaestigung_-Diskriminierung-und-Gewalt-an-Unis.html\" target=\"_blank\">Podiumsdiskussion<\/a> im Anschluss an die Ausstellungser\u00f6ffnung ein. Verschiedene Akteur*innen der FU berichteten in der Veranstaltung \u00fcber Herausforderungen in ihrer Arbeit gegen sexualisierte Bel\u00e4stigung, Diskriminierung und Gewalt.<\/p>\n\n\n<div class=\"wp-block-image\">\n<figure class=\"alignleft size-large is-resized\"><img loading=\"lazy\" decoding=\"async\" src=\"https:\/\/blogs.fu-berlin.de\/frauenbeauftragte\/files\/2022\/11\/podium-mit-wendy-1024x683.jpg\" alt=\"\" class=\"wp-image-3990\" width=\"512\" height=\"342\" srcset=\"https:\/\/blogs.fu-berlin.de\/frauenbeauftragte\/files\/2022\/11\/podium-mit-wendy-1024x683.jpg 1024w, https:\/\/blogs.fu-berlin.de\/frauenbeauftragte\/files\/2022\/11\/podium-mit-wendy-300x200.jpg 300w, https:\/\/blogs.fu-berlin.de\/frauenbeauftragte\/files\/2022\/11\/podium-mit-wendy-768x512.jpg 768w, https:\/\/blogs.fu-berlin.de\/frauenbeauftragte\/files\/2022\/11\/podium-mit-wendy-1536x1024.jpg 1536w, https:\/\/blogs.fu-berlin.de\/frauenbeauftragte\/files\/2022\/11\/podium-mit-wendy-2048x1365.jpg 2048w, https:\/\/blogs.fu-berlin.de\/frauenbeauftragte\/files\/2022\/11\/podium-mit-wendy-1200x800.jpg 1200w\" sizes=\"auto, (max-width: 512px) 85vw, 512px\" \/><figcaption>Das Podium: Brigitte Reysen-Kostudis, Wendy Stollberg, Heike Pantelmann, Tanja W\u00e4lty, Daniela Baresch und Gabriele Rosenstreich, Foto: Rakaia El-Kasaby<\/figcaption><\/figure><\/div>\n\n\n<p>\u201eEine Riesenherausforderung ist es, f\u00fcr Sichtbarkeit zu sorgen, denn SBDG ist kein individuelles, sondern ein strukturelles Problem an der Hochschule.\u201c Mit diesen Worten beschrieb Wendy Stollberg, Gesch\u00e4ftsf\u00fchrung der <a rel=\"noreferrer noopener\" href=\"https:\/\/www.fu-berlin.de\/sites\/nein-heisst-nein\/NEU_Anlaufstellen\/inhaltselemente\/NEU_Anlaufstellen_intern\/Geschaeftsstelle-AG-SBDG.html\" target=\"_blank\">Arbeitsgruppe Gegen Sexualisierte Bel\u00e4stigung, Diskriminierung und Gewalt <\/a>(AG SBDG) und Referentin im Team Zentrale Frauenbeauftragte, die Herausforderungen ihrer Beratungs- und Pr\u00e4ventionsarbeit. Die Differenz zwischen Theorie und Praxis und die Grenzen von Handlungsspielr\u00e4umen w\u00fcrden erst in der Beratungspraxis sichtbar. Vorhandene Machtstrukturen k\u00f6nnten ausreichenden Schutz f\u00fcr Betroffene ebenso erschweren wie wirksame Konsequenzen f\u00fcr T\u00e4ter*innen. Strukturelle Abh\u00e4ngigkeitsverh\u00e4ltnisse, beispielsweise in Lehr- und Betreuungssituationen, verst\u00e4rkten an Hochschulen die Hierarchien. Zwar habe die Freie Universit\u00e4t in den letzten Jahren durch die Einrichtung der AG SBGD und die <a rel=\"noreferrer noopener\" href=\"https:\/\/www.fu-berlin.de\/service\/zuvdocs\/amtsblatt\/2020\/ab412020.pdf\" target=\"_blank\">Richtlinie zum Umgang mit sexualisierter Bel\u00e4stigung, Diskriminierung und Gewalt<\/a> klar Position bezogen. Dennoch fehlten \u201everpflichtende Schulungen f\u00fcr F\u00fchrungskr\u00e4fte, die auch eine F\u00fcrsorgepflicht gegen\u00fcber ihren Mitarbeiter*innen haben\u201c. Dar\u00fcber hinaus seien Impulse und Erkenntnisse von Studierendenseite sehr wichtig. F\u00fcr die Zukunft w\u00fcnscht Wendy Stollberg sich eine &#8222;uneingeschr\u00e4nkte Unterst\u00fctzung der Betroffenen&#8220;.<\/p>\n\n\n<div class=\"wp-block-image\">\n<figure class=\"alignright size-large is-resized\"><img loading=\"lazy\" decoding=\"async\" src=\"https:\/\/blogs.fu-berlin.de\/frauenbeauftragte\/files\/2022\/11\/Podium-Daniela-1024x683.jpg\" alt=\"\" class=\"wp-image-3989\" width=\"512\" height=\"342\" srcset=\"https:\/\/blogs.fu-berlin.de\/frauenbeauftragte\/files\/2022\/11\/Podium-Daniela-1024x683.jpg 1024w, https:\/\/blogs.fu-berlin.de\/frauenbeauftragte\/files\/2022\/11\/Podium-Daniela-300x200.jpg 300w, https:\/\/blogs.fu-berlin.de\/frauenbeauftragte\/files\/2022\/11\/Podium-Daniela-768x512.jpg 768w, https:\/\/blogs.fu-berlin.de\/frauenbeauftragte\/files\/2022\/11\/Podium-Daniela-1536x1024.jpg 1536w, https:\/\/blogs.fu-berlin.de\/frauenbeauftragte\/files\/2022\/11\/Podium-Daniela-2048x1365.jpg 2048w, https:\/\/blogs.fu-berlin.de\/frauenbeauftragte\/files\/2022\/11\/Podium-Daniela-1200x800.jpg 1200w\" sizes=\"auto, (max-width: 512px) 85vw, 512px\" \/><figcaption>Daniela Baresch, Studentin im Master Gender, Intersektionalit\u00e4t und Politikwissenschaften, spricht sich f\u00fcr intersektionale Beratungen aus, Foto: Rakaia El-Kasaby<\/figcaption><\/figure><\/div>\n\n\n<p>Daniela Baresch, Studentin im<a rel=\"noreferrer noopener\" href=\"https:\/\/www.fu-berlin.de\/studium\/studienangebot\/master\/gender-intersektionalitaet-politik\/index.html\" target=\"_blank\"> Master Gender, Intersektionalit\u00e4t und Politik<\/a> und Teilnehmerin des Seminars <a rel=\"noreferrer noopener\" href=\"https:\/\/www.berlin-university-alliance.de\/en\/commitments\/teaching-learning\/sturop\/research-groups\/archiv\/wise21\/unitoo\/index.html\" target=\"_blank\">#UniToo?<\/a>, berichtet aus studentischer Perspektive, was sie als zentrales Problem bei SBDG-F\u00e4llen an der FU sieht. In der Praxis sei das Vertrauen von studentischer Seite in offizielle Beratungsstellen an der Hochschule gering &#8211; auch an der FU. Dies f\u00fchre dazu, dass sich Studierende \u201eeher an Stellen au\u00dferhalb der Uni oder an studentische Beratungsstellen wenden, die diversit\u00e4tsgerecht und intersektional beraten\u201c. Zudem berichtete Baresch von ihren Erkenntnissen aus dem von der Berlin University Alliance gef\u00f6rderten X-Student-Research-Groups Seminar <a rel=\"noreferrer noopener\" href=\"https:\/\/www.berlin-university-alliance.de\/en\/commitments\/teaching-learning\/sturop\/research-groups\/archiv\/wise21\/unitoo\/index.html\" target=\"_blank\">#UniToo?! Sexualisierte Bel\u00e4stigung, Diskriminierung und Gewalt an Berliner Hochschulen<\/a>. In diesem Seminar, das von Lina Knorr und Tanja W\u00e4lty im Sommersemester 2022 angeboten wurde, haben Studierende eigene Forschungen gemacht und unter anderem Interviews mit (de)zentralen Frauenbeauftragen an Berliner Hochschulen zu ihrer Beratungspraxis im Zusammenhang mit sexualisierter Bel\u00e4stigung, Diskriminierung und Gewalt, Ressourcen und hochschulinternen Spezifika gef\u00fchrt. <br><br>Brigitte Reysen-Kostudis, Psychologin in der <a rel=\"noreferrer noopener\" href=\"https:\/\/www.fu-berlin.de\/sites\/studienberatung\/index.html\" target=\"_blank\">Zentraleinrichtung Studienberatung und Psychologische Beratung<\/a>, ber\u00e4t SBDG-Betroffene und berichtete von den sich wandelnden Herausforderungen ihrer langj\u00e4hrigen Berufspraxis: \u201eIch arbeite seit 30 Jahren an der FU und in den ersten Jahren waren sexualisierte \u00dcbergriffe kaum Thema in meiner Beratung, dies hat sich in den letzten Jahren ge\u00e4ndert.\u201c Die Zentraleinrichtung Psychologische Beratung bietet einen gesch\u00fctzten und vertraulichen Raum f\u00fcr Betroffene von SBDG, die oft mit \u201epsychischen Folgen wie Unsicherheit, Ohnmachtsgef\u00fchlen, Depression und Scham\u201c zu k\u00e4mpfen h\u00e4tten. Neben Betroffenen ber\u00e4t Reysen-Kostudis auch Menschen, die eigene Grenz\u00fcberschreitungen nicht einsch\u00e4tzen k\u00f6nnen, wof\u00fcr die h\u00e4ufige Annahme bei SBDG spreche: \u201eIch habe doch gar nichts gemacht\u201c. Hier sei es wichtig, Wissen zu vermitteln: \u201eAuf T\u00e4terseite gibt es wenig Kenntnisse von Formen der Grenz\u00fcberschreitung.\u201c<br><\/p>\n\n\n\n<p>Bez\u00fcglich SBDG an der Hochschule sieht Gabriele Rosenstreich von der <a rel=\"noreferrer noopener\" href=\"https:\/\/www.fu-berlin.de\/sites\/spb\/team\/rosenstreich.html\" target=\"_blank\">Arbeitsstelle Diversity<\/a> der FU vor allem drei gro\u00dfe Herausforderungen: Pr\u00e4vention, Intervention und Intersektionalit\u00e4t. Wichtig f\u00fcr die Pr\u00e4vention sei das Verst\u00e4ndnis der Gewaltpyramide, in der sexualisierte Gewalt nur die Spitze darstelle. Deren Basis bilden Haltungen, d.h. eine wesentliche Rolle komme der Organisationskultur zu. Ziel sei, \u201eeine Organisationskultur zu pflegen, die ein respektvolles Miteinander garantiert\u201c. Dabei sei zu ber\u00fccksichtigen, dass trans Studierende die am meisten von sexualisierter Gewalt und \u00dcbergriffen Betroffenen an Hochschulen seien. Unter dem Aspekt der Intervention m\u00fcsse gefragt werden, welche Konsequenzen bei Grenz\u00fcberschreitungen ergriffen w\u00fcrden. Wichtig sei es, die Zug\u00e4nglichkeit von Anlaufstellen zu f\u00f6rdern, aber auch die Beschwerdestruktur an der FU strukturell zu ver\u00e4ndern. Schlie\u00dflich gehe es auch um die Ber\u00fccksichtigung eines intersektionalen Ansatzes: SBDG sei als Diskriminierung qua Geschlecht h\u00e4ufig verzahnt mit anderen Formen der Diskriminierung.<\/p>\n\n\n\n<p>Eine Perspektive aus der Forschung brachte Tanja W\u00e4lty, Wissenschaftliche Mitarbeiter*in am MvBZ im transnationalen Forschungsprojekt <a rel=\"noreferrer noopener\" href=\"https:\/\/www.mvbz.fu-berlin.de\/ueber-uns\/team\/waelty\/index.html\" target=\"_blank\">Perspectives and Discourses on Sexual Harassment in Higher Education Contexts<\/a> ein. W\u00e4lty problematisierte vor allem \u201eden nicht stattfindenden Wissenstransfer von der Forschung in die Praxis\u201c. Das Thema SBDG sei seit den 1980er\/90er Jahren durch feministische K\u00e4mpfe in die Hochschulen getragen worden. Es erg\u00e4ben sich immer wieder vergleichbare Studienergebnisse, immer wieder vergleichbare Zahlen; das Problem liege in der praktischen Umsetzung. SBDG als strukturelles Problem erfordere strukturelle L\u00f6sungen, das sei keine neue Erkenntnis, vielmehr m\u00fcsse dies \u201einstitutionalisiert und Top-Down&#8220; angegangen werden.<\/p>\n\n\n<div class=\"wp-block-image\">\n<figure class=\"alignleft size-large is-resized\"><img loading=\"lazy\" decoding=\"async\" src=\"https:\/\/blogs.fu-berlin.de\/frauenbeauftragte\/files\/2022\/11\/Publikum-2-1024x683.jpg\" alt=\"\" class=\"wp-image-3991\" width=\"512\" height=\"342\" srcset=\"https:\/\/blogs.fu-berlin.de\/frauenbeauftragte\/files\/2022\/11\/Publikum-2-1024x683.jpg 1024w, https:\/\/blogs.fu-berlin.de\/frauenbeauftragte\/files\/2022\/11\/Publikum-2-300x200.jpg 300w, https:\/\/blogs.fu-berlin.de\/frauenbeauftragte\/files\/2022\/11\/Publikum-2-768x512.jpg 768w, https:\/\/blogs.fu-berlin.de\/frauenbeauftragte\/files\/2022\/11\/Publikum-2-1536x1024.jpg 1536w, https:\/\/blogs.fu-berlin.de\/frauenbeauftragte\/files\/2022\/11\/Publikum-2-2048x1365.jpg 2048w, https:\/\/blogs.fu-berlin.de\/frauenbeauftragte\/files\/2022\/11\/Publikum-2-1200x800.jpg 1200w\" sizes=\"auto, (max-width: 512px) 85vw, 512px\" \/><figcaption>Die Pl\u00e4tze waren knapp und das Interesse an der Podiumsdiskussion gro\u00df, Foto: Rakaia El-Kasaby<\/figcaption><\/figure><\/div>\n\n\n<p>In der Fragerunde meldeten sich einige internationale Studierende aus dem Publikum zu Wort, die die deutsche Hochschulkultur in ihrer Leistungsorientierung als sehr einseitig wahrnehmen. Lehrende in Deutschland seien zwar fachlich ansprechbar, im Vergleich zu anderen L\u00e4ndern sei jedoch kein Raum vorhanden, um Probleme auf der zwischenmenschlichen Ebene zu l\u00f6sen. Die Uni sei kein Ort f\u00fcr pers\u00f6nliche Gef\u00fchle, so dass es insbesondere f\u00fcr internationale Studierende schwierig sei, Ansprechpersonen zu identifizieren und Hilfe zu bekommen. Brigitte Reysen-Kostudis berichtete aus ihrer Praxis, dass andere L\u00e4nder \u00fcber deutlich umfangreichere Betreuungsstrukturen verf\u00fcgten und w\u00fcnschte sich hier eine Verbesserung an der FU.<\/p>\n\n\n\n<p>Abschlie\u00dfend hatten alle Podiumsteilnehmer*innen Gelegenheit, ihre W\u00fcnsche bez\u00fcglich SBDG zu \u00e4u\u00dfern. Mehr Sensibilisierung, Pr\u00e4vention sowie Vermittlung von Informationen an Studierende wurden ebenso genannt wie die gemeinsame \u00dcbernahme von Verantwortung durch alle Hochschulangeh\u00f6rigen.<\/p>\n\n\n\n<p class=\"has-medium-font-size\">Wunschbaum<\/p>\n\n\n<div class=\"wp-block-image\">\n<figure class=\"alignright size-full is-resized\"><img loading=\"lazy\" decoding=\"async\" src=\"https:\/\/blogs.fu-berlin.de\/frauenbeauftragte\/files\/2022\/11\/Wunschbaum-klein-zugeschnitten.jpg\" alt=\"\" class=\"wp-image-4010\" width=\"381\" height=\"308\" srcset=\"https:\/\/blogs.fu-berlin.de\/frauenbeauftragte\/files\/2022\/11\/Wunschbaum-klein-zugeschnitten.jpg 761w, https:\/\/blogs.fu-berlin.de\/frauenbeauftragte\/files\/2022\/11\/Wunschbaum-klein-zugeschnitten-300x242.jpg 300w\" sizes=\"auto, (max-width: 381px) 85vw, 381px\" \/><figcaption>Am Wunschbaum in der Rost- und Silberlaube wurden am Ende der Aktionstage viele W\u00fcnsche und Anliegen in Bezug auf SBDG an der FU ge\u00e4u\u00dfert, Foto: Rakaia El-Kasaby <\/figcaption><\/figure><\/div>\n\n\n<p>Doch nicht nur das Podium \u00e4u\u00dferte im Rahmen der diesj\u00e4hrigen Aktionstage W\u00fcnsche. \u00dcber einen analogen Wunschbaum in der Rost- und Silberlaube und einen <a rel=\"noreferrer noopener\" href=\"https:\/\/blogs.fu-berlin.de\/wunschbaum_n25\/2022\/11\/07\/digitaler-wunschbaum\/\" target=\"_blank\">digitalen Wunschbaum<\/a> konnten alle FU-Angeh\u00f6rigen (anonymisiert) ihre Bed\u00fcrfnisse und Anliegen im Kontext von SBDG an der Hochschule formulieren.<\/p>\n\n\n\n<p>Beispielsweise wurde die Ent-Tabuisierung von sexualisierter Gewalt und der Wunsch nach mehr Informationsveranstaltungen im Allgemeinen sowie nach verpflichtenden Schulungen f\u00fcr F\u00fchrungskr\u00e4fte genannt. Im Folgenden sind einige W\u00fcnsche FU-Angeh\u00f6riger aufgef\u00fchrt, die sich teilweise auf die Freie Universit\u00e4t selbst, aber auch dar\u00fcber hinaus auf die Gesellschaft beziehen.<\/p>\n\n\n\n<hr class=\"wp-block-separator has-alpha-channel-opacity\" \/>\n\n\n\n<blockquote class=\"wp-block-quote has-text-align-left is-layout-flow wp-block-quote-is-layout-flow\"><p>\u201eAuch w\u00fcnsche ich mir, dass das Thema sexualisierte Gewalt aus der Tabuthemenecke verschwindet und offen, tabufrei diskutiert und verhandelt wird.\u201c<\/p><\/blockquote>\n\n\n\n<blockquote class=\"wp-block-quote has-text-align-right is-layout-flow wp-block-quote-is-layout-flow\"><p>\u201eInformationsmaterial auch in englischer Sprache ist f\u00fcr eine gr\u00f6\u00dfere Reichweite unabdingbar und sollte f\u00fcr eine internationale Netzwerkuniversit\u00e4t selbstverst\u00e4ndlich sein.\u201c<\/p><\/blockquote>\n\n\n\n<blockquote class=\"wp-block-quote is-layout-flow wp-block-quote-is-layout-flow\"><p>\u201eIch w\u00fcnsche mir, dass die \u201eNein hei\u00dft Nein\u201c-Debatte zu einer \u201eNur Ja hei\u00dft Ja\u201c-Debatte evolviert.\u201c<\/p><\/blockquote>\n\n\n\n<blockquote class=\"wp-block-quote has-text-align-right is-layout-flow wp-block-quote-is-layout-flow\"><p>\u201eIch w\u00fcnsche mir, dass Frauen sich nicht mehr \u201esch\u00fctzen\u201c und Strategien gegen m\u00e4nnliche (sexualisierte) Gewalt entwickeln m\u00fcssen, sondern dass M\u00e4nner nicht zu T\u00e4tern werden oder wegschauen. Ich w\u00fcnsche mir mehr kritische Reflexion \u00fcber \u201eM\u00e4nnlichkeit\u201c und M\u00e4nnerb\u00fcnde und viel mehr Diskussionen unter M\u00e4nnern \u00fcber das Thema Sexismus und (sexualisierte) Gewalt.\u201c<\/p><\/blockquote>\n\n\n\n<blockquote class=\"wp-block-quote is-layout-flow wp-block-quote-is-layout-flow\"><p>\u201eViele M\u00e4nner f\u00fchlen sich von feministischen \u201eAktionen\u201c ausgeschlossen und dabei kann es vermutlich schwerfallen, keine innere abwehrende Haltung zu der Thematik aufzubauen, die sie dann nicht mal \u00e4u\u00dfern d\u00fcrfen, da es ein Tabu w\u00e4re.\u201c<\/p><\/blockquote>\n\n\n\n<hr class=\"wp-block-separator has-alpha-channel-opacity\" \/>\n\n\n\n<p>Die gesammelten W\u00fcnsche beider Wunschb\u00e4ume werden nach dem Abschluss der Aktionstage der AG Gegen Sexualisierte Bel\u00e4stigung, Diskriminierung und Gewalt f\u00fcr ihre weitere Arbeit \u00fcberreicht. <\/p>\n\n\n\n<p class=\"has-medium-font-size\">Sozialisation und Gewalt<\/p>\n\n\n\n<p>Die \u00d6ffnung des Themas SBDG f\u00fcr M\u00e4nner<em>, <\/em>die Ber\u00fccksichtigung ihrer Rolle und Verantwortung wurde auf dem Wunschbaum mehrfach genannt. Im Rahmen der FU-Aktionstage wurde ein Workshop zu <a rel=\"noreferrer noopener\" href=\"https:\/\/www.mvbz.fu-berlin.de\/termine\/20221121-25_ausstellung_me_too.html\" target=\"_blank\">Sozialisation und Gewaltbereitschaft<\/a> angeboten, der sich mit der (un-)freiwilligen geschlechtlichen (Selbst-)Sozialisation von Menschen besch\u00e4ftigt. In einem dreist\u00fcndigen Workshop, zu dem Menschen aller Geschlechter eingeladen waren, setzten sich die Teilnehmer*innen mit dem Verlernen der Wahrnehmung von Gef\u00fchlen, der erworbenen H\u00e4rte gegen\u00fcber dem eigenen K\u00f6rper und der Sensibilit\u00e4t f\u00fcr eigene Grenzen und die anderer auseinander.<\/p>\n\n\n\n<p>Weitere Angebote der Aktionstage bildeten zwei Workshops. Der Workshop zu <a rel=\"noreferrer noopener\" href=\"https:\/\/www.mvbz.fu-berlin.de\/termine\/20221121-25_ausstellung_me_too.html\" target=\"_blank\">(Cyber)Stalking<\/a>, richtetet sich an Ansprechpersonen in Beratungsstellen, in Studien- und Pr\u00fcfungsb\u00fcros sowie an Personen in gew\u00e4hlten \u00c4mtern. Studierenden und Nachwuchswissenschaftler*innen bot <a rel=\"noreferrer noopener\" href=\"https:\/\/www.mvbz.fu-berlin.de\/termine\/20221123_von_peer_zu_peer.html\" target=\"_blank\">Von Peer zu Peer: Austausch zu sexualisierter Bel\u00e4stigung, Diskriminierung und Gewalt im Hochschulkontext<\/a> einen sicheren Raum, um sich \u00fcber hierarchische Abh\u00e4ngigkeitsbeziehungen und Grenzverletzungen auszutauschen.<\/p>\n\n\n\n<hr class=\"wp-block-separator has-alpha-channel-opacity\" \/>\n\n\n\n<p>Eine \u00dcbersicht aller FU-internen und externen <a rel=\"noreferrer noopener\" href=\"https:\/\/www.fu-berlin.de\/sites\/nein-heisst-nein\/NEU_Anlaufstellen\/index.html\" target=\"_blank\">Beratungsstellen<\/a> sowie weitere Informationen zum Thema sind auf <a rel=\"noreferrer noopener\" href=\"https:\/\/www.fu-berlin.de\/sites\/nein-heisst-nein\/index.html\" target=\"_blank\">Nein-hei\u00dft-Nein-Webseite<\/a> zu finden.<\/p>\n","protected":false},"excerpt":{"rendered":"<p>Der 25.11. ist ein wichtiger Gedenk- und Aktionstag zur Beseitigung von Gewalt gegen Frauen, M\u00e4dchen und nicht-bin\u00e4re Personen. An der Freien Universit\u00e4t gab es vom 22.\u201325.11. verschiedene Veranstaltungen f\u00fcr alle Hochschulangeh\u00f6rigen. Neben Workshops, einer Ausstellung und einer Podiumsdiskussion hatten FU-Angeh\u00f6rige die M\u00f6glichkeit, an einem Wunschbaum W\u00fcnsche zu \u00e4u\u00dfern.<\/p>\n","protected":false},"author":7120,"featured_media":3762,"comment_status":"open","ping_status":"open","sticky":false,"template":"","format":"standard","meta":{"footnotes":""},"categories":[428608,424297],"tags":[305170,433140,215230,433967,91,437425],"class_list":["post-3963","post","type-post","status-publish","format-standard","has-post-thumbnail","hentry","category-informiert","category-positionen","tag-diversity","tag-sbdg","tag-gewalt","tag-nomeansno","tag-beratung","tag-belaestigung"],"_links":{"self":[{"href":"https:\/\/blogs.fu-berlin.de\/frauenbeauftragte\/wp-json\/wp\/v2\/posts\/3963","targetHints":{"allow":["GET"]}}],"collection":[{"href":"https:\/\/blogs.fu-berlin.de\/frauenbeauftragte\/wp-json\/wp\/v2\/posts"}],"about":[{"href":"https:\/\/blogs.fu-berlin.de\/frauenbeauftragte\/wp-json\/wp\/v2\/types\/post"}],"author":[{"embeddable":true,"href":"https:\/\/blogs.fu-berlin.de\/frauenbeauftragte\/wp-json\/wp\/v2\/users\/7120"}],"replies":[{"embeddable":true,"href":"https:\/\/blogs.fu-berlin.de\/frauenbeauftragte\/wp-json\/wp\/v2\/comments?post=3963"}],"version-history":[{"count":92,"href":"https:\/\/blogs.fu-berlin.de\/frauenbeauftragte\/wp-json\/wp\/v2\/posts\/3963\/revisions"}],"predecessor-version":[{"id":4166,"href":"https:\/\/blogs.fu-berlin.de\/frauenbeauftragte\/wp-json\/wp\/v2\/posts\/3963\/revisions\/4166"}],"wp:featuredmedia":[{"embeddable":true,"href":"https:\/\/blogs.fu-berlin.de\/frauenbeauftragte\/wp-json\/wp\/v2\/media\/3762"}],"wp:attachment":[{"href":"https:\/\/blogs.fu-berlin.de\/frauenbeauftragte\/wp-json\/wp\/v2\/media?parent=3963"}],"wp:term":[{"taxonomy":"category","embeddable":true,"href":"https:\/\/blogs.fu-berlin.de\/frauenbeauftragte\/wp-json\/wp\/v2\/categories?post=3963"},{"taxonomy":"post_tag","embeddable":true,"href":"https:\/\/blogs.fu-berlin.de\/frauenbeauftragte\/wp-json\/wp\/v2\/tags?post=3963"}],"curies":[{"name":"wp","href":"https:\/\/api.w.org\/{rel}","templated":true}]}}