{"id":4189,"date":"2022-12-08T17:56:35","date_gmt":"2022-12-08T16:56:35","guid":{"rendered":"https:\/\/blogs.fu-berlin.de\/frauenbeauftragte\/?p=4189"},"modified":"2023-07-17T12:06:12","modified_gmt":"2023-07-17T10:06:12","slug":"lesungen-fur-frau-leben-freiheit","status":"publish","type":"post","link":"https:\/\/blogs.fu-berlin.de\/frauenbeauftragte\/2022\/12\/08\/lesungen-fur-frau-leben-freiheit\/","title":{"rendered":"Lesungen f\u00fcr &#8222;Frau, Leben, Freiheit&#8220;"},"content":{"rendered":"\n<div class=\"wp-block-media-text alignwide is-stacked-on-mobile\"><figure class=\"wp-block-media-text__media\"><img decoding=\"async\" src=\"https:\/\/blogs.fu-berlin.de\/frauenbeauftragte\/files\/2022\/12\/womens-rights-schrift-wei.jpg\" alt=\"\" class=\"wp-image-4198 size-full\" \/><\/figure><div class=\"wp-block-media-text__content\">\n<p><strong>Lesungen: 9. &amp; 10. Dezember 2022, Campus Dahlem<\/strong> <\/p>\n\n\n\n<p>Zum internationalen <a rel=\"noreferrer noopener\" href=\"https:\/\/unric.org\/de\/101219-menschenrechte\/\" target=\"_blank\">Tag der Menschenrechte<\/a> finden als Akt der Solidarit\u00e4t weltweit Lesungen iranischer Werke statt. Auch vier Einrichtungen der Freien Universit\u00e4t beteiligen sich mit <a rel=\"noreferrer noopener\" href=\"https:\/\/www.fu-berlin.de\/presse\/informationen\/fup\/2022\/fup_22_234-weltweite-lesung-iran\/index.html\" data-type=\"URL\" data-id=\"https:\/\/www.fu-berlin.de\/presse\/informationen\/fup\/2022\/fup_22_234-weltweite-lesung-iran\/index.html\" target=\"_blank\">Lesungen<\/a> auf Persisch, Englisch und Deutsch. <\/p>\n\n\n\n<!--more-->\n<\/div><\/div>\n\n\n<div class=\"wp-block-image\">\n<figure class=\"alignright size-large is-resized\"><img loading=\"lazy\" decoding=\"async\" src=\"https:\/\/blogs.fu-berlin.de\/frauenbeauftragte\/files\/2022\/12\/iran_plakat-1-726x1024.jpg\" alt=\"\" class=\"wp-image-4281\" width=\"363\" height=\"512\" srcset=\"https:\/\/blogs.fu-berlin.de\/frauenbeauftragte\/files\/2022\/12\/iran_plakat-1-726x1024.jpg 726w, https:\/\/blogs.fu-berlin.de\/frauenbeauftragte\/files\/2022\/12\/iran_plakat-1-213x300.jpg 213w, https:\/\/blogs.fu-berlin.de\/frauenbeauftragte\/files\/2022\/12\/iran_plakat-1-768x1083.jpg 768w, https:\/\/blogs.fu-berlin.de\/frauenbeauftragte\/files\/2022\/12\/iran_plakat-1-1090x1536.jpg 1090w, https:\/\/blogs.fu-berlin.de\/frauenbeauftragte\/files\/2022\/12\/iran_plakat-1-1453x2048.jpg 1453w, https:\/\/blogs.fu-berlin.de\/frauenbeauftragte\/files\/2022\/12\/iran_plakat-1-1200x1692.jpg 1200w, https:\/\/blogs.fu-berlin.de\/frauenbeauftragte\/files\/2022\/12\/iran_plakat-1-scaled.jpg 1816w\" sizes=\"auto, (max-width: 363px) 85vw, 363px\" \/><\/figure><\/div>\n\n\n<p>Das internationale literaturfestival berlin hat dazu aufgerufen, den Tag der Menschenrechte der Unterst\u00fctzung des iranischen Aufstandes zu widmen. In einer <a rel=\"noreferrer noopener\" href=\"https:\/\/literaturfestival.com\/weltweite-lesung-iranischer-literatur-am-10-dezember-2022\/\" target=\"_blank\">weltweiten Lesung<\/a> wird iranische Literatur vorgetragen, um Unterst\u00fctzung f\u00fcr das iranische Volk auf dem Weg zu Demokratie und Freiheit auszudr\u00fccken. An vier Einrichtungen der FU bieten Studierende, Promovierende und Dichter*innen \u00f6ffentliche Lesungen an.  <\/p>\n\n\n\n<p class=\"has-medium-font-size\">Lesung am Institut f\u00fcr Englische Philologie <\/p>\n\n\n\n<p>Masterstudierende des Seminars &#8222;Gender, Class and Race across Time and Space&#8220; am Institut f\u00fcr Englische Philologie laden am 9. Dezember unter dem Titel &#8222;<a rel=\"noreferrer noopener\" href=\"https:\/\/www.geisteswissenschaften.fu-berlin.de\/en\/we06\/institut\/news\/Woman-_-Life-_-Freedom.html\" target=\"_blank\">Woman, Life, Freedom<\/a>&#8220; zu einer Lesung ein. Auf dem Programm stehen Werke wie <a rel=\"noreferrer noopener\" href=\"https:\/\/www.academia.edu\/40408768\/Crowning_Anguish_Taj_al_Saltana_Memoirs_of_A_Persian_Princess_from_the_Harem_to_Modernity_1884_1914\" target=\"_blank\">Crowning Anguish: Memoirs of A Persian Princess from the Harem to Modernity, 1884-1914<\/a> von Taj al-Saltana und Gedichte der iranischen Dichterin und Filmregisseurin <a rel=\"noreferrer noopener\" href=\"http:\/\/farrokhzadpoems.com\/\" target=\"_blank\">Forough Farrokhzad<\/a>. Auch pers\u00f6nliche Berichte \u00fcber die aktuellen Proteste von Iran*innen und ihren Kampf f\u00fcr Frieden und Demokratie werden auf Persisch, Englisch und Deutsch verlesen. <\/p>\n\n\n\n<p>Ort &amp; Zeit: Freitag, 9. Dezember 2022 | 12-14 Uhr | Rost- und Silberlaube | KL 29\/137 | <a rel=\"noreferrer noopener\" href=\"https:\/\/www.geisteswissenschaften.fu-berlin.de\/en\/we06\/institut\/news\/Woman-_-Life-_-Freedom.html\" target=\"_blank\">Einladung<\/a><\/p>\n\n\n\n<hr class=\"wp-block-separator has-alpha-channel-opacity\" \/>\n\n\n<div class=\"wp-block-image\">\n<figure class=\"alignleft size-large is-resized\"><img loading=\"lazy\" decoding=\"async\" src=\"https:\/\/blogs.fu-berlin.de\/frauenbeauftragte\/files\/2022\/12\/Poster_Hochformat_FSGS-Lesung-iranischer-Literatur3-724x1024.png\" alt=\"\" class=\"wp-image-4222\" width=\"362\" height=\"512\" srcset=\"https:\/\/blogs.fu-berlin.de\/frauenbeauftragte\/files\/2022\/12\/Poster_Hochformat_FSGS-Lesung-iranischer-Literatur3-724x1024.png 724w, https:\/\/blogs.fu-berlin.de\/frauenbeauftragte\/files\/2022\/12\/Poster_Hochformat_FSGS-Lesung-iranischer-Literatur3-212x300.png 212w, https:\/\/blogs.fu-berlin.de\/frauenbeauftragte\/files\/2022\/12\/Poster_Hochformat_FSGS-Lesung-iranischer-Literatur3-768x1086.png 768w, https:\/\/blogs.fu-berlin.de\/frauenbeauftragte\/files\/2022\/12\/Poster_Hochformat_FSGS-Lesung-iranischer-Literatur3-1086x1536.png 1086w, https:\/\/blogs.fu-berlin.de\/frauenbeauftragte\/files\/2022\/12\/Poster_Hochformat_FSGS-Lesung-iranischer-Literatur3-1448x2048.png 1448w, https:\/\/blogs.fu-berlin.de\/frauenbeauftragte\/files\/2022\/12\/Poster_Hochformat_FSGS-Lesung-iranischer-Literatur3-1200x1698.png 1200w, https:\/\/blogs.fu-berlin.de\/frauenbeauftragte\/files\/2022\/12\/Poster_Hochformat_FSGS-Lesung-iranischer-Literatur3.png 1587w\" sizes=\"auto, (max-width: 362px) 85vw, 362px\" \/><\/figure><\/div>\n\n\n<p class=\"has-medium-font-size\">Lesung an der FSGS<\/p>\n\n\n\n<p>Promovierende der Friedrich-Schlegel-Graduiertenschule f\u00fcr literaturwissenschaftliche Studien (FSGS) lesen unter dem Motto &#8222;<a href=\"https:\/\/www.geisteswissenschaften.fu-berlin.de\/friedrichschlegel\/aktivitaeten\/Workshops_Tagungen_Vortraege\/termine\/2022\/_ressourcen\/Poster_Hochformat_FSGS-Lesung-iranischer-Literatur_3_.png?html=1&amp;locale=de&amp;ref=130024035\" target=\"_blank\" rel=\"noreferrer noopener\">Frau* Leben Freiheit<\/a>&#8220; auf Farsi und Deutsch aus Werken von <a rel=\"noreferrer noopener\" href=\"http:\/\/farrokhzadpoems.com\/\" target=\"_blank\">Forugh Farrokhzad<\/a>, <a rel=\"noreferrer noopener\" href=\"https:\/\/www.shahrnushparsipur.com\/\" target=\"_blank\">Shahrnush Parsipur<\/a> und <a rel=\"noreferrer noopener\" href=\"https:\/\/gesichter-ruhr.de\/interviews\/shaghayegh\/\" target=\"_blank\">Shaghayegh Shahroudi<\/a>.  Diese Autor*innen verschiedener Generationen stellen in ihren Texte traditionelle Normen infrage &#8211; Sinnbild einer feministischen, hoffnungsvollen Literaturtradition, so die Veranstalter*innen. <\/p>\n\n\n\n<p>Interessierte sind herzlich zu der Veranstaltung eingeladen. Eine Anmeldung ist erforderlich, per E-Mail an <a href=\"mailto:pauline.westerbarkey@fu-berlin.de\" target=\"_blank\" rel=\"noreferrer noopener\">pauline.westerbarkey@fu-berlin.de<\/a> oder <a href=\"mailto:chiara.liso@fu-berlin.de\" target=\"_blank\" rel=\"noreferrer noopener\">chiara.liso@fu-berlin.de<\/a>. <\/p>\n\n\n\n<p>Ort &amp; Zeit: Samstag, 10. Dezember 2022 | 15-17 Uhr | Rost- und Silberlaube | JK 33\/121 | <a rel=\"noreferrer noopener\" href=\"https:\/\/www.geisteswissenschaften.fu-berlin.de\/friedrichschlegel\/aktivitaeten\/Workshops_Tagungen_Vortraege\/termine\/2022\/2022-12-10-Frau_-Leben_-Freiheit-_-_Weltweite-Lesung_-iranischer-Literatur.html\" target=\"_blank\">Einladung<\/a> | Anmeldung erforderlich<\/p>\n\n\n\n<hr class=\"wp-block-separator has-alpha-channel-opacity\" \/>\n\n\n<div class=\"wp-block-image\">\n<figure class=\"alignright size-large is-resized\"><img loading=\"lazy\" decoding=\"async\" src=\"https:\/\/blogs.fu-berlin.de\/frauenbeauftragte\/files\/2022\/12\/2022-12-10_Poems-from-Iran-10_12_-724x1024.jpg\" alt=\"\" class=\"wp-image-4249\" width=\"362\" height=\"512\" srcset=\"https:\/\/blogs.fu-berlin.de\/frauenbeauftragte\/files\/2022\/12\/2022-12-10_Poems-from-Iran-10_12_-724x1024.jpg 724w, https:\/\/blogs.fu-berlin.de\/frauenbeauftragte\/files\/2022\/12\/2022-12-10_Poems-from-Iran-10_12_-212x300.jpg 212w, https:\/\/blogs.fu-berlin.de\/frauenbeauftragte\/files\/2022\/12\/2022-12-10_Poems-from-Iran-10_12_-768x1086.jpg 768w, https:\/\/blogs.fu-berlin.de\/frauenbeauftragte\/files\/2022\/12\/2022-12-10_Poems-from-Iran-10_12_-1086x1536.jpg 1086w, https:\/\/blogs.fu-berlin.de\/frauenbeauftragte\/files\/2022\/12\/2022-12-10_Poems-from-Iran-10_12_-1448x2048.jpg 1448w, https:\/\/blogs.fu-berlin.de\/frauenbeauftragte\/files\/2022\/12\/2022-12-10_Poems-from-Iran-10_12_-1200x1697.jpg 1200w, https:\/\/blogs.fu-berlin.de\/frauenbeauftragte\/files\/2022\/12\/2022-12-10_Poems-from-Iran-10_12_-scaled.jpg 1810w\" sizes=\"auto, (max-width: 362px) 85vw, 362px\" \/><\/figure><\/div>\n\n\n<p class=\"has-medium-font-size\">Lesung am Peter-Szondi-Institut<\/p>\n\n\n\n<p>Am Peter-Szondi-Institut f\u00fcr Allgemeine und Vergleichende Literaturwissenschaft tragen Studierende, Promovierende und Dichter*innen unter dem Titel &#8222;<a href=\"https:\/\/www.geisteswissenschaften.fu-berlin.de\/we03\/media\/pdf\/2022-12-10_Poems-from-Iran-10_12_.pdf\" target=\"_blank\" rel=\"noreferrer noopener\">Poems from Iran<\/a>&#8220; Gedichte von <a rel=\"noreferrer noopener\" href=\"http:\/\/fremdenverkehrsamt-iran.de\/ferdowsi-gedenktag-in-iran-ferdowsi-ein-weltweit-bekannter-persischer-dichter\/\" target=\"_blank\">Ferdowsi<\/a>, <a rel=\"noreferrer noopener\" href=\"http:\/\/www.irankultur.com\/saadi-schirazi\/\" target=\"_blank\">Saadi<\/a>, <a rel=\"noreferrer noopener\" href=\"http:\/\/farrokhzadpoems.com\/\" target=\"_blank\">Forugh Farrokhzad<\/a> und <a rel=\"noreferrer noopener\" href=\"https:\/\/www.perlentaucher.de\/autor\/granaz-moussavi.html\" target=\"_blank\">Granaz Moussavi<\/a> auf Farsi und Englisch vor. Eine Anmeldung ist nicht erforderlich. <\/p>\n\n\n\n<p>Ort &amp; Zeit: Samstag, 10. Dezember 2022 | 17:30-19 Uhr | Rost- und Silberlaube | KL 32\/202 | <a href=\"https:\/\/www.geisteswissenschaften.fu-berlin.de\/we03\/institut\/termine\/2022-12-10_Poems-from-Iran.html\" data-type=\"URL\" target=\"_blank\" rel=\"noreferrer noopener\">Einladung<\/a><\/p>\n\n\n\n<hr class=\"wp-block-separator has-alpha-channel-opacity\" \/>\n\n\n\n<p class=\"has-medium-font-size\">Lesung am Institut f\u00fcr Iranistik <\/p>\n\n\n\n<p>Das Institut f\u00fcr Iranistik pr\u00e4sentiert unter dem Titel &#8222;<a href=\"https:\/\/www.geschkult.fu-berlin.de\/e\/iranistik\/news\/Ankuendigung-Lesung-Dec2022.jpg?html=1&amp;locale=de&amp;ref=130109608\" target=\"_blank\" rel=\"noreferrer noopener\">Weltweite Lesung<\/a>&#8220; poetische Texte in persischer Sprache mit deutscher \u00dcbersetzung.&nbsp;Getreu dem Motto &#8222;Frau, Leben, Freiheit&#8220; widmen die Veranstalter*innen ihre Lesung insbesondere den Frauen im Iran und ihrem Eintreten f\u00fcr Freiheit und Demokratie. F\u00fcnf Dichter*innen sind eingeladen: <a rel=\"noreferrer noopener\" href=\"https:\/\/weiterschreiben.jetzt\/kuenstlerinnen\/autorinnen\/ali-abdollahi\/\" target=\"_blank\">Ali Abdollahi<\/a>, <a rel=\"noreferrer noopener\" href=\"https:\/\/weiterschreiben.jetzt\/kuenstlerinnen\/autorinnen\/mariam-meetra\/\" target=\"_blank\">Mariam Meetra<\/a>, Mostafa Samadi, <a rel=\"noreferrer noopener\" href=\"https:\/\/www.literaturport.de\/lexikon\/afshin-javadi-torshizi\/\" target=\"_blank\">Afshin Javadi Torshizi<\/a> und <a rel=\"noreferrer noopener\" href=\"https:\/\/www.salam-riazy.com\/german\/\" target=\"_blank\">Salam Riazy<\/a>. Letzterer wird den Abend zudem musikalisch begleiten. Eine Anmeldung ist nicht erforderlich.<\/p>\n\n\n\n<p>Ort &amp; Zeit: Samstag, 10. Dezember 2022 | ab 18 Uhr | Fabeckstr. 23\/25 | Raum -1.2009 (Untergescho\u00df) | <a href=\"https:\/\/www.geschkult.fu-berlin.de\/e\/iranistik\/news\/_Weltweite-Lesung_.html\" target=\"_blank\" rel=\"noreferrer noopener\">Einladung<\/a><\/p>\n\n\n<div class=\"wp-block-image\">\n<figure class=\"aligncenter size-large is-resized\"><img loading=\"lazy\" decoding=\"async\" src=\"https:\/\/blogs.fu-berlin.de\/frauenbeauftragte\/files\/2022\/12\/Ankuendigung-Lesung-724x1024.jpg\" alt=\"\" class=\"wp-image-4195\" width=\"543\" height=\"768\" srcset=\"https:\/\/blogs.fu-berlin.de\/frauenbeauftragte\/files\/2022\/12\/Ankuendigung-Lesung-724x1024.jpg 724w, https:\/\/blogs.fu-berlin.de\/frauenbeauftragte\/files\/2022\/12\/Ankuendigung-Lesung-212x300.jpg 212w, https:\/\/blogs.fu-berlin.de\/frauenbeauftragte\/files\/2022\/12\/Ankuendigung-Lesung-768x1086.jpg 768w, https:\/\/blogs.fu-berlin.de\/frauenbeauftragte\/files\/2022\/12\/Ankuendigung-Lesung-1086x1536.jpg 1086w, https:\/\/blogs.fu-berlin.de\/frauenbeauftragte\/files\/2022\/12\/Ankuendigung-Lesung-1448x2048.jpg 1448w, https:\/\/blogs.fu-berlin.de\/frauenbeauftragte\/files\/2022\/12\/Ankuendigung-Lesung-1200x1697.jpg 1200w, https:\/\/blogs.fu-berlin.de\/frauenbeauftragte\/files\/2022\/12\/Ankuendigung-Lesung-scaled.jpg 1811w\" sizes=\"auto, (max-width: 543px) 85vw, 543px\" \/><\/figure><\/div>\n\n\n<hr class=\"wp-block-separator has-alpha-channel-opacity\" \/>\n\n\n\n<p><\/p>\n","protected":false},"excerpt":{"rendered":"<p>Lesungen: 9. &amp; 10. Dezember 2022, Campus Dahlem Zum internationalen Tag der Menschenrechte finden als Akt der Solidarit\u00e4t weltweit Lesungen iranischer Werke statt. Auch vier Einrichtungen der Freien Universit\u00e4t beteiligen sich mit Lesungen auf Persisch, Englisch und Deutsch.<\/p>\n","protected":false},"author":7120,"featured_media":5272,"comment_status":"open","ping_status":"open","sticky":false,"template":"","format":"standard","meta":{"footnotes":""},"categories":[428608],"tags":[215230,90487,303556,233545],"class_list":["post-4189","post","type-post","status-publish","format-standard","has-post-thumbnail","hentry","category-informiert","tag-gewalt","tag-diskriminierung","tag-intersektionalitaet","tag-studierende"],"_links":{"self":[{"href":"https:\/\/blogs.fu-berlin.de\/frauenbeauftragte\/wp-json\/wp\/v2\/posts\/4189","targetHints":{"allow":["GET"]}}],"collection":[{"href":"https:\/\/blogs.fu-berlin.de\/frauenbeauftragte\/wp-json\/wp\/v2\/posts"}],"about":[{"href":"https:\/\/blogs.fu-berlin.de\/frauenbeauftragte\/wp-json\/wp\/v2\/types\/post"}],"author":[{"embeddable":true,"href":"https:\/\/blogs.fu-berlin.de\/frauenbeauftragte\/wp-json\/wp\/v2\/users\/7120"}],"replies":[{"embeddable":true,"href":"https:\/\/blogs.fu-berlin.de\/frauenbeauftragte\/wp-json\/wp\/v2\/comments?post=4189"}],"version-history":[{"count":75,"href":"https:\/\/blogs.fu-berlin.de\/frauenbeauftragte\/wp-json\/wp\/v2\/posts\/4189\/revisions"}],"predecessor-version":[{"id":6519,"href":"https:\/\/blogs.fu-berlin.de\/frauenbeauftragte\/wp-json\/wp\/v2\/posts\/4189\/revisions\/6519"}],"wp:featuredmedia":[{"embeddable":true,"href":"https:\/\/blogs.fu-berlin.de\/frauenbeauftragte\/wp-json\/wp\/v2\/media\/5272"}],"wp:attachment":[{"href":"https:\/\/blogs.fu-berlin.de\/frauenbeauftragte\/wp-json\/wp\/v2\/media?parent=4189"}],"wp:term":[{"taxonomy":"category","embeddable":true,"href":"https:\/\/blogs.fu-berlin.de\/frauenbeauftragte\/wp-json\/wp\/v2\/categories?post=4189"},{"taxonomy":"post_tag","embeddable":true,"href":"https:\/\/blogs.fu-berlin.de\/frauenbeauftragte\/wp-json\/wp\/v2\/tags?post=4189"}],"curies":[{"name":"wp","href":"https:\/\/api.w.org\/{rel}","templated":true}]}}