{"id":4216,"date":"2022-12-22T08:00:00","date_gmt":"2022-12-22T07:00:00","guid":{"rendered":"https:\/\/blogs.fu-berlin.de\/frauenbeauftragte\/?p=4216"},"modified":"2023-07-17T13:04:51","modified_gmt":"2023-07-17T11:04:51","slug":"ausschreibung-digital-postdoc-stelle-an-der-fu","status":"publish","type":"post","link":"https:\/\/blogs.fu-berlin.de\/frauenbeauftragte\/2022\/12\/22\/ausschreibung-digital-postdoc-stelle-an-der-fu\/","title":{"rendered":"Ausschreibung DiGiTal: Postdoc-Stelle an der FU"},"content":{"rendered":"\n<div class=\"wp-block-media-text alignwide is-stacked-on-mobile\"><figure class=\"wp-block-media-text__media\"><img loading=\"lazy\" decoding=\"async\" width=\"567\" height=\"378\" src=\"https:\/\/blogs.fu-berlin.de\/frauenbeauftragte\/files\/2022\/12\/logo_digital_3zu2-richtiges-Format.jpg\" alt=\"\" class=\"wp-image-4217 size-full\" srcset=\"https:\/\/blogs.fu-berlin.de\/frauenbeauftragte\/files\/2022\/12\/logo_digital_3zu2-richtiges-Format.jpg 567w, https:\/\/blogs.fu-berlin.de\/frauenbeauftragte\/files\/2022\/12\/logo_digital_3zu2-richtiges-Format-300x200.jpg 300w\" sizes=\"auto, (max-width: 567px) 85vw, 567px\" \/><\/figure><div class=\"wp-block-media-text__content\">\n<p><strong>Bewerbungsfrist: 16. Januar 2023<\/strong> <\/p>\n\n\n\n<p>Im Rahmen des Hochschulprogramms DiGiTal ist an der Freien Universit\u00e4t eine <a href=\"https:\/\/www.tu.berlin\/gleichstellung\/digital\/bewerben\/ausschreibung-2022\" target=\"_blank\" rel=\"noreferrer noopener\">dreij\u00e4hrige Postdoc-Stelle (TV-L E 13, 100 % RAZ) im Themenfeld Digitalisierung <\/a>zu besetzen. Bewerben k\u00f6nnen sich Nachwuchswissenschaftler*innen, die inter- oder transdisziplin\u00e4r zu Digitalisierung forschen.<\/p>\n\n\n\n<!--more-->\n<\/div><\/div>\n\n\n\n<p>Das hochschul\u00fcbergreifende Verbundprogramm <a rel=\"noreferrer noopener\" href=\"https:\/\/www.tu.berlin\/gleichstellung\/digital\/\" target=\"_blank\">DiGiTal &#8211; Digitalisierung: Gestaltung und Transformation<\/a> zielt auf die Unterst\u00fctzung von Nachwuchswissenschaftler*innen<em>, <\/em>Berufspraktiker*innen und K\u00fcnstler*innen mit dem Ziel einer wissenschaftlichen Karriere respektive einer Professur. Es bietet die M\u00f6glichkeit, Themen der Digitalisierung aus unterschiedlicher fachlicher Perspektive, etwa naturwissenschaftlich-technisch, medizinisch, k\u00fcnstlerisch-\u00e4sthetisch, geistes- oder sozialwissenschaftlich, in einem interdisziplin\u00e4ren Kontext wissenschaftlich sowie k\u00fcnstlerisch zu bearbeiten.<\/p>\n\n\n\n<p>Mit diesem Ansatz sollen neuartige inter- und transdisziplin\u00e4re Perspektiven auf Digitalisierung er\u00f6ffnet werden. Dies kann auch genderspezifische Fragestellungen umfassen. Bewerbungen aus den MINT-Disziplinen (Mathematik, Informatik, Naturwissenschaften, Technik) sind ausdr\u00fccklich erw\u00fcnscht, um dem noch immer geringen Frauenanteil in diesen F\u00e4chern entgegenzuwirken.<\/p>\n\n\n\n<p class=\"has-medium-font-size\">Ausschreibung und Qualifikation <\/p>\n\n\n\n<p>Insgesamt sind im Verbundprogramm DiGiTal 13 Qualifikationsstellen im Themenfeld Digitalisierung ausgeschrieben: sechs Stellen f\u00fcr Promotionsprojekte in kooperativen Verfahren, drei  Postdoc-Stellen an den beteiligten Universit\u00e4ten (FU, HU, TU) und vier Stellen f\u00fcr k\u00fcnstlerische\/gestalterische Projekte. <\/p>\n\n\n\n<p>An der FU ist eine der ausgeschriebenen Postdoc-Stellen zu besetzen, TV-L E 13,  100% der regul\u00e4ren Arbeitszeit, f\u00fcr drei Jahre befristet. Die Anstellung auf der gef\u00f6rderte Stelle kann fr\u00fchestens zum 01.05.2023 und l\u00e4ngstens bis 30.04.2026 beantragt werden. Als formale Qualifikation sind sehr gute wissenschaftliche Leistungen, nachgewiesen durch eine Promotion und entsprechende Ver\u00f6ffentlichungen, erforderlich. Bewerber*innen f\u00fcr die Postdoc-Stellen ben\u00f6tigen eine Stellungnahme\/ein Gutachten der Leitung der aufnehmenden Einrichtung, d.h. eine*r Universit\u00e4tsprofessor*in des Fachgebiets, in dem die Stelle angesiedelt werden soll. <\/p>\n\n\n\n<p>Gef\u00f6rdert wir das Hochschulprogramm DiGiTal durch das <a rel=\"noreferrer noopener\" href=\"https:\/\/www.hu-berlin.de\/de\/einrichtungen-organisation\/leitung\/praesidialbereich\/pb3\/bcp\" target=\"_blank\">Berliner Programm zur F\u00f6rderung der Chancengleichheit f\u00fcr Frauen in Forschung und Lehre<\/a> (BCP).<\/p>\n\n\n\n<hr class=\"wp-block-separator has-alpha-channel-opacity\" \/>\n\n\n\n<p class=\"has-medium-font-size\">Weitere Informationen  <\/p>\n\n\n\n<ul class=\"wp-block-list\"><li><strong><a rel=\"noreferrer noopener\" href=\"https:\/\/www.tu.berlin\/gleichstellung\/digital\/bewerben\/ausschreibung-2022\" target=\"_blank\">Ausschreibung<\/a><\/strong><\/li><li><strong>Bewerbungsfrist<\/strong>: 16.01.2023<\/li><li><strong>Zusatzinformationen:<\/strong> <a rel=\"noreferrer noopener\" href=\"https:\/\/www.tu.berlin\/gleichstellung\/digital\/bewerben\/ausschreibung-2022\/guideline-bewerbungsunterlagen\/postdocs\" target=\"_blank\">Erforderliche Bewerbungsunterlagen f\u00fcr Postdoktorand*innen<\/a><\/li><li><strong>Sprache: <\/strong>Bewerbungen k\u00f6nnen auf Deutsch und Englisch eingereicht werden<\/li><li><strong>Bewerbung<\/strong> sind auf digitalem Wege <strong>und<\/strong> per Post einzureichen:<ul><li>per Post an: Koordinationsstelle des Verbundprojekts DiGiTal, Technische Universit\u00e4t Berlin, Zentrale Frauenbeauftragte, Koordinationsstelle Verbundprojekt DiGiTal, Stra\u00dfe des 17. Juni 135, 10623 Berlin<\/li><li>per Email an: <a href=\"linkTo_UnCryptMailto(%27kygjrm8imlryirYbgegryj%2Crs%2Bzcpjgl%2Cbc%27);\">kontakt@digital.tu-berlin.de<\/a><\/li><\/ul><\/li><\/ul>\n\n\n\n<hr class=\"wp-block-separator has-alpha-channel-opacity\" \/>\n\n\n\n<p class=\"has-medium-font-size\">Kontakt <\/p>\n\n\n\n<p>Interessierte k\u00f6nnen sich bei Fragen und f\u00fcr Unterst\u00fctzung im Rahmen des Antrags- und Bewerbungsverfahrens f\u00fcr die Postdoc-Stelle an die Koordinatorin des DiGiTal-Verbundprogramms wenden:<\/p>\n\n\n\n<ul class=\"wp-block-list\"><li><strong>Bernadette Boddin<\/strong><\/li><li>Email: <a href=\"linkTo_UnCryptMailto(%27kygjrm8imlryirYbgegryj%2Crs%2Bzcpjgl%2Cbc%27);\">kontakt@digital.tu-berlin.de<\/a><\/li><li>Tel.: 030 314 214 37<\/li><\/ul>\n\n\n\n<hr class=\"wp-block-separator has-alpha-channel-opacity\" \/>\n","protected":false},"excerpt":{"rendered":"<p>Bewerbungsfrist: 16. Januar 2023 Im Rahmen des Hochschulprogramms DiGiTal ist an der Freien Universit\u00e4t eine dreij\u00e4hrige Postdoc-Stelle (TV-L E 13, 100 % RAZ) im Themenfeld Digitalisierung zu besetzen. Bewerben k\u00f6nnen sich Nachwuchswissenschaftler*innen, die inter- oder transdisziplin\u00e4r zu Digitalisierung forschen.<\/p>\n","protected":false},"author":7120,"featured_media":4217,"comment_status":"open","ping_status":"open","sticky":false,"template":"","format":"standard","meta":{"footnotes":""},"categories":[428608],"tags":[423731,301208,437124,437406],"class_list":["post-4216","post","type-post","status-publish","format-standard","has-post-thumbnail","hentry","category-informiert","tag-mintoring","tag-frauenfoerderung","tag-wissenschaftlerinnen","tag-postdoktorandinnen"],"_links":{"self":[{"href":"https:\/\/blogs.fu-berlin.de\/frauenbeauftragte\/wp-json\/wp\/v2\/posts\/4216","targetHints":{"allow":["GET"]}}],"collection":[{"href":"https:\/\/blogs.fu-berlin.de\/frauenbeauftragte\/wp-json\/wp\/v2\/posts"}],"about":[{"href":"https:\/\/blogs.fu-berlin.de\/frauenbeauftragte\/wp-json\/wp\/v2\/types\/post"}],"author":[{"embeddable":true,"href":"https:\/\/blogs.fu-berlin.de\/frauenbeauftragte\/wp-json\/wp\/v2\/users\/7120"}],"replies":[{"embeddable":true,"href":"https:\/\/blogs.fu-berlin.de\/frauenbeauftragte\/wp-json\/wp\/v2\/comments?post=4216"}],"version-history":[{"count":45,"href":"https:\/\/blogs.fu-berlin.de\/frauenbeauftragte\/wp-json\/wp\/v2\/posts\/4216\/revisions"}],"predecessor-version":[{"id":6522,"href":"https:\/\/blogs.fu-berlin.de\/frauenbeauftragte\/wp-json\/wp\/v2\/posts\/4216\/revisions\/6522"}],"wp:featuredmedia":[{"embeddable":true,"href":"https:\/\/blogs.fu-berlin.de\/frauenbeauftragte\/wp-json\/wp\/v2\/media\/4217"}],"wp:attachment":[{"href":"https:\/\/blogs.fu-berlin.de\/frauenbeauftragte\/wp-json\/wp\/v2\/media?parent=4216"}],"wp:term":[{"taxonomy":"category","embeddable":true,"href":"https:\/\/blogs.fu-berlin.de\/frauenbeauftragte\/wp-json\/wp\/v2\/categories?post=4216"},{"taxonomy":"post_tag","embeddable":true,"href":"https:\/\/blogs.fu-berlin.de\/frauenbeauftragte\/wp-json\/wp\/v2\/tags?post=4216"}],"curies":[{"name":"wp","href":"https:\/\/api.w.org\/{rel}","templated":true}]}}