{"id":4305,"date":"2022-12-21T17:30:29","date_gmt":"2022-12-21T16:30:29","guid":{"rendered":"https:\/\/blogs.fu-berlin.de\/frauenbeauftragte\/?p=4305"},"modified":"2023-07-17T13:04:31","modified_gmt":"2023-07-17T11:04:31","slug":"spotlight-frauenfoerderung-fuer-postdocs","status":"publish","type":"post","link":"https:\/\/blogs.fu-berlin.de\/frauenbeauftragte\/2022\/12\/21\/spotlight-frauenfoerderung-fuer-postdocs\/","title":{"rendered":"Spotlight: Frauenf\u00f6rderung f\u00fcr Postdocs"},"content":{"rendered":"\n<div class=\"wp-block-media-text alignwide is-stacked-on-mobile\"><figure class=\"wp-block-media-text__media\"><img loading=\"lazy\" decoding=\"async\" width=\"354\" height=\"236\" src=\"https:\/\/blogs.fu-berlin.de\/frauenbeauftragte\/files\/2022\/12\/Logo_Profund_rgb-gross_354-3-zu-2-Format.jpg\" alt=\"\" class=\"wp-image-4340 size-full\" srcset=\"https:\/\/blogs.fu-berlin.de\/frauenbeauftragte\/files\/2022\/12\/Logo_Profund_rgb-gross_354-3-zu-2-Format.jpg 354w, https:\/\/blogs.fu-berlin.de\/frauenbeauftragte\/files\/2022\/12\/Logo_Profund_rgb-gross_354-3-zu-2-Format-300x200.jpg 300w\" sizes=\"auto, (max-width: 354px) 85vw, 354px\" \/><\/figure><div class=\"wp-block-media-text__content\">\n<p><strong>Antragsfrist: <strong>15. Januar 2023<\/strong> <\/strong> <\/p>\n\n\n\n<p>Drittmittelakquise, Netzwerkaufbau und Wissenstransfer sind wichtige Bausteine einer wissenschaftlichen Karriere.<strong><strong> <\/strong><\/strong>Die FU unterst\u00fctzt mit dem Programm <a rel=\"noreferrer noopener\" href=\"https:\/\/www.fu-berlin.de\/sites\/profund\/Innovationsfoerderung\/Spotlight\/index.html\" target=\"_blank\">Spotlight<\/a> Wissenschaftlerinnen in der Postdoc-Phase beim Transfer von Forschungsergebnissen in die Praxis sowie bei der Zusammenarbeit mit au\u00dferwissenschaftlichen Akteur*innen. <\/p>\n\n\n\n<!--more-->\n<\/div><\/div>\n\n\n\n<p>Spotlight \u2013 der Name ist Programm: Es zielt darauf ab, Wissenschaftlerinnen in der Postdoc-Phase ins Rampenlicht zu r\u00fccken und st\u00e4rker sichtbar zu machen, sei es durch die Vermittlung ihrer Forschungsergebnisse an eine breite \u00d6ffentlichkeit, sei es durch die Vernetzung mit au\u00dferwissenschaftlichen Akteur*innen. Spotlight richtet den Fokus auf den Transfer von Forschungsergebnissen in die Praxis sowie die Kollaboration mit nichtwissenschaftlichen Akteur*innen als ein Element der wissenschaftlichen Profilbildung. <\/p>\n\n\n\n<p>Das Programm stellt in zwei F\u00f6rderlinien Personal- und Sachmittel f\u00fcr transferorientierte Projekte zur Verf\u00fcgung. Es wird finanziert im Rahmen der F\u00f6rderung durch das Professorinnenprogramm III des Bundes und der L\u00e4nder. Antr\u00e4ge k\u00f6nnen bis 15. Januar 2023 gestellt werden. Die Projektf\u00f6rderung ist ab 1. M\u00e4rz 2023 m\u00f6glich; beantragte Mittel m\u00fcssen bis 31. Dezember 2023 verausgabt werden.<\/p>\n\n\n\n<p class=\"has-medium-font-size\">Zielgruppe<\/p>\n\n\n\n<ul class=\"wp-block-list\"><li>Postdoktorandinnen im 1. bis einschlie\u00dflich 3. Anstellungsjahr <\/li><li>Juniorprofessorinnen im 1. bis einschlie\u00dflich 3. Anstellungsjahr<\/li><li>W2 a. Z.-Professorinnen im 1. und 2. Anstellungsjahr<\/li><\/ul>\n\n\n\n<p class=\"has-medium-font-size\">F\u00f6rderkriterien<\/p>\n\n\n\n<p>Das Programm zielt auf Nachwuchswissenschaftlerinnen mit \u00fcberdurchschnittlichen wissenschaftlichen Leistungen ab, die Interesse an Wissens- und Technologietransfer haben. Nach folgenden Kriterien werden die Projekte ausgew\u00e4hlt:<\/p>\n\n\n\n<ul class=\"wp-block-list\"><li>Innovation<\/li><li>Qualit\u00e4t<\/li><li>Umsetzbarkeit<\/li><li>Gesellschaftlicher Impact<\/li><li>Beitrag der Umsetzung des Vorhabens zur Profilierung der wissenschaftlichen Karriere<\/li><\/ul>\n\n\n\n<p class=\"has-medium-font-size\">F\u00f6rderlinien<\/p>\n\n\n\n<p>In zwei F\u00f6rderlinien stellt das Spotlight-Programm einerseits <strong>Personalmittel<\/strong> zur Unterst\u00fctzung bei der transferorientierten Drittmittelbeantragung und andererseits <strong>Sachmittel <\/strong>zur Durchf\u00fchrung von Veranstaltungen mit Transferpartner*innen und au\u00dferwissenschaftlichen gesellschaftlichen Akteur*innen (Tagungen, Pilot-Transferprojekte, Workshops, Kongresse etc.) bereit. Eine parallele Bewerbung in beiden F\u00f6rderlinien ist m\u00f6glich.<\/p>\n\n\n\n<p><strong>F\u00f6rderlinie 1<\/strong> f\u00f6rdert Vorhaben, die auf die Drittmittelakquise in transferorientierten F\u00f6rderprogrammen zielen, mit <strong>Personal<\/strong> in Form einer Aufstockung bzw. Verl\u00e4ngerung einer wissenschaftlichen Mitarbeiter*innenstelle (E13, max. Stufe 2, bis zu 50 % RAZ) f\u00fcr maximal sechs Monate. Folgende T\u00e4tigkeiten k\u00f6nnen dadurch ausgef\u00fchrt werden:<\/p>\n\n\n\n<ul class=\"wp-block-list\"><li>Vorarbeiten f\u00fcr Antr\u00e4ge wie z.B. Screening von Finanzierungsm\u00f6glichkeiten<\/li><li>konzeptionelle Vorarbeiten<\/li><li>Formulierung von Antr\u00e4gen<\/li><li>Gewinnung von Daten \/ Labortests<\/li><li>Entwicklung von Prototypen<\/li><li>Validierung von Ergebnissen aus der Grundlagenforschung<\/li><li>Partner*innen-Akquise<\/li><li>Kund*innenbefragungen<\/li><\/ul>\n\n\n\n<p><br><strong>F\u00f6rderlinie 2<\/strong> unterst\u00fctzt die Ausrichtung von transferorientierten Tagungen, Pilot-Projekten, Workshops und\/oder Kongressen unter aktiver Einbindung au\u00dferwissenschaftlicher Zielgruppen mit bis zu 10.000 \u20ac in Form<br>von <strong>Sachmitteln<\/strong> und studentischen Hilfskr\u00e4ften sowie Honoraren und Reisekosten f\u00fcr Vortragende und Expert*innen. Die Nutzung von innovativen M\u00f6glichkeiten der Wissenschaftskommunikation ist ausdr\u00fccklich<br>gew\u00fcnscht und f\u00f6rderf\u00e4hig. <\/p>\n\n\n\n<p class=\"has-medium-font-size\">Begleitprogramm<\/p>\n\n\n\n<p>Bewerberinnen beider F\u00f6rderlinien nehmen zudem an einem FU-internen Begleitprogramm von <a rel=\"noreferrer noopener\" href=\"https:\/\/www.fu-berlin.de\/sites\/profund\/index.html\" target=\"_blank\">Profund Innovation<\/a> teil. Es vernetzt die Teilnehmerinnen untereinander, hilft bei der inhaltlichen Weiterentwicklung der Transferprojekte und vermittelt Schl\u00fcsselqualifikationen f\u00fcr Nachwuchsf\u00fchrungskr\u00e4fte.<\/p>\n\n\n\n<hr class=\"wp-block-separator has-alpha-channel-opacity\" \/>\n\n\n\n<p class=\"has-medium-font-size\">Weitere Informationen<\/p>\n\n\n\n<p>Die administrative Abwicklung der Transferprojekte erfolgt \u2013 mit Unterst\u00fctzung der ZUV \u2013 dezentral \u00fcber die Fachbereiche. Die Koordination und inhaltliche Ausgestaltung liegt bei Profund Innovation. Die Ausschreibung der F\u00f6rdermittel erfolgt \u00fcber das Pr\u00e4sidium. Die Begutachtung der Antr\u00e4ge und Empfehlung zur Vergabe der Mittel obliegt der Kommission zur F\u00f6rderung von Nachwuchswissenschaftlerinnen (KFN). Die Entscheidung \u00fcber<br>die Zuweisung der Mittel f\u00e4llt das Pr\u00e4sidium.<\/p>\n\n\n\n<p><a href=\"https:\/\/www.fu-berlin.de\/sites\/profund\/Innovationsfoerderung\/Spotlight\/index.html\" target=\"_blank\" rel=\"noreferrer noopener\">Ausschreibung<\/a><\/p>\n\n\n\n<hr class=\"wp-block-separator has-alpha-channel-opacity\" \/>\n\n\n\n<p class=\"has-medium-font-size\">Kontakt <\/p>\n\n\n\n<ul class=\"wp-block-list\"><li>Teresa Kollakowski, Telefon (030) 838 67529, E-Mail: <a href=\"mailto:teresa.kollakowski@fu-berlin.de\">teresa.kollakowski@fu-berlin.de<\/a>&nbsp;<\/li><li>Stefan Knoll, Telefon: (030) 838 60268, E-Mail: <a href=\"mailto:stefan.knoll@fu-berlin.de\">stefan.knoll@fu-berlin.de<\/a>&nbsp;<\/li><\/ul>\n\n\n\n<hr class=\"wp-block-separator has-alpha-channel-opacity\" \/>\n\n\n\n<p class=\"has-medium-font-size\">Hinweis zur Karriereplanung<\/p>\n\n\n\n<p>Insbesondere Juniorprofessorinnen empfehlen wir eine Beratung durch ihre Mentor*innen oder andere fachliche Ansprechpersonen, um den Stellenwert eines transferorientierten Vorhabens f\u00fcr ihr wissenschaftliches Profil zu kl\u00e4ren. <\/p>\n\n\n\n<hr class=\"wp-block-separator has-alpha-channel-opacity\" \/>\n","protected":false},"excerpt":{"rendered":"<p>Antragsfrist: 15. Januar 2023 Drittmittelakquise, Netzwerkaufbau und Wissenstransfer sind wichtige Bausteine einer wissenschaftlichen Karriere. Die FU unterst\u00fctzt mit dem Programm Spotlight Wissenschaftlerinnen in der Postdoc-Phase beim Transfer von Forschungsergebnissen in die Praxis sowie bei der Zusammenarbeit mit au\u00dferwissenschaftlichen Akteur*innen.<\/p>\n","protected":false},"author":7120,"featured_media":4340,"comment_status":"open","ping_status":"open","sticky":false,"template":"","format":"standard","meta":{"footnotes":""},"categories":[428608],"tags":[301208,2478,437124],"class_list":["post-4305","post","type-post","status-publish","format-standard","has-post-thumbnail","hentry","category-informiert","tag-frauenfoerderung","tag-exzellenz","tag-wissenschaftlerinnen"],"_links":{"self":[{"href":"https:\/\/blogs.fu-berlin.de\/frauenbeauftragte\/wp-json\/wp\/v2\/posts\/4305","targetHints":{"allow":["GET"]}}],"collection":[{"href":"https:\/\/blogs.fu-berlin.de\/frauenbeauftragte\/wp-json\/wp\/v2\/posts"}],"about":[{"href":"https:\/\/blogs.fu-berlin.de\/frauenbeauftragte\/wp-json\/wp\/v2\/types\/post"}],"author":[{"embeddable":true,"href":"https:\/\/blogs.fu-berlin.de\/frauenbeauftragte\/wp-json\/wp\/v2\/users\/7120"}],"replies":[{"embeddable":true,"href":"https:\/\/blogs.fu-berlin.de\/frauenbeauftragte\/wp-json\/wp\/v2\/comments?post=4305"}],"version-history":[{"count":34,"href":"https:\/\/blogs.fu-berlin.de\/frauenbeauftragte\/wp-json\/wp\/v2\/posts\/4305\/revisions"}],"predecessor-version":[{"id":6521,"href":"https:\/\/blogs.fu-berlin.de\/frauenbeauftragte\/wp-json\/wp\/v2\/posts\/4305\/revisions\/6521"}],"wp:featuredmedia":[{"embeddable":true,"href":"https:\/\/blogs.fu-berlin.de\/frauenbeauftragte\/wp-json\/wp\/v2\/media\/4340"}],"wp:attachment":[{"href":"https:\/\/blogs.fu-berlin.de\/frauenbeauftragte\/wp-json\/wp\/v2\/media?parent=4305"}],"wp:term":[{"taxonomy":"category","embeddable":true,"href":"https:\/\/blogs.fu-berlin.de\/frauenbeauftragte\/wp-json\/wp\/v2\/categories?post=4305"},{"taxonomy":"post_tag","embeddable":true,"href":"https:\/\/blogs.fu-berlin.de\/frauenbeauftragte\/wp-json\/wp\/v2\/tags?post=4305"}],"curies":[{"name":"wp","href":"https:\/\/api.w.org\/{rel}","templated":true}]}}