{"id":434,"date":"2021-10-28T12:00:00","date_gmt":"2021-10-28T10:00:00","guid":{"rendered":"https:\/\/blogs.fu-berlin.de\/frauenbeauftragte\/?p=434"},"modified":"2023-07-17T09:56:04","modified_gmt":"2023-07-17T07:56:04","slug":"professorinnen-als-fuehrungskraefte","status":"publish","type":"post","link":"https:\/\/blogs.fu-berlin.de\/frauenbeauftragte\/2021\/10\/28\/professorinnen-als-fuehrungskraefte\/","title":{"rendered":"Professorinnen als F\u00fchrungskr\u00e4fte"},"content":{"rendered":"\n<div class=\"wp-block-media-text alignwide is-stacked-on-mobile\"><figure class=\"wp-block-media-text__media\"><img loading=\"lazy\" decoding=\"async\" width=\"817\" height=\"545\" src=\"https:\/\/blogs.fu-berlin.de\/frauenbeauftragte\/files\/2021\/10\/Professorinnen-in-Fuehrung.jpg\" alt=\"\" class=\"wp-image-442 size-full\" srcset=\"https:\/\/blogs.fu-berlin.de\/frauenbeauftragte\/files\/2021\/10\/Professorinnen-in-Fuehrung.jpg 817w, https:\/\/blogs.fu-berlin.de\/frauenbeauftragte\/files\/2021\/10\/Professorinnen-in-Fuehrung-300x200.jpg 300w, https:\/\/blogs.fu-berlin.de\/frauenbeauftragte\/files\/2021\/10\/Professorinnen-in-Fuehrung-768x512.jpg 768w\" sizes=\"auto, (max-width: 709px) 85vw, (max-width: 909px) 67vw, (max-width: 984px) 61vw, (max-width: 1362px) 45vw, 600px\" \/><\/figure><div class=\"wp-block-media-text__content\">\n<p><strong>Workshop f\u00fcr F\u00fchrungskr\u00e4fte: 10.11.2021, 9-17 Uhr<\/strong> Die <a href=\"https:\/\/www.fu-berlin.de\/sites\/dla\/index.html\">Dahlem Leadership Academy <\/a> bietet erneut einen Workshop f\u00fcr weibliche wissenschaftliche F\u00fchrungskr\u00e4fte an.  Er richtet sich an Professorinnen, die sich daf\u00fcr interessieren, wie sie als Frau und F\u00fchrungskraft im akademischen Kontext konstruktiv mit geschlechtsspezifischen Herausforderungen umgehen k\u00f6nnen.<\/p>\n\n\n\n<!--more-->\n\n\n\n<p><\/p>\n<\/div><\/div>\n\n\n\n<p>Ziel der Veranstaltung ist es, f\u00fcr allgemeine und spezifisch weibliche F\u00fchrungsthemen im Universit\u00e4tsalltag zu sensibilisieren und Strategien f\u00fcr einen produktiven Umgang mit diesen Themen zu erarbeiten. Dazu erhalten die Teilnehmerinnen relevante Inputs sowie Zeit und Raum f\u00fcr Reflexion und Diskussion mit anderen Professorinnen. Die Teilnehmerinnen k\u00f6nnen ihre eigene Haltung als F\u00fchrungskraft weiterentwickeln und verschiedene Handlungsm\u00f6glichkeiten f\u00fcr geschlechterspezifische Herausforderungen erlernen.<\/p>\n\n\n\n<p>Diese Veranstaltung richtet sich an Professorinnen der Verbundpartnerinnen der Berlin University Alliance, vorrangig ab dem W2-Niveau. Falls Kapazit\u00e4ten frei sind, k\u00f6nnen auch W1-Professorinnen teilnehmen.<\/p>\n\n\n\n<p><br><a href=\"https:\/\/www.fu-berlin.de\/sites\/dla\/veranstaltungen\/regulaere-veranstaltungen\/index.html#professorinnen\" target=\"_blank\" rel=\"noreferrer noopener\">Information und Anmeldung<\/a><\/p>\n\n\n\n<p><\/p>\n","protected":false},"excerpt":{"rendered":"<p>Workshop f\u00fcr F\u00fchrungskr\u00e4fte: 10.11.2021, 9-17 Uhr Die Dahlem Leadership Academy bietet erneut einen Workshop f\u00fcr weibliche wissenschaftliche F\u00fchrungskr\u00e4fte an. Er richtet sich an Professorinnen, die sich daf\u00fcr interessieren, wie sie als Frau und F\u00fchrungskraft im akademischen Kontext konstruktiv mit geschlechtsspezifischen Herausforderungen umgehen k\u00f6nnen.<\/p>\n","protected":false},"author":6431,"featured_media":0,"comment_status":"open","ping_status":"open","sticky":false,"template":"","format":"standard","meta":{"footnotes":""},"categories":[428608],"tags":[301208,437124],"class_list":["post-434","post","type-post","status-publish","format-standard","hentry","category-informiert","tag-frauenfoerderung","tag-wissenschaftlerinnen"],"_links":{"self":[{"href":"https:\/\/blogs.fu-berlin.de\/frauenbeauftragte\/wp-json\/wp\/v2\/posts\/434","targetHints":{"allow":["GET"]}}],"collection":[{"href":"https:\/\/blogs.fu-berlin.de\/frauenbeauftragte\/wp-json\/wp\/v2\/posts"}],"about":[{"href":"https:\/\/blogs.fu-berlin.de\/frauenbeauftragte\/wp-json\/wp\/v2\/types\/post"}],"author":[{"embeddable":true,"href":"https:\/\/blogs.fu-berlin.de\/frauenbeauftragte\/wp-json\/wp\/v2\/users\/6431"}],"replies":[{"embeddable":true,"href":"https:\/\/blogs.fu-berlin.de\/frauenbeauftragte\/wp-json\/wp\/v2\/comments?post=434"}],"version-history":[{"count":10,"href":"https:\/\/blogs.fu-berlin.de\/frauenbeauftragte\/wp-json\/wp\/v2\/posts\/434\/revisions"}],"predecessor-version":[{"id":6478,"href":"https:\/\/blogs.fu-berlin.de\/frauenbeauftragte\/wp-json\/wp\/v2\/posts\/434\/revisions\/6478"}],"wp:attachment":[{"href":"https:\/\/blogs.fu-berlin.de\/frauenbeauftragte\/wp-json\/wp\/v2\/media?parent=434"}],"wp:term":[{"taxonomy":"category","embeddable":true,"href":"https:\/\/blogs.fu-berlin.de\/frauenbeauftragte\/wp-json\/wp\/v2\/categories?post=434"},{"taxonomy":"post_tag","embeddable":true,"href":"https:\/\/blogs.fu-berlin.de\/frauenbeauftragte\/wp-json\/wp\/v2\/tags?post=434"}],"curies":[{"name":"wp","href":"https:\/\/api.w.org\/{rel}","templated":true}]}}