{"id":4520,"date":"2023-01-13T12:30:00","date_gmt":"2023-01-13T11:30:00","guid":{"rendered":"https:\/\/blogs.fu-berlin.de\/frauenbeauftragte\/?p=4520"},"modified":"2023-07-19T15:44:33","modified_gmt":"2023-07-19T13:44:33","slug":"koordination-physik-und-informatik-gesucht","status":"publish","type":"post","link":"https:\/\/blogs.fu-berlin.de\/frauenbeauftragte\/2023\/01\/13\/koordination-physik-und-informatik-gesucht\/","title":{"rendered":"Koordination Physik und Informatik gesucht"},"content":{"rendered":"\n<div class=\"wp-block-media-text alignwide is-stacked-on-mobile\"><figure class=\"wp-block-media-text__media\"><img loading=\"lazy\" decoding=\"async\" width=\"1024\" height=\"682\" src=\"https:\/\/blogs.fu-berlin.de\/frauenbeauftragte\/files\/2022\/09\/MINToring_Logo_RGB-003_Seite_1-e1663855039725-1024x682.jpg\" alt=\"\" class=\"wp-image-3354 size-full\" srcset=\"https:\/\/blogs.fu-berlin.de\/frauenbeauftragte\/files\/2022\/09\/MINToring_Logo_RGB-003_Seite_1-e1663855039725-1024x682.jpg 1024w, https:\/\/blogs.fu-berlin.de\/frauenbeauftragte\/files\/2022\/09\/MINToring_Logo_RGB-003_Seite_1-e1663855039725-300x200.jpg 300w, https:\/\/blogs.fu-berlin.de\/frauenbeauftragte\/files\/2022\/09\/MINToring_Logo_RGB-003_Seite_1-e1663855039725-768x512.jpg 768w, https:\/\/blogs.fu-berlin.de\/frauenbeauftragte\/files\/2022\/09\/MINToring_Logo_RGB-003_Seite_1-e1663855039725-1536x1024.jpg 1536w, https:\/\/blogs.fu-berlin.de\/frauenbeauftragte\/files\/2022\/09\/MINToring_Logo_RGB-003_Seite_1-e1663855039725-1200x800.jpg 1200w, https:\/\/blogs.fu-berlin.de\/frauenbeauftragte\/files\/2022\/09\/MINToring_Logo_RGB-003_Seite_1-e1663855039725.jpg 1613w\" sizes=\"auto, (max-width: 709px) 85vw, (max-width: 909px) 67vw, (max-width: 1362px) 62vw, 840px\" \/><\/figure><div class=\"wp-block-media-text__content\">\n<p><strong>Bewerbungsfrist: 23. Januar 2023<\/strong> F\u00fcr das Sch\u00fclerinnenprogramm MINToring sucht das Team Zentrale Frauenbeauftragte eine <a rel=\"noreferrer noopener\" href=\"https:\/\/www.fu-berlin.de\/universitaet\/beruf-karriere\/jobs\/nichtwiss\/98_sonstige-bereiche\/SO-F--ZF_MINT_2022.html\" target=\"_blank\">Programmkoordination Physik und Informatik<\/a>. Das Programm bietet mithilfe unterschiedlicher Formate ein Kennenlern-Angebot in Physik, Informatik und Geowissenschaften, um das Interesse von Sch\u00fclerinnen f\u00fcr diese F\u00e4cher zu f\u00f6rdern.<\/p>\n\n\n\n<!--more-->\n<\/div><\/div>\n\n\n\n<p>Das <a rel=\"noreferrer noopener\" href=\"https:\/\/www.fu-berlin.de\/sites\/mintoring\/index.html\" target=\"_blank\">MINToring-Programm<\/a> ist ein fach\u00fcbergreifendes mathematisch-naturwissenschaftliches Outreach- und F\u00f6rderprogramm f\u00fcr Sch\u00fclerinnen ab der 7. Klasse mit Schwerpunkt auf Physik, Informatik und Geowissenschaften. Es wird von der zentralen Frauenbeauftragten in Kooperation mit den beteiligten Fachbereichen geleitet. Das Programm erm\u00f6glicht den Teilnehmerinnen mittels unterschiedlicher Formate Einblicke in die entsprechenden Studieng\u00e4nge der Freien Universit\u00e4t Berlin. Programmziel ist, Sch\u00fclerinnen die MINT-F\u00e4cher nahezubringen, ihr Interesse daf\u00fcr zu st\u00e4rken und sie zu einem sp\u00e4teren Studium in den Naturwissenschaften, insbesondere in Physik, Informatik und Geowissenschaften, zu motivieren.<\/p>\n\n\n\n<hr class=\"wp-block-separator has-alpha-channel-opacity\" \/>\n\n\n\n<p>Das Team Zentrale Frauenbeauftragte sucht zum n\u00e4chstm\u00f6glichen Zeitpunkt:<\/p>\n\n\n\n<figure class=\"wp-block-image size-full\"><img loading=\"lazy\" decoding=\"async\" width=\"880\" height=\"216\" src=\"https:\/\/blogs.fu-berlin.de\/frauenbeauftragte\/files\/2022\/12\/grafik.png\" alt=\"\" class=\"wp-image-4544\" srcset=\"https:\/\/blogs.fu-berlin.de\/frauenbeauftragte\/files\/2022\/12\/grafik.png 880w, https:\/\/blogs.fu-berlin.de\/frauenbeauftragte\/files\/2022\/12\/grafik-300x74.png 300w, https:\/\/blogs.fu-berlin.de\/frauenbeauftragte\/files\/2022\/12\/grafik-768x189.png 768w\" sizes=\"auto, (max-width: 709px) 85vw, (max-width: 909px) 67vw, (max-width: 1362px) 62vw, 840px\" \/><\/figure>\n\n\n\n<p><\/p>\n\n\n\n<hr class=\"wp-block-separator has-alpha-channel-opacity\" \/>\n\n\n\n<p class=\"has-medium-font-size\">Aufgabengebiet<\/p>\n\n\n\n<ul class=\"wp-block-list\"><li>Wissenschaftsbasierte konzeptionelle Weiterentwicklung des MINToring-Programms f\u00fcr die F\u00e4cher Physik und Informatik in Kooperation mit der MINToring-Koordination Geowissenschaften und in Abstimmung mit den beteiligten Fachbereichen<\/li><li>Pflege und Ausbau der Kooperation mit dem Fachbereich Physik und dem Fachbereich Mathematik und Informatik, insbesondere mit Fachbereichsleitung und Arbeitsgruppen, sowie mit weiteren Kooperationspartnerinnen an der Freien Universit\u00e4t Berlin <\/li><li>Wissenschaftliche und organisatorische Koordination des fach\u00fcbergreifenden Betriebspraktikums f\u00fcr Sch\u00fclerinnen in den Fachbereichen Physik sowie Mathematik und Informatik<\/li><li>Wissenschaftliche und organisatorische Koordination und Umsetzung weiterer Angebote des MINToring-Programms, u.a. Campustage, regelm\u00e4\u00dfige Workshops im Rahmen des Girls\u2019Day und der Sommeruni f\u00fcr Sch\u00fclerinnen<\/li><li>Zielgruppengerechte Kommunikation und \u00d6ffentlichkeitsarbeit f\u00fcr interne Kooperationspartnerinnen, externe Adressatinnen (Lehrkr\u00e4fte, Eltern) sowie potenzielle Programmteilnehmerinnen<\/li><li>Pflege und Ausbau der Kooperation mit den Sch\u00fclerinnenlaboren der Freien Universit\u00e4t Berlin sowie mit Sch\u00fclerinnenprojekten anderer Berliner Hochschulen<\/li><li>Vertretung des MINToring-Programms in universit\u00e4ren Gremien, auf wissenschaftlichen Konferenzen und in MINT-Netzwerken<\/li><\/ul>\n\n\n\n<p class=\"has-medium-font-size\">Einstellungsvoraussetzungen<\/p>\n\n\n\n<p>Einstellungsvoraussetzung sind  ein abgeschlossenes wissenschaftliches Hochschulstudium (Diplom\/Master oder \u00e4quivalent) oder gleichwertige F\u00e4higkeiten und Erfahrungen in einem f\u00fcr die Aufgaben einschl\u00e4gigen Fach sowie mehrj\u00e4hrige (Berufs-)Erfahrung in Hochschulen oder au\u00dferuniversit\u00e4ren Wissenschaftsorganisationen und in der Wissenschaftskommunikation.<\/p>\n\n\n\n<p class=\"has-medium-font-size\">Erw\u00fcnschte Kenntnisse <\/p>\n\n\n\n<ul class=\"wp-block-list\"><li>Erfahrung in der wissenschaftlichen Koordination hochschulischer Projekte sowie kompetenter Umgang mit unterschiedlichen Zielgruppen<\/li><li>gute Kenntnisse von Hochschulstrukturen<\/li><li>vertiefte Kenntnisse zu Geschlechterasymmetrien in der Wissenschaft und geschlechtersegregierten Studien- und Berufsfeldern, insbesondere bezogen auf den MINT-Bereich<\/li><li>didaktische Kenntnisse und Erfahrung in der Konzeption, Organisation und Durchf\u00fchrung au\u00dferschulischer Bildungsangebote f\u00fcr Jugendliche, insbesondere im MINT-Bereich<\/li><li>Erfahrung in Kommunikation und \u00d6ffentlichkeitsarbeit, z.B. Erstellung von Pr\u00e4sentationen und Berichten, Verfassen von Texten f\u00fcr Newsletter, Webseiten, Soziale Medien<\/li><li>Gender- und Diversity-Kompetenz<\/li><li>sehr gute Deutsch- und Englischkenntnisse<\/li><\/ul>\n\n\n\n<hr class=\"wp-block-separator has-alpha-channel-opacity\" \/>\n\n\n\n<p class=\"has-medium-font-size\">Weitere Informationen <\/p>\n\n\n\n<ul class=\"wp-block-list\"><li><strong><a rel=\"noreferrer noopener\" href=\"https:\/\/www.fu-berlin.de\/universitaet\/beruf-karriere\/jobs\/nichtwiss\/98_sonstige-bereiche\/SO-F--ZF_MINT_2022.html\" target=\"_blank\">Ausschreibung<\/a><\/strong><\/li><li><strong>Bewerbungsfrist: <\/strong>verl\u00e4ngert bis 23.01.2023<\/li><li><strong>Bewerbung<\/strong> k\u00f6nnen digital oder postalisch eingereicht werden:<ul><li>per Email an: Dr. Corinna Tomberger, <a rel=\"noreferrer noopener\" href=\"mailto:bewerbung@frauenbeauftragte.fu-berlin.de\" target=\"_blank\">bewerbung@frauenbeauftragte.fu-berlin.de<\/a><\/li><li>per Post an:<\/li><\/ul><\/li><\/ul>\n\n\n\n<p>Freie Universit\u00e4t Berlin<br>Personalvertretungen<br>Zentrale Frauenbeauftragte<br>MINToring<br>Frau Dr. Corinna Tomberger<br>Go\u00dflerstra\u00dfe 2-4<br>14195 Berlin (Dahlem)<\/p>\n\n\n\n<hr class=\"wp-block-separator has-alpha-channel-opacity\" \/>\n\n\n\n<p class=\"has-medium-font-size\">Kontakt<\/p>\n\n\n\n<ul class=\"wp-block-list\"><li>Dr. Corinna Tomberger<\/li><li><a href=\"mailto:bewerbung@frauenbeauftragte.fu-berlin.de\" target=\"_blank\" rel=\"noreferrer noopener\">bewerbung@frauenbeauftragte.fu-berlin.de<\/a><\/li><li>Tel. 030 838 54299<\/li><\/ul>\n\n\n\n<hr class=\"wp-block-separator has-alpha-channel-opacity\" \/>\n","protected":false},"excerpt":{"rendered":"<p>Bewerbungsfrist: 23. Januar 2023 F\u00fcr das Sch\u00fclerinnenprogramm MINToring sucht das Team Zentrale Frauenbeauftragte eine Programmkoordination Physik und Informatik. Das Programm bietet mithilfe unterschiedlicher Formate ein Kennenlern-Angebot in Physik, Informatik und Geowissenschaften, um das Interesse von Sch\u00fclerinnen f\u00fcr diese F\u00e4cher zu f\u00f6rdern.<\/p>\n","protected":false},"author":3850,"featured_media":6164,"comment_status":"open","ping_status":"open","sticky":false,"template":"","format":"standard","meta":{"footnotes":""},"categories":[428608],"tags":[423731,301208],"class_list":["post-4520","post","type-post","status-publish","format-standard","has-post-thumbnail","hentry","category-informiert","tag-mintoring","tag-frauenfoerderung"],"_links":{"self":[{"href":"https:\/\/blogs.fu-berlin.de\/frauenbeauftragte\/wp-json\/wp\/v2\/posts\/4520","targetHints":{"allow":["GET"]}}],"collection":[{"href":"https:\/\/blogs.fu-berlin.de\/frauenbeauftragte\/wp-json\/wp\/v2\/posts"}],"about":[{"href":"https:\/\/blogs.fu-berlin.de\/frauenbeauftragte\/wp-json\/wp\/v2\/types\/post"}],"author":[{"embeddable":true,"href":"https:\/\/blogs.fu-berlin.de\/frauenbeauftragte\/wp-json\/wp\/v2\/users\/3850"}],"replies":[{"embeddable":true,"href":"https:\/\/blogs.fu-berlin.de\/frauenbeauftragte\/wp-json\/wp\/v2\/comments?post=4520"}],"version-history":[{"count":37,"href":"https:\/\/blogs.fu-berlin.de\/frauenbeauftragte\/wp-json\/wp\/v2\/posts\/4520\/revisions"}],"predecessor-version":[{"id":6525,"href":"https:\/\/blogs.fu-berlin.de\/frauenbeauftragte\/wp-json\/wp\/v2\/posts\/4520\/revisions\/6525"}],"wp:featuredmedia":[{"embeddable":true,"href":"https:\/\/blogs.fu-berlin.de\/frauenbeauftragte\/wp-json\/wp\/v2\/media\/6164"}],"wp:attachment":[{"href":"https:\/\/blogs.fu-berlin.de\/frauenbeauftragte\/wp-json\/wp\/v2\/media?parent=4520"}],"wp:term":[{"taxonomy":"category","embeddable":true,"href":"https:\/\/blogs.fu-berlin.de\/frauenbeauftragte\/wp-json\/wp\/v2\/categories?post=4520"},{"taxonomy":"post_tag","embeddable":true,"href":"https:\/\/blogs.fu-berlin.de\/frauenbeauftragte\/wp-json\/wp\/v2\/tags?post=4520"}],"curies":[{"name":"wp","href":"https:\/\/api.w.org\/{rel}","templated":true}]}}