{"id":4578,"date":"2023-01-12T16:00:00","date_gmt":"2023-01-12T15:00:00","guid":{"rendered":"https:\/\/blogs.fu-berlin.de\/frauenbeauftragte\/?p=4578"},"modified":"2023-07-17T13:05:31","modified_gmt":"2023-07-17T11:05:31","slug":"geschlechtergerechtigkeit-im-liberalen-skript","status":"publish","type":"post","link":"https:\/\/blogs.fu-berlin.de\/frauenbeauftragte\/2023\/01\/12\/geschlechtergerechtigkeit-im-liberalen-skript\/","title":{"rendered":"Geschlechtergerechtigkeit im liberalen Skript"},"content":{"rendered":"\n<div class=\"wp-block-media-text alignwide is-stacked-on-mobile\"><figure class=\"wp-block-media-text__media\"><img loading=\"lazy\" decoding=\"async\" width=\"1024\" height=\"408\" src=\"https:\/\/blogs.fu-berlin.de\/frauenbeauftragte\/files\/2023\/01\/Logo_Scripts_RGB_150dpi_STANDARD-1024x408.png\" alt=\"\" class=\"wp-image-4581 size-full\" srcset=\"https:\/\/blogs.fu-berlin.de\/frauenbeauftragte\/files\/2023\/01\/Logo_Scripts_RGB_150dpi_STANDARD-1024x408.png 1024w, https:\/\/blogs.fu-berlin.de\/frauenbeauftragte\/files\/2023\/01\/Logo_Scripts_RGB_150dpi_STANDARD-300x119.png 300w, https:\/\/blogs.fu-berlin.de\/frauenbeauftragte\/files\/2023\/01\/Logo_Scripts_RGB_150dpi_STANDARD-768x306.png 768w, https:\/\/blogs.fu-berlin.de\/frauenbeauftragte\/files\/2023\/01\/Logo_Scripts_RGB_150dpi_STANDARD-1200x478.png 1200w, https:\/\/blogs.fu-berlin.de\/frauenbeauftragte\/files\/2023\/01\/Logo_Scripts_RGB_150dpi_STANDARD.png 1397w\" sizes=\"auto, (max-width: 709px) 85vw, (max-width: 909px) 67vw, (max-width: 1362px) 62vw, 840px\" \/><\/figure><div class=\"wp-block-media-text__content\">\n<p><strong>Vortrag: 16. Januar 2023 | 18:15-19:45 Uhr<\/strong> <a rel=\"noreferrer noopener\" href=\"https:\/\/www.fu-berlin.de\/sites\/offenerhoersaal\/scripts\/20230116-oh-skripts-caglar.html\" target=\"_blank\">Geschlechtergerechtigkeit im liberalen Skript: feministische Perspektiven<\/a> beleuchtet G\u00fclay \u00c7a\u011flar, Professorin am Fachbereich Politik- und Sozialwissenschaften mit Schwerpunkt Gender and Diversity, in ihrem Vortrag im hybriden Format.<\/p>\n\n\n\n<!--more-->\n<\/div><\/div>\n\n\n\n<p><a rel=\"noreferrer noopener\" href=\"https:\/\/www.polsoz.fu-berlin.de\/polwiss\/forschung\/grundlagen\/gender-div\/team\/guelay_caglar\/index.html\" target=\"_blank\">G\u00fclay \u00c7aglar<\/a> widemt sich dem Thema im Rahmen der Ringvorlesung <em><a rel=\"noreferrer noopener\" href=\"https:\/\/www.fu-berlin.de\/sites\/offenerhoersaal\/scripts\/index.html\" target=\"_blank\">Auseinandersetzungen \u00fcber und in liberale(n) Ordnungen: Zur Kritik und Zukunft des liberalen Skripts.<\/a><\/em> Diese wiederum ist eine von drei interdisziplin\u00e4ren Ringvorlesungen, die die Freie Universit\u00e4t einer breiten \u00d6ffentlichkeit mit dem  <a rel=\"noreferrer noopener\" href=\"https:\/\/www.fu-berlin.de\/sites\/offenerhoersaal\/index.html\" target=\"_blank\">Offenen H\u00f6rsaal <\/a>anbietet. <\/p>\n\n\n\n<p>Was aber ist das &#8222;liberale Skript&#8220;, fragt sich die hier angesprochene breite \u00d6ffentlichkeit wom\u00f6glich vorab.  Der Veranstalter dieser Ringvorlesung, das <a rel=\"noreferrer noopener\" href=\"https:\/\/www.scripts-berlin.eu\/\" target=\"_blank\">Exzellenzcluster \u201eContestations of the Liberal Script&#8220;<\/a>, kurz SCRIPTS, an der Freien Universit\u00e4t Berlin, f\u00fchrt dazu in seiner Ank\u00fcndigung aus: <\/p>\n\n\n\n<blockquote class=\"wp-block-quote is-layout-flow wp-block-quote-is-layout-flow\"><p>Die Ringvorlesung des Exzellenzclusters versammelt herausragende Forschung aus dem Exzellenzcluster und interdisziplin\u00e4re Perspektiven auf die aktuellen Anfechtungen der liberalen Ordnung. Michael Z\u00fcrn f\u00fchrt in die theoretischen Grundlagen und in die Problemstellung ein. SCRIPTS-Forschende und ausgew\u00e4hlte G\u00e4ste arbeiten regionale und thematische Schwerpunkte sowie interne Spannungen und Kritik am liberalen Skript heraus. <\/p><\/blockquote>\n\n\n\n<p class=\"has-medium-font-size\">Anfechtungen der liberalen Ordnung  &#8211; Gefahren f\u00fcr die Demokratie<\/p>\n\n\n\n<blockquote class=\"wp-block-quote is-layout-flow wp-block-quote-is-layout-flow\"><p>Die Zukunft von Demokratie und der internationalen liberalen Ordnung scheint 30 Jahre nach dem Fall der Berliner Mauer und den damit einhergegangenen westlichen Triumphges\u00e4ngen nicht mehr gesichert. Russlands Bruch des V\u00f6lkerrechts in der Ukraine und ein neuer Krieg in Europa, die Wiederkehr der Taliban in Afghanistan, der Trumpismus in den USA, \u00fcberall das Auftauchen autorit\u00e4r-populistischer Parteien, Chinas rasanter Aufstieg, der Brexit oder internationaler Terrorismus \u2013 die externen und internen Anfechtungen dessen, was als \u201eliberales Skript\u201c bezeichnet wird, sind vielf\u00e4ltig. Die seit dem Kalten Krieg etablierte Ordnung unter der F\u00fchrung der USA wird schw\u00e4cher. <\/p><p>Gleichzeitig weisen neue Protestbewegungen auf die Ambiguit\u00e4ten und Spannungen in liberalen Gesellschaften hin: Rassismus und Exklusion von BIPoC (Black, Indigenous and People of Color, Anm. d. Red.) und FLINTA* (<strong>F<\/strong>rauen, <strong>L<\/strong>esben, <strong>i<\/strong>ntersexuelle, <strong>n<\/strong>icht-bin\u00e4re, <strong>t<\/strong>rans und <strong>a<\/strong>gender Personen, Anm. d. Red.), militarisierte Grenzregime oder die extreme Ungleichheit in den sogenannten Leistungsgesellschaften entlarven die Versprechen des liberalen Skripts als Illusion. Wie reagieren liberale Gesellschaften darauf? Wird das \u201eliberale Skript\u201c untergehen, sich ver\u00e4ndern, oder gest\u00e4rkt aus den Krisen hervorgehen? Welche Antworten haben konkurrierende Ordnungen auf die globale Klimakrise, Migration, oder internationale Sicherheit?<\/p><\/blockquote>\n\n\n\n<p><strong>Zeit &amp; Ort<\/strong><\/p>\n\n\n\n<p>Montag, 16.01.2023 | 18:15 &#8211; 19:45 Uhr<\/p>\n\n\n\n<p>Freie Universit\u00e4t Berlin, H\u00f6rsaal 1b, Geb\u00e4udekomplex Habelschwerdter Allee 45, 14195 Berlin<\/p>\n\n\n\n<p><a href=\"https:\/\/www.fu-berlin.de\/sites\/offenerhoersaal\/scripts\/livestream\/index.html\" target=\"_blank\" rel=\"noreferrer noopener\">Livestream<\/a> <\/p>\n\n\n\n<p>Kontakt: Katinka von Kovatsits, Telefon: 030 254 91 341, E-Mail: <a href=\"mailto:katinka.kovatsits@wzb.eu\">katinka.kovatsits@wzb.eu<\/a><\/p>\n","protected":false},"excerpt":{"rendered":"<p>Vortrag: 16. Januar 2023 | 18:15-19:45 Uhr Geschlechtergerechtigkeit im liberalen Skript: feministische Perspektiven beleuchtet G\u00fclay \u00c7a\u011flar, Professorin am Fachbereich Politik- und Sozialwissenschaften mit Schwerpunkt Gender and Diversity, in ihrem Vortrag im hybriden Format.<\/p>\n","protected":false},"author":6410,"featured_media":4581,"comment_status":"open","ping_status":"open","sticky":false,"template":"","format":"standard","meta":{"footnotes":""},"categories":[428608],"tags":[305170,57446,303556],"class_list":["post-4578","post","type-post","status-publish","format-standard","has-post-thumbnail","hentry","category-informiert","tag-diversity","tag-geschlechterforschung","tag-intersektionalitaet"],"_links":{"self":[{"href":"https:\/\/blogs.fu-berlin.de\/frauenbeauftragte\/wp-json\/wp\/v2\/posts\/4578","targetHints":{"allow":["GET"]}}],"collection":[{"href":"https:\/\/blogs.fu-berlin.de\/frauenbeauftragte\/wp-json\/wp\/v2\/posts"}],"about":[{"href":"https:\/\/blogs.fu-berlin.de\/frauenbeauftragte\/wp-json\/wp\/v2\/types\/post"}],"author":[{"embeddable":true,"href":"https:\/\/blogs.fu-berlin.de\/frauenbeauftragte\/wp-json\/wp\/v2\/users\/6410"}],"replies":[{"embeddable":true,"href":"https:\/\/blogs.fu-berlin.de\/frauenbeauftragte\/wp-json\/wp\/v2\/comments?post=4578"}],"version-history":[{"count":24,"href":"https:\/\/blogs.fu-berlin.de\/frauenbeauftragte\/wp-json\/wp\/v2\/posts\/4578\/revisions"}],"predecessor-version":[{"id":6524,"href":"https:\/\/blogs.fu-berlin.de\/frauenbeauftragte\/wp-json\/wp\/v2\/posts\/4578\/revisions\/6524"}],"wp:featuredmedia":[{"embeddable":true,"href":"https:\/\/blogs.fu-berlin.de\/frauenbeauftragte\/wp-json\/wp\/v2\/media\/4581"}],"wp:attachment":[{"href":"https:\/\/blogs.fu-berlin.de\/frauenbeauftragte\/wp-json\/wp\/v2\/media?parent=4578"}],"wp:term":[{"taxonomy":"category","embeddable":true,"href":"https:\/\/blogs.fu-berlin.de\/frauenbeauftragte\/wp-json\/wp\/v2\/categories?post=4578"},{"taxonomy":"post_tag","embeddable":true,"href":"https:\/\/blogs.fu-berlin.de\/frauenbeauftragte\/wp-json\/wp\/v2\/tags?post=4578"}],"curies":[{"name":"wp","href":"https:\/\/api.w.org\/{rel}","templated":true}]}}