{"id":4618,"date":"2023-01-20T20:03:35","date_gmt":"2023-01-20T19:03:35","guid":{"rendered":"https:\/\/blogs.fu-berlin.de\/frauenbeauftragte\/?p=4618"},"modified":"2023-07-17T13:06:23","modified_gmt":"2023-07-17T11:06:23","slug":"publikationsbremse-pandemie","status":"publish","type":"post","link":"https:\/\/blogs.fu-berlin.de\/frauenbeauftragte\/2023\/01\/20\/publikationsbremse-pandemie\/","title":{"rendered":"Publikationsbremse Pandemie"},"content":{"rendered":"\n<div class=\"wp-block-media-text alignwide is-stacked-on-mobile\"><figure class=\"wp-block-media-text__media\"><img loading=\"lazy\" decoding=\"async\" width=\"1024\" height=\"684\" src=\"https:\/\/blogs.fu-berlin.de\/frauenbeauftragte\/files\/2023\/01\/Banner_Publikationsbremse_3x2-1024x684.png\" alt=\"\" class=\"wp-image-4755 size-full\" srcset=\"https:\/\/blogs.fu-berlin.de\/frauenbeauftragte\/files\/2023\/01\/Banner_Publikationsbremse_3x2-1024x684.png 1024w, https:\/\/blogs.fu-berlin.de\/frauenbeauftragte\/files\/2023\/01\/Banner_Publikationsbremse_3x2-300x200.png 300w, https:\/\/blogs.fu-berlin.de\/frauenbeauftragte\/files\/2023\/01\/Banner_Publikationsbremse_3x2-768x513.png 768w, https:\/\/blogs.fu-berlin.de\/frauenbeauftragte\/files\/2023\/01\/Banner_Publikationsbremse_3x2.png 1200w\" sizes=\"auto, (max-width: 709px) 85vw, (max-width: 909px) 67vw, (max-width: 1362px) 62vw, 840px\" \/><\/figure><div class=\"wp-block-media-text__content\">\n<p><strong>Hybride Podiumsdiskussion: 17. Februar 2023 | 10:15-12 Uhr<\/strong> Inwieweit hat Care-Arbeit w\u00e4hrend der Pandemie Wissenschaftler*innen beeintr\u00e4chtigt, insbesondere in ihren Publikationsaktivit\u00e4ten? Was bedeutet der Gender Publication Gap f\u00fcr die Karrieren von Nachwuchswissenschaftlerinnen? Wir laden ein zur Diskussion \u00fcber die <a rel=\"noreferrer noopener\" href=\"https:\/\/www.fu-berlin.de\/sites\/frauenbeauftragte\/publikationsbremse-pandemie\/index.html\" target=\"_blank\">Publikationsbremse Pandemie<\/a> mit Expertinnen und Gleichstellungsakteurinnen. <\/p>\n\n\n\n<!--more-->\n<\/div><\/div>\n\n\n\n<p>Weltweit hat die Geschlechterungleichheit aufgrund der Pandemie stark zugenommen. Dies dokumentiert der <a rel=\"noreferrer noopener\" href=\"https:\/\/www3.weforum.org\/docs\/WEF_GGGR_2021.pdf\" target=\"_blank\">Global Gender Gap Report 2021<\/a> des World Economic Forum, der einen globalen Geschlechtergleichheits-Index anhand von vier Kategorien berechnet: Gesundheit und \u00dcberleben, Bildungsniveau, \u00f6konomische Beteiligungsm\u00f6glichkeit sowie politische Teilhabe. Waren es vor der Pandemie noch 99,5 Jahre bis zur Schlie\u00dfung der Geschlechterl\u00fccke, hat sich dieser Zeitraum bis 2021 um 36,1 Jahre, also um die L\u00e4nge einer Generation, auf 135,6 Jahre vergr\u00f6\u00dfert. Durch die Pandemie ist Geschlechtergerechtigkeit weiter in die Ferne ger\u00fcckt.  <\/p>\n\n\n\n<p class=\"has-medium-font-size\">Gender Publication Gap in der Wissenschaft<\/p>\n\n\n\n<p>Dieser R\u00fcckschritt ist auch in der Wissenschaft zu verzeichnen. Geschlossene Kitas, Schulen und Hochschulen, stattdessen Kinderbetreuung, Home-Schooling und digitale Lehre in den eigenen vier W\u00e4nden: Wissenschaftler*innen mit Familienaufgaben waren in der Pandemie mit besonderen Herausforderungen konfrontiert. Die zus\u00e4tzlichen Care-Aufgaben schm\u00e4lerten ihre Ressourcen f\u00fcr die eigene wissenschaftliche Weiterentwicklung. Wie internationale Studien zeigen, waren in der Pandemie insbesondere weibliche Wissenschaftlerinnen mit famili\u00e4rer Sorgearbeit in ihren Publikationsaktivit\u00e4ten erheblich eingeschr\u00e4nkt.<\/p>\n\n\n\n<p>Am Beispiel der Erstautor*innenschaft von Covid-relevanter Forschung haben Carolin Lerchenm\u00fcller, Leo Schmallenbach, Anupam B. Jena und Marc J. Lerchenm\u00fcller in einer <a rel=\"noreferrer noopener\" href=\"https:\/\/bmjopen.bmj.com\/content\/bmjopen\/11\/4\/e045176.full.pdf\" target=\"_blank\">L\u00e4ngsschnittstudie<\/a> nachgewiesen, dass der <a rel=\"noreferrer noopener\" href=\"https:\/\/www.forschung-und-lehre.de\/forschung\/gender-publication-gap-2020-groesser-geworden-4086\" target=\"_blank\">Gender Publication Gap 2020 gr\u00f6\u00dfer geworden<\/a> ist. Demnach vergr\u00f6\u00dferte sich die L\u00fccke zwischen dem Anteil weiblicher und m\u00e4nnlicher Erstautor*innen in Deutschland innerhalb eines Jahres um 18 Prozentpunkte, von 20% auf 38%. Im internationalen Vergleich verzeichneten Frankreich mit 30 Prozentpunkten, Italien mit 27 Prozentpunkten und Spanien mit 20 Prozentpunkten einen noch st\u00e4rkeren R\u00fcckgang des Anteils an Erstautorinnen in dem untersuchten Forschungsfeld. Mit 6 Prozentpunkten reduzierte sich dieser Anteil in den USA und Israel deutlich weniger.<\/p>\n\n\n\n<p>In der Forschung werden neben Gender Publication Gap auch Bezeichnungen wie Corona Gap und Productivity Gap verwendet. Sie alle weisen darauf hin, dass eine verringerte Publikationsproduktivit\u00e4t im Lockdown zu erheblichen Benachteiligungen von Wissenschaftlerinnen in ihren wissenschaftlichen Karrieren f\u00fchrt.<\/p>\n\n\n\n<p class=\"has-medium-font-size\">Wissenschaftliche Karrieren durch Care-Arbeit vor dem Aus?<\/p>\n\n\n\n<p>Bereits im Fr\u00fchjahr 2021 haben wir in der Veranstaltung <a rel=\"noreferrer noopener\" href=\"https:\/\/blogs.fu-berlin.de\/frauenbeauftragte\/2021\/04\/13\/kinder-corona-karriereknick\/\" target=\"_blank\">Kinder, Corona, Karriereknick?<\/a> die Auswirkungen des Lockdowns auf Wissenschaftlerinnen und Studentinnen mit Care-Aufgaben diskutiert. <a href=\"https:\/\/blogs.fu-berlin.de\/frauenbeauftragte\/2021\/10\/28\/vereinbarkeit-vertagt\/\" target=\"_blank\" rel=\"noreferrer noopener\">Vereinbarkeit vertagt?<\/a> fragten wir ein halbes Jahr sp\u00e4ter angesichts weiterhin fehlender universit\u00e4tseigener Ma\u00dfnahmen, pandemiebedingte Benachteiligungen wirksam auszugleichen. <\/p>\n\n\n\n<p>In unserer Folgeveranstaltung er\u00f6rtern Hochschulakteurinnen, Gleichstellungsexpertinnen und Wissenschaftlerinnen Umfang und l\u00e4ngerfristige Auswirkungen des Gender Publication Gap, vor allem auf Wissenschaftlerinnen in der Qualifizierungsphase. Anhand von Good Practice werden m\u00f6gliche Ma\u00dfnahmen zum Ausgleich pandemiebedingter Benachteiligungen beleuchtet. <\/p>\n\n\n\n<hr class=\"wp-block-separator has-alpha-channel-opacity\" \/>\n\n\n\n<p class=\"has-medium-font-size\">Podium<\/p>\n\n\n\n<ul class=\"wp-block-list\"><li><strong>Prof. Dr. Verena Blechinger-Talcott<\/strong>, Erste Vizepr\u00e4sidentin, FU Berlin<\/li><li><strong>Dr. Sarah Czerney, Dr. Lena Eckert<\/strong>, Netzwerk Mutterschaft und Wissenschaft<\/li><li><strong>Prof. Dr. Barbara Fritz<\/strong>, Sprecherin der Kommission zur F\u00f6rderung von Nachwuchswissenschaftlerinnen, FU Berlin<\/li><li><strong>Dr. Stine Gutjahr<\/strong>, Vertreterin der akademischen Mitarbeiter*innen im Akademischen Senat, FU Berlin<\/li><li><strong>Prof. Lena Hipp, Ph.D.<\/strong><em>,<\/em>&nbsp;S-Professorin f\u00fcr Sozialstrukturanalyse, Universit\u00e4t Potsdam; Leiterin der Forschungsgruppe Arbeit und F\u00fcrsorge, Wissenschaftszentrum Berlin f\u00fcr Sozialforschung<\/li><li><strong>Svenja Saure<\/strong>, Gleichstellungsreferentin, Stabsstelle Gleichstellung, Universit\u00e4t Hamburg<\/li><li><strong>Prof. Kathrin Zippel, Ph.D.<\/strong>, Professorin f\u00fcr Soziologie mit Schwerpunkt Gender Studies, FU Berlin<\/li><\/ul>\n\n\n\n<p>Moderation: <strong>Dr. Corinna Tomberger<\/strong>, Stellvertreterin der zentralen Frauenbeauftragten, FU Berlin<\/p>\n\n\n\n<hr class=\"wp-block-separator has-alpha-channel-opacity\" \/>\n\n\n\n<p class=\"has-medium-font-size\">Rahmenprogramm&nbsp;<\/p>\n\n\n\n<p>Vor der Podiumsdiskussion er\u00f6ffnen die Erste Vizepr\u00e4sidentin  Prof. Dr. Blechinger-Talcott und Dr. Heike Pantelmann, Gesch\u00e4ftsf\u00fchrerin des Margherita-von-Brentano-Zentrums, in der Rostlaube die Ausstellung <a rel=\"noreferrer noopener\" href=\"https:\/\/www.bihealth.org\/de\/aktuelles\/mediathek\/hauptstadt-der-wissenschaftlerinnen\" data-type=\"URL\" data-id=\"https:\/\/www.bihealth.org\/de\/aktuelles\/mediathek\/hauptstadt-der-wissenschaftlerinnen\" target=\"_blank\">Berlin &#8211; Hauptstadt der Wissenschaftlerinnen<\/a>. Die Ausstellung ist vom 17. Februar bis 7. M\u00e4rz in der Rostlaube f\u00fcr die \u00d6ffentlichkeit frei zug\u00e4nglich. Im Anschluss an die Podiumsdiskussion laden wir ab 12:00 Uhr zu einem kleinen Get-together ein. Alle R\u00e4umlichkeiten sind barrierefrei zug\u00e4nglich. <\/p>\n\n\n\n<hr class=\"wp-block-separator has-alpha-channel-opacity\" \/>\n\n\n\n<p class=\"has-medium-font-size\">Programm\u00fcbersicht <\/p>\n\n\n\n<figure class=\"wp-block-table\"><table><thead><tr><th>Uhrzeit<\/th><th>Programmpunkt<\/th><th>Ort<\/th><\/tr><\/thead><tbody><tr><td>9:30 &#8211; 10:00 Uhr<\/td><td>Er\u00f6ffnung der Ausstellung &#8222;Berlin \u2013 Hauptstadt der Wissenschaftlerinnen&#8220;<\/td><td>Rostlaube, Garderobenfoyer Habelschwerdter Allee 45 (barrierefrei)<\/td><\/tr><tr><td>10:15 &#8211; 12:00 Uhr<\/td><td>Podiumsdiskussion &#8222;Publikationsbremse Pandemie&#8220;<em> (Anmeldung erforderlich)<\/em><\/td><td>Weiterbildungszentrum<br>Otto-von-Simson-Str. 13 Tagungsaal 1. OG (barrierefrei) und online<\/td><\/tr><tr><td>12:00 &#8211; 13:30 Uhr<\/td><td>Get-together mit Imbiss und Umtrunk <\/td><td>Weiterbildungszentrum<br>Otto-von-Simson-Str. 13 Tagungsaal 1. OG (barrierefrei)<\/td><\/tr><\/tbody><\/table><\/figure>\n\n\n\n<hr class=\"wp-block-separator has-alpha-channel-opacity\" \/>\n\n\n\n<p class=\"has-medium-font-size\">Anmeldung <\/p>\n\n\n\n<p>Bitte melden Sie sich vorab f\u00fcr die Teilnahme an der Podiumsdiskussion an: <\/p>\n\n\n\n<ul class=\"wp-block-list\"><li><a rel=\"noreferrer noopener\" href=\"https:\/\/ssl2.cms.fu-berlin.de\/fu-berlin\/sites\/frauenbeauftragte\/publikationsbremse-pandemie\/PM-anmeldung-podiumsdiskussion-praesenz\/index.html\" target=\"_blank\">Anmeldeformular f\u00fcr Teilnahme in Pr\u00e4senz<\/a><\/li><li><a rel=\"noreferrer noopener\" href=\"https:\/\/ssl2.cms.fu-berlin.de\/fu-berlin\/sites\/frauenbeauftragte\/publikationsbremse-pandemie\/PM-anmeldung-podiumsdiskussion-online\/index.html\" target=\"_blank\">Anmeldeformular f\u00fcr Teilnahme online via Webex<\/a>&nbsp;| Einladungslink erhalten Sie vorab per E-Mail<\/li><\/ul>\n\n\n\n<p>Bei Fragen wenden Sie sich gerne an das Team Zentrale Frauenbeauftragte: <a rel=\"noreferrer noopener\" href=\"mailto:frauenbeauftragte@fu-berlin.de\" target=\"_blank\">frauenbeauftragte@fu-berlin.de<\/a><\/p>\n\n\n\n<hr class=\"wp-block-separator has-alpha-channel-opacity\" \/>\n\n\n\n<p>Bitte beachten Sie: W\u00e4hrend der Veranstaltung werden von der Universit\u00e4t Fotos und Filme zu Zwecken der Dokumentation und \u00d6ffentlichkeitsarbeit gemacht.<\/p>\n\n\n\n<hr class=\"wp-block-separator has-alpha-channel-opacity\" \/>\n\n\n<div class=\"wp-block-image\">\n<figure class=\"aligncenter size-large is-resized\"><img loading=\"lazy\" decoding=\"async\" src=\"https:\/\/blogs.fu-berlin.de\/frauenbeauftragte\/files\/2023\/01\/Publikationsbremse_A4_WEB-1-724x1024.jpg\" alt=\"\" class=\"wp-image-4734\" width=\"543\" height=\"768\" srcset=\"https:\/\/blogs.fu-berlin.de\/frauenbeauftragte\/files\/2023\/01\/Publikationsbremse_A4_WEB-1-724x1024.jpg 724w, https:\/\/blogs.fu-berlin.de\/frauenbeauftragte\/files\/2023\/01\/Publikationsbremse_A4_WEB-1-212x300.jpg 212w, https:\/\/blogs.fu-berlin.de\/frauenbeauftragte\/files\/2023\/01\/Publikationsbremse_A4_WEB-1-768x1086.jpg 768w, https:\/\/blogs.fu-berlin.de\/frauenbeauftragte\/files\/2023\/01\/Publikationsbremse_A4_WEB-1-1086x1536.jpg 1086w, https:\/\/blogs.fu-berlin.de\/frauenbeauftragte\/files\/2023\/01\/Publikationsbremse_A4_WEB-1-1448x2048.jpg 1448w, https:\/\/blogs.fu-berlin.de\/frauenbeauftragte\/files\/2023\/01\/Publikationsbremse_A4_WEB-1-1200x1697.jpg 1200w, https:\/\/blogs.fu-berlin.de\/frauenbeauftragte\/files\/2023\/01\/Publikationsbremse_A4_WEB-1.jpg 1654w\" sizes=\"auto, (max-width: 543px) 85vw, 543px\" \/><\/figure><\/div>","protected":false},"excerpt":{"rendered":"<p>Hybride Podiumsdiskussion: 17. Februar 2023 | 10:15-12 Uhr Inwieweit hat Care-Arbeit w\u00e4hrend der Pandemie Wissenschaftler*innen beeintr\u00e4chtigt, insbesondere in ihren Publikationsaktivit\u00e4ten? Was bedeutet der Gender Publication Gap f\u00fcr die Karrieren von Nachwuchswissenschaftlerinnen? Wir laden ein zur Diskussion \u00fcber die Publikationsbremse Pandemie mit Expertinnen und Gleichstellungsakteurinnen.<\/p>\n","protected":false},"author":7120,"featured_media":4755,"comment_status":"open","ping_status":"open","sticky":false,"template":"","format":"standard","meta":{"footnotes":""},"categories":[428608],"tags":[430258,1797,301208,237832,433454,437124,437406],"class_list":["post-4618","post","type-post","status-publish","format-standard","has-post-thumbnail","hentry","category-informiert","tag-vereinbarkeit","tag-familie","tag-frauenfoerderung","tag-pandemie","tag-gleichstellungspolitik","tag-wissenschaftlerinnen","tag-postdoktorandinnen"],"_links":{"self":[{"href":"https:\/\/blogs.fu-berlin.de\/frauenbeauftragte\/wp-json\/wp\/v2\/posts\/4618","targetHints":{"allow":["GET"]}}],"collection":[{"href":"https:\/\/blogs.fu-berlin.de\/frauenbeauftragte\/wp-json\/wp\/v2\/posts"}],"about":[{"href":"https:\/\/blogs.fu-berlin.de\/frauenbeauftragte\/wp-json\/wp\/v2\/types\/post"}],"author":[{"embeddable":true,"href":"https:\/\/blogs.fu-berlin.de\/frauenbeauftragte\/wp-json\/wp\/v2\/users\/7120"}],"replies":[{"embeddable":true,"href":"https:\/\/blogs.fu-berlin.de\/frauenbeauftragte\/wp-json\/wp\/v2\/comments?post=4618"}],"version-history":[{"count":85,"href":"https:\/\/blogs.fu-berlin.de\/frauenbeauftragte\/wp-json\/wp\/v2\/posts\/4618\/revisions"}],"predecessor-version":[{"id":6526,"href":"https:\/\/blogs.fu-berlin.de\/frauenbeauftragte\/wp-json\/wp\/v2\/posts\/4618\/revisions\/6526"}],"wp:featuredmedia":[{"embeddable":true,"href":"https:\/\/blogs.fu-berlin.de\/frauenbeauftragte\/wp-json\/wp\/v2\/media\/4755"}],"wp:attachment":[{"href":"https:\/\/blogs.fu-berlin.de\/frauenbeauftragte\/wp-json\/wp\/v2\/media?parent=4618"}],"wp:term":[{"taxonomy":"category","embeddable":true,"href":"https:\/\/blogs.fu-berlin.de\/frauenbeauftragte\/wp-json\/wp\/v2\/categories?post=4618"},{"taxonomy":"post_tag","embeddable":true,"href":"https:\/\/blogs.fu-berlin.de\/frauenbeauftragte\/wp-json\/wp\/v2\/tags?post=4618"}],"curies":[{"name":"wp","href":"https:\/\/api.w.org\/{rel}","templated":true}]}}