{"id":4720,"date":"2023-01-27T12:30:00","date_gmt":"2023-01-27T11:30:00","guid":{"rendered":"https:\/\/blogs.fu-berlin.de\/frauenbeauftragte\/?p=4720"},"modified":"2025-03-10T16:34:46","modified_gmt":"2025-03-10T15:34:46","slug":"bewerben-margheritha-von-brentano-preis","status":"publish","type":"post","link":"https:\/\/blogs.fu-berlin.de\/frauenbeauftragte\/2023\/01\/27\/bewerben-margheritha-von-brentano-preis\/","title":{"rendered":"Bewerben! Margherita-von-Brentano-Preis"},"content":{"rendered":"\n<div class=\"wp-block-media-text alignwide is-stacked-on-mobile\"><figure class=\"wp-block-media-text__media\"><img loading=\"lazy\" decoding=\"async\" width=\"275\" height=\"183\" src=\"https:\/\/blogs.fu-berlin.de\/frauenbeauftragte\/files\/2023\/01\/MvB_Foto_Frigga-Haug_gedreht_mit_Matthias-PIU-Lieck-1.jpg\" alt=\"\" class=\"wp-image-4732 size-full\" \/><\/figure><div class=\"wp-block-media-text__content\">\n<p><strong>Bewerbungsfrist 31. M\u00e4rz 2023<\/strong> In diesem Jahr vergibt die Freie Universit\u00e4t wieder den mit 15.000 Euro dotierten <a rel=\"noreferrer noopener\" href=\"https:\/\/www.mvbz.fu-berlin.de\/ueber-uns\/ueber-margherita-von-brentano\/margherita-von-brentano-preis\" target=\"_blank\">Margherita-von-Brentano-Preis<\/a> f\u00fcr besondere Leistungen in der Geschlechterforschung oder Frauenf\u00f6rderung. Gruppen oder Einzelpersonen aller Statusgruppen, deren Wirken mit der Freien Universit\u00e4t verbunden ist, k\u00f6nnen sich bewerben oder vorgeschlagen werden.<\/p>\n\n\n\n<!--more-->\n<\/div><\/div>\n\n\n\n<p>Mit dem Margherita-von-Brentano-Preis w\u00fcrdigt das Pr\u00e4sidium der Freien Universit\u00e4t hervorragende wissenschaftliche Leistungen oder Projekte im Bereich der Frauenf\u00f6rderung oder der Geschlechterforschung. Die Vergabe der Auszeichnung erfolgt durch den Pr\u00e4sidenten auf Vorschlag des zentralen Frauenrats. Das Ausschreibungs- und Bewerbungsverfahren organisiert das Margherita-von-Brentano-Zentrum.<\/p>\n\n\n\n<p><a href=\"https:\/\/www.mvbz.fu-berlin.de\/ueber-uns\/ueber-margherita-von-brentano\/index.html\" target=\"_blank\" rel=\"noreferrer noopener\">Margherita von Brentano<\/a>, die Namensgeberin des Preises, wurde 1970 als erste Frau in das Amt der Vizepr\u00e4sidentin der Freien Universit\u00e4t gew\u00e4hlt und war Professorin am Institut f\u00fcr Philosophie. Schon zu Beginn der 1960er Jahre engagierte sie sich daf\u00fcr, die berufliche Diskriminierung von Frauen an Universit\u00e4ten und Forschungseinrichtungen zu \u00fcberwinden.<\/p>\n\n\n\n<p>Seit 1995 wird der Margherita-von-Brentano-Preis verliehen, zun\u00e4chst j\u00e4hrlich, seit 2013 alle zwei Jahre. Zu den <a rel=\"noreferrer noopener\" href=\"https:\/\/www.fu-berlin.de\/sites\/margherita-von-brentano\/preistraegerinnen\/index.html\" target=\"_blank\">bisherigen Preistr\u00e4ger*innen<\/a> geh\u00f6rt das Datenbankprojekt \u201eFeminizidmap\u201c (2021), das seit 2019 T\u00f6tungsdelikte an Frauen und M\u00e4dchen aufgrund ihres Geschlechts dokumentiert. Davor hatte die Initiative \u201eMedical Students for Choice\u201c (2019), die sich ehrenamtlich f\u00fcr das Recht auf sexuelle Selbstbestimmung engagiert, die Auszeichnung erhalten. Zu den Preistr\u00e4ger*innen z\u00e4hlen weiterhin die Forschungsgruppe \u201eFrauen und Flucht\u201c (2017), angesiedelt am Institut f\u00fcr Sozial- und Kulturanthropologie, und der Arbeitskreis Historische Frauen- und Geschlechterforschung e.V. (2015).<\/p>\n\n\n\n<hr class=\"wp-block-separator has-alpha-channel-opacity\" \/>\n\n\n\n<p class=\"has-medium-font-size\">Margherita-von-Brentano-Preis<\/p>\n\n\n\n<ul class=\"wp-block-list\"><li><strong>Bewerbungsfrist: <\/strong>31.03.2023<\/li><li><a href=\"https:\/\/www.mvbz.fu-berlin.de\/media\/pdfs_docs\/aktivitaeten_mvb-preis_161130_informationen_zur_bewerbung.pdf\" target=\"_blank\" rel=\"noreferrer noopener\"><strong>Informationen<\/strong> f\u00fcr Bewerbungen und Vorschl\u00e4ge f\u00fcr den Margherita-von-Brentano-Preis<\/a><\/li><li><strong>Bewerbungen<\/strong> an: <a rel=\"noreferrer noopener\" href=\"mailto:bewerbungen@mvbz.fu-berlin.de\" target=\"_blank\">bewerbungen@mvbz.fu-berlin.de<\/a><\/li><li><strong>Kontakt:<\/strong> <a rel=\"noreferrer noopener\" href=\"https:\/\/www.mvbz.fu-berlin.de\/ueber-uns\/team\/pantelmann\/index.html\" target=\"_blank\">Dr. Heike Pantelmann<\/a>, Margherita-von-Brentano-Zentrum<\/li><\/ul>\n\n\n\n<hr class=\"wp-block-separator has-alpha-channel-opacity\" \/>\n","protected":false},"excerpt":{"rendered":"<p>Bewerbungsfrist 31. M\u00e4rz 2023 In diesem Jahr vergibt die Freie Universit\u00e4t wieder den mit 15.000 Euro dotierten Margherita-von-Brentano-Preis f\u00fcr besondere Leistungen in der Geschlechterforschung oder Frauenf\u00f6rderung. Gruppen oder Einzelpersonen aller Statusgruppen, deren Wirken mit der Freien Universit\u00e4t verbunden ist, k\u00f6nnen sich bewerben oder vorgeschlagen werden.<\/p>\n","protected":false},"author":6410,"featured_media":4732,"comment_status":"open","ping_status":"open","sticky":false,"template":"","format":"standard","meta":{"footnotes":""},"categories":[428608],"tags":[301208,57446],"class_list":["post-4720","post","type-post","status-publish","format-standard","has-post-thumbnail","hentry","category-informiert","tag-frauenfoerderung","tag-geschlechterforschung"],"_links":{"self":[{"href":"https:\/\/blogs.fu-berlin.de\/frauenbeauftragte\/wp-json\/wp\/v2\/posts\/4720","targetHints":{"allow":["GET"]}}],"collection":[{"href":"https:\/\/blogs.fu-berlin.de\/frauenbeauftragte\/wp-json\/wp\/v2\/posts"}],"about":[{"href":"https:\/\/blogs.fu-berlin.de\/frauenbeauftragte\/wp-json\/wp\/v2\/types\/post"}],"author":[{"embeddable":true,"href":"https:\/\/blogs.fu-berlin.de\/frauenbeauftragte\/wp-json\/wp\/v2\/users\/6410"}],"replies":[{"embeddable":true,"href":"https:\/\/blogs.fu-berlin.de\/frauenbeauftragte\/wp-json\/wp\/v2\/comments?post=4720"}],"version-history":[{"count":19,"href":"https:\/\/blogs.fu-berlin.de\/frauenbeauftragte\/wp-json\/wp\/v2\/posts\/4720\/revisions"}],"predecessor-version":[{"id":10171,"href":"https:\/\/blogs.fu-berlin.de\/frauenbeauftragte\/wp-json\/wp\/v2\/posts\/4720\/revisions\/10171"}],"wp:featuredmedia":[{"embeddable":true,"href":"https:\/\/blogs.fu-berlin.de\/frauenbeauftragte\/wp-json\/wp\/v2\/media\/4732"}],"wp:attachment":[{"href":"https:\/\/blogs.fu-berlin.de\/frauenbeauftragte\/wp-json\/wp\/v2\/media?parent=4720"}],"wp:term":[{"taxonomy":"category","embeddable":true,"href":"https:\/\/blogs.fu-berlin.de\/frauenbeauftragte\/wp-json\/wp\/v2\/categories?post=4720"},{"taxonomy":"post_tag","embeddable":true,"href":"https:\/\/blogs.fu-berlin.de\/frauenbeauftragte\/wp-json\/wp\/v2\/tags?post=4720"}],"curies":[{"name":"wp","href":"https:\/\/api.w.org\/{rel}","templated":true}]}}