{"id":4896,"date":"2023-02-10T18:00:00","date_gmt":"2023-02-10T17:00:00","guid":{"rendered":"https:\/\/blogs.fu-berlin.de\/frauenbeauftragte\/?p=4896"},"modified":"2023-07-17T13:07:22","modified_gmt":"2023-07-17T11:07:22","slug":"berlin-hauptstadt-der-wissenschaftlerinnen-2","status":"publish","type":"post","link":"https:\/\/blogs.fu-berlin.de\/frauenbeauftragte\/2023\/02\/10\/berlin-hauptstadt-der-wissenschaftlerinnen-2\/","title":{"rendered":"Berlin \u2013 Hauptstadt der Wissenschaftlerinnen"},"content":{"rendered":"\n<div class=\"wp-block-media-text alignwide is-stacked-on-mobile\"><figure class=\"wp-block-media-text__media\"><img loading=\"lazy\" decoding=\"async\" width=\"1024\" height=\"723\" src=\"https:\/\/blogs.fu-berlin.de\/frauenbeauftragte\/files\/2021\/10\/leporello-1024x723.png\" alt=\"\" class=\"wp-image-379 size-full\" srcset=\"https:\/\/blogs.fu-berlin.de\/frauenbeauftragte\/files\/2021\/10\/leporello-1024x723.png 1024w, https:\/\/blogs.fu-berlin.de\/frauenbeauftragte\/files\/2021\/10\/leporello-300x212.png 300w, https:\/\/blogs.fu-berlin.de\/frauenbeauftragte\/files\/2021\/10\/leporello-768x542.png 768w, https:\/\/blogs.fu-berlin.de\/frauenbeauftragte\/files\/2021\/10\/leporello-1200x848.png 1200w, https:\/\/blogs.fu-berlin.de\/frauenbeauftragte\/files\/2021\/10\/leporello.png 1287w\" sizes=\"auto, (max-width: 709px) 85vw, (max-width: 909px) 67vw, (max-width: 1362px) 62vw, 840px\" \/><\/figure><div class=\"wp-block-media-text__content\">\n<p><strong>Austellungser\u00f6ffnung: 17. Februar 2023 | 9:30 Uhr <\/strong><\/p>\n\n\n\n<p>Die 2021 erarbeitete Ausstellung ist ab n\u00e4chster Woche in der Freien Universit\u00e4t, im H\u00f6rsaalfoyer der Rostlaube,  zu sehen. Zur Er\u00f6ffnung sprechen die Erste Vizepr\u00e4sidentin Prof. Dr. Verena Blechinger-Talcott  und die Gesch\u00e4ftsf\u00fchrerin des Margherita-von-Bretano-Zentrums Dr. Heike Pantelmann. <\/p>\n\n\n\n<!--more-->\n<\/div><\/div>\n\n\n\n<p>Die Mikrobiologin und Nobelpreistr\u00e4gerin Prof. Dr. Emmanuelle Charpentier, die Physikerin Prof. Dr. Lise Meitner, die Kunsthistorikerin Prof. Dr. B\u00e9nedicte Savoy und die Philosophin Prof. Dr. Margherita von Bretano: Das sind einige der bekannteren Wissenschaftlerinnen, die die Ausstellung <a rel=\"noreferrer noopener\" href=\"https:\/\/www.bihealth.org\/de\/aktuelles\/mediathek\/hauptstadt-der-wissenschaftlerinnen\" target=\"_blank\">&#8222;Berlin \u2013 Hauptstadt der Wissenschaftlerinnen&#8220;<\/a> portr\u00e4tiert. Prof. Dr. Lydia Rabinowitsch-Kempner, erste Professorin Berlins, oder die 13-mal f\u00fcr den Nobelpreis nominierte Neurologin und Hirnforscherin Dr. C\u00e9cile Vogt geh\u00f6ren zu den weniger bekannten Portr\u00e4tierten. Allen ist gemeinsam, dass sie Berlin als Stadt und Wissenschaftsstandort gepr\u00e4gt haben und heute noch pr\u00e4gen. Gezeigt werden Pionierinnen ihres Faches und Wegbereiterinnen f\u00fcr k\u00fcnftige Generationen von Wissenschaftlerinnen.<\/p>\n\n\n\n<p>Expertinnen des Berlin Institute of Health an der Charit\u00e9 (BHI) erarbeiteten die Ausstellung im Rahmen der Wissensstadt Berlin 2021 unter Mitwirkung einer breiten \u00d6ffentlichkeit. Seit der <a href=\"https:\/\/blogs.fu-berlin.de\/frauenbeauftragte\/2021\/10\/20\/berlin-hauptstadt-der-wissenschaftlerinnen\/\" target=\"_blank\" rel=\"noreferrer noopener\">ersten Pr\u00e4sentation im Roten Rathaus<\/a> im Oktober 2021 tourt die Schau durch Berliner Hochschulen und Wissenschaftseinrichtungen, um ihrem Ziel gerecht zu werden, Wissenschaftlerinnen in der \u00f6ffentlichen Wahrnehmung mehr Sichtbarkeit zu geben. Ein entsprechendes Projekt begleitete auch deren Entstehung: Die beteiligte \u00d6ffentlichkeit, u.a. Sch\u00fcler*innen, erstellte umfangreiche Wikipedia-Eintr\u00e4ge zu Berliner Wissenschaftlerinnen der Vergangenheit und Gegenwart oder entwickelte vorhandene Beitr\u00e4ge weiter. <\/p>\n\n\n\n<p>Bis 7. M\u00e4rz ist die Tafelausstellung im H\u00f6rsaalfoyer der Rostlaube zu sehen. Es ist zu w\u00fcnschen, dass sie mit ihren 20 farbigen Panels neben zahlreichen Besucher*innen der Er\u00f6ffnung auch Laufpublikum dazu animiert, zu verweilen und sich den Kurzbiografien der portr\u00e4tierten Wissenschaftlerinnen zu widmen. <\/p>\n\n\n\n<p>Im Anschluss an die Ausstellungser\u00f6ffnung findet die Podiumsdiskussion &#8222;<a rel=\"noreferrer noopener\" href=\"https:\/\/www.fu-berlin.de\/sites\/frauenbeauftragte\/publikationsbremse-pandemie\/index.html\" target=\"_blank\">Publikationsbremse Pandemie: Wissenschaftliche Karrieren durch Care-Arbeit vor den Aus?<\/a>&#8220; statt.<\/p>\n\n\n\n<hr class=\"wp-block-separator has-alpha-channel-opacity\" \/>\n\n\n\n<p class=\"has-medium-font-size\">Zeit &amp; Ort<\/p>\n\n\n\n<ul class=\"wp-block-list\"><li><strong>Berlin \u2013 Hauptstadt der Wissenschaftlerinnen<\/strong><\/li><li><strong>Ort: <\/strong>Freie Universit\u00e4t Berlin, Rostlaube, H\u00f6rsaalfoyer, Habelschwerdter Allee 45, 14195 Berlin<\/li><li><strong>Er\u00f6ffnung: <\/strong>17.02.2023, 9.30\u201310:00h mit Beitr\u00e4gen von Prof. Dr. Verena Blechinger-Talcott und Dr. Heike Pantelmann<\/li><li><strong>Laufzeit: <\/strong>17.02.\u201307.03.2023<\/li><li><strong>\u00d6ffnungszeiten: <\/strong>Mo.\u2013Sa., 7:00\u201322:00 Uhr<\/li><\/ul>\n\n\n\n<hr class=\"wp-block-separator has-alpha-channel-opacity\" \/>\n\n\n\n<p><em>Abbildung: Senatskanzlei Berlin<\/em><\/p>\n","protected":false},"excerpt":{"rendered":"<p>Austellungser\u00f6ffnung: 17. Februar 2023 | 9:30 Uhr Die 2021 erarbeitete Ausstellung ist ab n\u00e4chster Woche in der Freien Universit\u00e4t, im H\u00f6rsaalfoyer der Rostlaube, zu sehen. Zur Er\u00f6ffnung sprechen die Erste Vizepr\u00e4sidentin Prof. Dr. Verena Blechinger-Talcott und die Gesch\u00e4ftsf\u00fchrerin des Margherita-von-Bretano-Zentrums Dr. Heike Pantelmann.<\/p>\n","protected":false},"author":3850,"featured_media":379,"comment_status":"open","ping_status":"open","sticky":false,"template":"","format":"standard","meta":{"footnotes":""},"categories":[428608],"tags":[437124],"class_list":["post-4896","post","type-post","status-publish","format-standard","has-post-thumbnail","hentry","category-informiert","tag-wissenschaftlerinnen"],"_links":{"self":[{"href":"https:\/\/blogs.fu-berlin.de\/frauenbeauftragte\/wp-json\/wp\/v2\/posts\/4896","targetHints":{"allow":["GET"]}}],"collection":[{"href":"https:\/\/blogs.fu-berlin.de\/frauenbeauftragte\/wp-json\/wp\/v2\/posts"}],"about":[{"href":"https:\/\/blogs.fu-berlin.de\/frauenbeauftragte\/wp-json\/wp\/v2\/types\/post"}],"author":[{"embeddable":true,"href":"https:\/\/blogs.fu-berlin.de\/frauenbeauftragte\/wp-json\/wp\/v2\/users\/3850"}],"replies":[{"embeddable":true,"href":"https:\/\/blogs.fu-berlin.de\/frauenbeauftragte\/wp-json\/wp\/v2\/comments?post=4896"}],"version-history":[{"count":25,"href":"https:\/\/blogs.fu-berlin.de\/frauenbeauftragte\/wp-json\/wp\/v2\/posts\/4896\/revisions"}],"predecessor-version":[{"id":6529,"href":"https:\/\/blogs.fu-berlin.de\/frauenbeauftragte\/wp-json\/wp\/v2\/posts\/4896\/revisions\/6529"}],"wp:featuredmedia":[{"embeddable":true,"href":"https:\/\/blogs.fu-berlin.de\/frauenbeauftragte\/wp-json\/wp\/v2\/media\/379"}],"wp:attachment":[{"href":"https:\/\/blogs.fu-berlin.de\/frauenbeauftragte\/wp-json\/wp\/v2\/media?parent=4896"}],"wp:term":[{"taxonomy":"category","embeddable":true,"href":"https:\/\/blogs.fu-berlin.de\/frauenbeauftragte\/wp-json\/wp\/v2\/categories?post=4896"},{"taxonomy":"post_tag","embeddable":true,"href":"https:\/\/blogs.fu-berlin.de\/frauenbeauftragte\/wp-json\/wp\/v2\/tags?post=4896"}],"curies":[{"name":"wp","href":"https:\/\/api.w.org\/{rel}","templated":true}]}}