{"id":5151,"date":"2023-03-02T18:45:00","date_gmt":"2023-03-02T17:45:00","guid":{"rendered":"https:\/\/blogs.fu-berlin.de\/frauenbeauftragte\/?p=5151"},"modified":"2023-07-17T13:08:10","modified_gmt":"2023-07-17T11:08:10","slug":"film-laeuft-picture-a-scientist","status":"publish","type":"post","link":"https:\/\/blogs.fu-berlin.de\/frauenbeauftragte\/2023\/03\/02\/film-laeuft-picture-a-scientist\/","title":{"rendered":"Film l\u00e4uft! &#8222;Picture a Scientist&#8220;"},"content":{"rendered":"\n<div class=\"wp-block-media-text alignwide is-stacked-on-mobile\"><figure class=\"wp-block-media-text__media\"><img loading=\"lazy\" decoding=\"async\" width=\"478\" height=\"319\" src=\"https:\/\/blogs.fu-berlin.de\/frauenbeauftragte\/files\/2023\/03\/Filmplakat-A-scientist_zugeschnitten_Quelle-1.jpg\" alt=\"\" class=\"wp-image-5170 size-full\" srcset=\"https:\/\/blogs.fu-berlin.de\/frauenbeauftragte\/files\/2023\/03\/Filmplakat-A-scientist_zugeschnitten_Quelle-1.jpg 478w, https:\/\/blogs.fu-berlin.de\/frauenbeauftragte\/files\/2023\/03\/Filmplakat-A-scientist_zugeschnitten_Quelle-1-300x200.jpg 300w\" sizes=\"auto, (max-width: 478px) 85vw, 478px\" \/><\/figure><div class=\"wp-block-media-text__content\">\n<p><strong>Filmvorf\u00fchrung: 9. M\u00e4rz 2023 | 17:30 Uhr<\/strong> Anl\u00e4sslich des Internationalen Frauentages l\u00e4dt der Fachbereich Geowissenschaften zur Vorf\u00fchrung von \u201ePicture A Scientist \u2013 Frauen der Wissenschaft\u201c ein. Die Dokumentation zeigt anhand von drei Biografien die Widerst\u00e4nde gegen Frauen in den Naturwissenschaften und deren Einsatz im Kampf um Anerkennung und f\u00fcr eine Welt, in der Frauen der Weg in die naturwissenschaftliche Forschung offen steht.<\/p>\n\n\n\n<!--more-->\n<\/div><\/div>\n\n\n\n<p>Mit dem Film <a href=\"https:\/\/www.pictureascientist.com\/\" target=\"_blank\" rel=\"noreferrer noopener\">\u201ePicture a Scientist \u2013 Frauen der Wissenschaft\u201c<\/a> aus dem Jahr 2020 haben die US-amerikanischen Filmemacher*innen Ian Cheney und Sharon Shattuck eine Dokumentation in Spielfilml\u00e4nge gedreht. Darin berichten rund ein Dutzend Naturwissenschaftlerinnen von ihren Erfahrungen mit Diskriminierung, Sexismus und Rassismus im Wissenschaftsbetrieb, u.a. eine Geologin, eine Biologin und eine Chemikerin. Als \u201eFrauen der Wissenschaft\u201c sind ihre Karrierewege von Anfang an ges\u00e4umt von Diskriminierungen; stets m\u00fcssen und mussten sie um Anerkennung, Respekt und f\u00fcr Gleichberechtigung k\u00e4mpfen.<\/p>\n\n\n<div class=\"wp-block-image\">\n<figure class=\"alignright size-full is-resized\"><img loading=\"lazy\" decoding=\"async\" src=\"https:\/\/blogs.fu-berlin.de\/frauenbeauftragte\/files\/2023\/03\/Picture-a-scientist-Plakat_mindjazz-pictures.jpg\" alt=\"\" class=\"wp-image-5157\" width=\"177\" height=\"250\" srcset=\"https:\/\/blogs.fu-berlin.de\/frauenbeauftragte\/files\/2023\/03\/Picture-a-scientist-Plakat_mindjazz-pictures.jpg 708w, https:\/\/blogs.fu-berlin.de\/frauenbeauftragte\/files\/2023\/03\/Picture-a-scientist-Plakat_mindjazz-pictures-212x300.jpg 212w\" sizes=\"auto, (max-width: 177px) 85vw, 177px\" \/><figcaption>Copyright: mindjazz pictures<\/figcaption><\/figure><\/div>\n\n\n<p>Was der Film auch zeigt: Frauen, die trotz aller Widrigkeiten Karriere in der Forschung machen, leiden oft unter Diskriminierung und \u00dcbergriffen. Im Film wird eine Studie&nbsp;der US-amerikanischen Nationalen Akademie der Wissenschaften zitiert, wonach die H\u00e4lfte der US-Wissenschaftlerinnen in ihrer Laufbahn schon einmal bel\u00e4stigt wurden.<\/p>\n\n\n\n<p>Organisatorin des Filmabends mit einer anschlie\u00dfenden M\u00f6glichkeit zum Austausch ist <a href=\"https:\/\/www.geo.fu-berlin.de\/en\/geog\/fachrichtungen\/menschumwelt\/Modelling-Human-Environmental-Interactions\/Staff\/mpiquerrodriguez\/index.html\" target=\"_blank\" rel=\"noreferrer noopener\">Dr. Maria Piquer Rodriguez<\/a>, Juniorprofessorin am Fachbereich Geowissenschaften. Zusammen mit <a href=\"https:\/\/www.geo.fu-berlin.de\/geol\/fachrichtungen\/geophy\/AG_Seismik\/Mitarbeiter\/Wimis\/GUTJAHR_STINE\/index.html\" target=\"_blank\" rel=\"noreferrer noopener\">Dr. Stine Gutjahr<\/a>, wissenschaftliche Mitarbeiterin und Frauenbeauftragte am Fachbereich, l\u00e4dt sie alle interessierten Studierenden und Kolleg*innen ins \u201eKino\u201c auf den GeoCampus ein.<\/p>\n\n\n\n<hr class=\"wp-block-separator has-alpha-channel-opacity\" \/>\n\n\n\n<p class=\"has-medium-font-size\">Zeit &amp; Ort<\/p>\n\n\n\n<ul class=\"wp-block-list\"><li>Donnerstag, 9. M\u00e4rz 2023 | 17:30 bis 19:15 Uhr<strong> <\/strong><\/li><li><a rel=\"noreferrer noopener\" href=\"https:\/\/www.osa.fu-berlin.de\/geographie_bsc\/studium\/geocampus\/index.html\" target=\"_blank\">GeoCampus<\/a> in Lankwitz, Malteserstr. 74-100, H\u00f6rsaal G202 (Haus G)<\/li><li>Eintritt frei<\/li><li>keine Anmeldung n\u00f6tig<\/li><li>Englisch mit deutschen Untertiteln <\/li><\/ul>\n\n\n\n<hr class=\"wp-block-separator has-alpha-channel-opacity\" \/>\n","protected":false},"excerpt":{"rendered":"<p>Filmvorf\u00fchrung: 9. M\u00e4rz 2023 | 17:30 Uhr Anl\u00e4sslich des Internationalen Frauentages l\u00e4dt der Fachbereich Geowissenschaften zur Vorf\u00fchrung von \u201ePicture A Scientist \u2013 Frauen der Wissenschaft\u201c ein. Die Dokumentation zeigt anhand von drei Biografien die Widerst\u00e4nde gegen Frauen in den Naturwissenschaften und deren Einsatz im Kampf um Anerkennung und f\u00fcr eine Welt, in der Frauen der &hellip; <a href=\"https:\/\/blogs.fu-berlin.de\/frauenbeauftragte\/2023\/03\/02\/film-laeuft-picture-a-scientist\/\" class=\"more-link\"><span class=\"screen-reader-text\">\u201eFilm l\u00e4uft! &#8222;Picture a Scientist&#8220;\u201c<\/span> weiterlesen<\/a><\/p>\n","protected":false},"author":6410,"featured_media":5170,"comment_status":"open","ping_status":"open","sticky":false,"template":"","format":"standard","meta":{"footnotes":""},"categories":[428608],"tags":[423731,90487,437124],"class_list":["post-5151","post","type-post","status-publish","format-standard","has-post-thumbnail","hentry","category-informiert","tag-mintoring","tag-diskriminierung","tag-wissenschaftlerinnen"],"_links":{"self":[{"href":"https:\/\/blogs.fu-berlin.de\/frauenbeauftragte\/wp-json\/wp\/v2\/posts\/5151","targetHints":{"allow":["GET"]}}],"collection":[{"href":"https:\/\/blogs.fu-berlin.de\/frauenbeauftragte\/wp-json\/wp\/v2\/posts"}],"about":[{"href":"https:\/\/blogs.fu-berlin.de\/frauenbeauftragte\/wp-json\/wp\/v2\/types\/post"}],"author":[{"embeddable":true,"href":"https:\/\/blogs.fu-berlin.de\/frauenbeauftragte\/wp-json\/wp\/v2\/users\/6410"}],"replies":[{"embeddable":true,"href":"https:\/\/blogs.fu-berlin.de\/frauenbeauftragte\/wp-json\/wp\/v2\/comments?post=5151"}],"version-history":[{"count":30,"href":"https:\/\/blogs.fu-berlin.de\/frauenbeauftragte\/wp-json\/wp\/v2\/posts\/5151\/revisions"}],"predecessor-version":[{"id":6531,"href":"https:\/\/blogs.fu-berlin.de\/frauenbeauftragte\/wp-json\/wp\/v2\/posts\/5151\/revisions\/6531"}],"wp:featuredmedia":[{"embeddable":true,"href":"https:\/\/blogs.fu-berlin.de\/frauenbeauftragte\/wp-json\/wp\/v2\/media\/5170"}],"wp:attachment":[{"href":"https:\/\/blogs.fu-berlin.de\/frauenbeauftragte\/wp-json\/wp\/v2\/media?parent=5151"}],"wp:term":[{"taxonomy":"category","embeddable":true,"href":"https:\/\/blogs.fu-berlin.de\/frauenbeauftragte\/wp-json\/wp\/v2\/categories?post=5151"},{"taxonomy":"post_tag","embeddable":true,"href":"https:\/\/blogs.fu-berlin.de\/frauenbeauftragte\/wp-json\/wp\/v2\/tags?post=5151"}],"curies":[{"name":"wp","href":"https:\/\/api.w.org\/{rel}","templated":true}]}}