{"id":5182,"date":"2023-03-03T15:16:49","date_gmt":"2023-03-03T14:16:49","guid":{"rendered":"https:\/\/blogs.fu-berlin.de\/frauenbeauftragte\/?p=5182"},"modified":"2023-07-17T13:08:26","modified_gmt":"2023-07-17T11:08:26","slug":"aktionen-zum-internationalen-frauentag","status":"publish","type":"post","link":"https:\/\/blogs.fu-berlin.de\/frauenbeauftragte\/2023\/03\/03\/aktionen-zum-internationalen-frauentag\/","title":{"rendered":"Aktionen zum Internationalen Frauentag"},"content":{"rendered":"\n<div class=\"wp-block-media-text alignwide is-stacked-on-mobile\"><figure class=\"wp-block-media-text__media\"><img loading=\"lazy\" decoding=\"async\" width=\"674\" height=\"450\" src=\"https:\/\/blogs.fu-berlin.de\/frauenbeauftragte\/files\/2022\/12\/womens-rights-schrift-wei-e1677945052447.jpg\" alt=\"\" class=\"wp-image-4198 size-full\" srcset=\"https:\/\/blogs.fu-berlin.de\/frauenbeauftragte\/files\/2022\/12\/womens-rights-schrift-wei-e1677945052447.jpg 674w, https:\/\/blogs.fu-berlin.de\/frauenbeauftragte\/files\/2022\/12\/womens-rights-schrift-wei-e1677945052447-300x200.jpg 300w\" sizes=\"auto, (max-width: 709px) 85vw, (max-width: 909px) 67vw, (max-width: 984px) 61vw, (max-width: 1362px) 45vw, 600px\" \/><\/figure><div class=\"wp-block-media-text__content\">\n<p><strong>8. M\u00e4rz 2023 in Berlin <\/strong>Der Internationale Frauentag wird weltweit mit Demonstrationen, Streiks und Gedenkveranstaltungen begangen. Die Freiheit und Sicherheit von Frauen, Lesben, Inter-, nichtbin\u00e4ren-, Trans- und A-gender-Personen ist noch lange nicht erreicht. Backlashes und die Folgen der multiplen Krisen bedrohen die Gleichberechtigung rund um die Welt. Einige politische, kulturelle und k\u00e4mpferische Aktionen, die in Berlin stattfinden, werden im Folgenden vorgestellt. <\/p>\n\n\n\n<!--more-->\n<\/div><\/div>\n\n\n\n<p>Clara Zetkin, deutsche Frauenrechtlerin und sozialistische Politikerin, hatte bereits 1910 den Ansto\u00df f\u00fcr einen internationalen Frauentag gegeben. Sie forderte keine Sonderrechte, sondern Menschenrechte f\u00fcr Frauen &#8211; eine Forderung, die nach wie vor aktuell ist. Mittlerweile ist der 8. M\u00e4rz in Berlin seit 2019 ein gesetzlicher Feiertag, Mecklenburg-Vorpommern zieht als zweites deutsches Bundesland in diesem Jahr nach. Demonstrationen und Streiks, eine FLINTA*-Fahrraddemo, Filmvorf\u00fchrungen, kostenfreie Ausstellungsf\u00fchrungen bis hin zu Gedenkveranstaltungen begleiten den Tag in Berlin.<\/p>\n\n\n\n<hr class=\"wp-block-separator has-alpha-channel-opacity\" \/>\n\n\n\n<p class=\"has-medium-font-size\">Angebote an Hochschulen<\/p>\n\n\n<div class=\"wp-block-image\">\n<figure class=\"alignright size-full is-resized\"><img loading=\"lazy\" decoding=\"async\" src=\"https:\/\/blogs.fu-berlin.de\/frauenbeauftragte\/files\/2023\/03\/Picture-a-scientist-Plakat_mindjazz-pictures.jpg\" alt=\"\" class=\"wp-image-5157\" width=\"177\" height=\"250\" srcset=\"https:\/\/blogs.fu-berlin.de\/frauenbeauftragte\/files\/2023\/03\/Picture-a-scientist-Plakat_mindjazz-pictures.jpg 708w, https:\/\/blogs.fu-berlin.de\/frauenbeauftragte\/files\/2023\/03\/Picture-a-scientist-Plakat_mindjazz-pictures-212x300.jpg 212w\" sizes=\"auto, (max-width: 177px) 85vw, 177px\" \/><figcaption>Quelle: mindjazz pictures<\/figcaption><\/figure><\/div>\n\n\n<p>An der Freien Universit\u00e4t wird eine \u00f6ffentliche, kostenfreie Filmvorf\u00fchrung der <a rel=\"noreferrer noopener\" href=\"https:\/\/blogs.fu-berlin.de\/frauenbeauftragte\/2023\/03\/02\/film-laeuft-picture-a-scientist\/\" target=\"_blank\">Dokumentation Picture a Scientist am GeoCampus Lankwitz<\/a> angeboten. Die Dokumentation zeigt anhand von drei spannenden Biographien die Widerst\u00e4nde gegen Frauen in den Naturwissenschaften auf und deren Einsatz und Kampfgeist f\u00fcr Anerkennung und eine Welt, in der Frauen der Weg in die naturwissenschaftliche Forschung offen steht. Der Film ist in Englisch mit deutschen Untertiteln.<\/p>\n\n\n\n<p><strong>Ort &amp; Zeit: Donnerstag, 9. M\u00e4rz | 17:30 Uhr |GeoCampus in Lankwitz | Malteserstr. 74-100 | H\u00f6rsaal G202 (Haus G) | <a rel=\"noreferrer noopener\" href=\"https:\/\/www.geo.fu-berlin.de\/en\/geog\/fachrichtungen\/menschumwelt\/Modelling-Human-Environmental-Interactions\/News\/pictureascientist.html\" target=\"_blank\">Informationen<\/a><\/strong><\/p>\n\n\n\n<p>An der Universit\u00e4t der K\u00fcnste Berlin (UdK) findet ein Konzert unter dem Motto <a rel=\"noreferrer noopener\" href=\"https:\/\/www.udk-berlin.de\/veranstaltung\/starke-stimmen\/\" target=\"_blank\">Starke Stimmen<\/a> im Konzertsaal des eigenen Hauses statt. Die Werke und Biografien zweier besonderer Musikerinnen stehen im Mittelpunkt: Lili Boulanger, die als erste Frau den ber\u00fchmten Prix de Rome gewann, und Dame Ethel Mary Smyth, die Komponistin, Dirigentin und Mitk\u00e4mpferin der britischen Suffragetten war.<\/p>\n\n\n\n<p><strong>Ort &amp; Zeit: Mittwoch, 8. M\u00e4rz | 18:00 Uhr | Konzertsaal der UdK Berlin | Hardenbergstr. \/ Ecke Fasanenstra\u00dfe, 10623 Berlin<\/strong> | <a rel=\"noreferrer noopener\" href=\"https:\/\/berliner-cappella.de\/bestellung\/\" target=\"_blank\">Tickets <\/a><\/p>\n\n\n\n<p>Die Alice-Salomon-Hochschule Berlin (ASH) veranstaltet eine Lesung und  Diskussion mit der Autorin Naomi Ryland. Ihr Bestseller <a rel=\"noreferrer noopener\" href=\"https:\/\/www.ullstein.de\/urheberinnen\/naomi-ryland\" target=\"_blank\">Unlearn Patriarchy<\/a> wird vorgestellt und gefragt, was jede*r pers\u00f6nlich dazu beitragen, die h\u00e4ufig unbewussten toxischen Strukturen des Patriarchats zu erkennen und aufzul\u00f6sen.<\/p>\n\n\n\n<p><strong>Ort &amp; Zeit: Donnerstag, 9. M\u00e4rz | 14 -16:00 Uhr | Audimax der ASH Berlin | <a rel=\"noreferrer noopener\" href=\"https:\/\/www.ash-berlin.eu\/hochschule\/presse-und-newsroom\/veranstaltungen\/lesung-und-diskussion-unlearn-patriarchy\/\" target=\"_blank\">Informationen<\/a><\/strong><\/p>\n\n\n\n<p class=\"has-medium-font-size\">Demonstrationen<\/p>\n\n\n<div class=\"wp-block-image\">\n<figure class=\"alignright is-resized\"><img loading=\"lazy\" decoding=\"async\" src=\"https:\/\/blogs.fu-berlin.de\/frauenbeauftragte\/files\/2023\/03\/Demonstration_8Maerz.verdi_-1024x859.png\" alt=\"\" class=\"wp-image-5197\" width=\"256\" height=\"215\" srcset=\"https:\/\/blogs.fu-berlin.de\/frauenbeauftragte\/files\/2023\/03\/Demonstration_8Maerz.verdi_-1024x859.png 1024w, https:\/\/blogs.fu-berlin.de\/frauenbeauftragte\/files\/2023\/03\/Demonstration_8Maerz.verdi_-300x252.png 300w, https:\/\/blogs.fu-berlin.de\/frauenbeauftragte\/files\/2023\/03\/Demonstration_8Maerz.verdi_-768x644.png 768w, https:\/\/blogs.fu-berlin.de\/frauenbeauftragte\/files\/2023\/03\/Demonstration_8Maerz.verdi_.png 1192w\" sizes=\"auto, (max-width: 256px) 85vw, 256px\" \/><\/figure><\/div>\n\n\n<p>Die Gewerkschaften <a rel=\"noreferrer noopener\" href=\"https:\/\/frauen.verdi.de\/aktionstage\/frauentag\/++co++ceb3d7fc-9cae-11ed-a180-001a4a160100\" target=\"_blank\">ver.di<\/a> und <a rel=\"noreferrer noopener\" href=\"\/Users\/merleb27\/AppData\/Local\/Microsoft\/Windows\/INetCache\/Content.Outlook\/NOXRUSQQ\/Flyer-International-Women-Day-final-2+GEW.pdf\" target=\"_blank\">GEW<\/a>, das <a rel=\"noreferrer noopener\" href=\"https:\/\/www.sexuelle-selbstbestimmung.de\/18284\/internationaler-frauenkampftag-8-maerz-2023\/\" target=\"_blank\">B\u00fcndnis f\u00fcr sexuelle Selbstbestimmung<\/a>, die \u00dcberparteiliche Fraueninitiative Berlin und viele andere Gruppen rufen zum <a rel=\"noreferrer noopener\" href=\"https:\/\/bb.verdi.de\/service\/veranstaltungen\/++co++d4d42366-b294-11ed-bd79-001a4a160116\" target=\"_blank\">Frauen*kampftag 2023<\/a> auf. Die Veranstalter*innen kritisieren patriarchale Strukturen, eine an Profitmaximierung orientierte Gesellschaft und neoliberalen Individualismus. Gefordert werden ein Leben ohne Angst, ohne Ausbeutung und Unterdr\u00fcckung. Auch die bestehende Lohnl\u00fccke zwischen den Geschlechtern wird fokussiert. <\/p>\n\n\n\n<p>Mit dem Internationalen Frauentag f\u00e4llt der Equal Pay Day am 7. M\u00e4rz fast zusammen. Dieser Tag &#8211; kein Feiertag &#8211; markiert j\u00e4hrlich die Lohnl\u00fccke zwischen den Geschlechtern. Bis zum Datum des Equal Pay Day arbeiten Frauen  verglichen mit den Geh\u00e4ltern von M\u00e4nnern umsonst. Laut aktuellen Zahlen des <a rel=\"noreferrer noopener\" href=\"https:\/\/www.destatis.de\/DE\/Presse\/Pressemitteilungen\/2023\/01\/PD23_036_621.html\" target=\"_blank\">Statistischen Bundesamtes <\/a>liegt die Lohnl\u00fccke in Deutschland momentan bei 18 Prozent. <\/p>\n\n\n\n<p>Der Demonstrationszug des Frauen*kampftags startet um 13 Uhr  am Invalidenpark und endet am Bebelplatz, wo es eine gro\u00dfe Abschlusskundgebung mit verschiedenen Redner*innen geben wird. <\/p>\n\n\n\n<p><strong>Ort &amp; Zeit: Mittwoch, 8. M\u00e4rz 2023 | 13 &#8211; 16 Uhr | Treffpunkt: Invalidenpark | <a rel=\"noreferrer noopener\" href=\"https:\/\/www.verdi.de\/ueber-uns\/idee-tradition\/++co++de96a01c-a338-11e1-5eaf-0019b9e321e1\" target=\"_blank\">Informationen <\/a><\/strong><\/p>\n\n\n\n<p>Am 8. M\u00e4rz findet seit 2019 j\u00e4hrlich die queerfeministische Frauen*Fahrrad Demo <a rel=\"noreferrer noopener\" href=\"https:\/\/www.strasse-zurueckerobern.de\/geschichten\/purple-ride\/\" target=\"_blank\">Purple Ride<\/a> statt. Die Fahrrad-Demonstration ist ausschlie\u00dflich f\u00fcr FLINTA* (Frauen, Lesben, Inter-, nichtbin\u00e4re- und Trans- und A-Gender-Personen) ge\u00f6ffnet. Die Teilnehmenden tragen lila Kleidungsst\u00fccke und Banner und nehmen sichtbar Raum in der Stadt und im Stra\u00dfenverkehr ein. Die Forderungen lauten: echte Chancengleichheit unabh\u00e4ngig von Geschlecht und Geschlechtsidentit\u00e4t. Der erste Schritt dazu ist mehr Sichtbarkeit von FLINTA* im \u00f6ffentlichen Raum. Die Route beginnt am Mariannenplatz und endet am Leopoldplatz.<\/p>\n\n\n\n<p><strong>Ort &amp; Zeit: Mittwoch, 8. M\u00e4rz 2023 | 12-15 Uhr |Mariannenplatz (Feuerwehrbrunnen) | <a href=\"https:\/\/www.berlin.de\/kultur-und-tickets\/tipps\/5641896-1678259-veranstaltungen-am-frauentag.html#hfrauenrechte\" target=\"_blank\" rel=\"noreferrer noopener\">Programm<\/a><\/strong><\/p>\n\n\n\n<hr class=\"wp-block-separator has-alpha-channel-opacity\" \/>\n\n\n\n<p class=\"has-medium-font-size\">Ausstellungen mit F\u00fchrungen im DHM<\/p>\n\n\n\n<p>Das Deutsche Historische Museum (DHM) bietet bereits im Vorfeld des Internationalen Frauentags am <a rel=\"noreferrer noopener\" href=\"https:\/\/www.dhm.de\/veranstaltung\/museumssonntag\/#2023-03-05T10:00:00+01:00\" target=\"_blank\">Museumssonntag<\/a>, 5. M\u00e4rz, freien Eintritt f\u00fcr F\u00fchrungen durch die Ausstellungen: <a rel=\"noreferrer noopener\" href=\"https:\/\/www.dhm.de\/veranstaltung\/oeffentliche-fuehrung-in-der-ausstellung-fortschritt-als-versprechen-industriefotografie-im-geteilten-deutschland\/#2023-03-08T11:00:00+01:00\" target=\"_blank\">Fortschritt als Versprechen,  Industriefotografie im geteilten Deutschland<\/a> sowie <a rel=\"noreferrer noopener\" href=\"https:\/\/www.dhm.de\/veranstaltung\/oeffentliche-fuehrung-in-der-ausstellung-staatsbuergerschaften-frankreich-polen-deutschland-seit-1789-1\/#2023-03-05T11:00:00+01:00\" target=\"_blank\">Staatsb\u00fcrgerschaften. Frankreich, Polen, Deutschland seit 1789<\/a> an. Die F\u00fchrungen legen einen besonderen Fokus auf die Arbeitswelten und Arbeitsk\u00e4mpfe von Frauen f\u00fcr Gleichberechtigung.<\/p>\n\n\n\n<p><strong>Ort &amp; Zeit: Sonntag, 5. M\u00e4rz | ab 11 Uhr | Deutsches Historisches Museum | Pei-Bau | <a rel=\"noreferrer noopener\" href=\"https:\/\/www.dhm.de\/programm\/veranstaltungskalender\/?tx_solr%5Bfilter%5D%5B0%5D=day:202303050000-\" target=\"_blank\">Programm<\/a> <\/strong><\/p>\n\n\n\n<p>Am 8. M\u00e4rz bietet das DHM zus\u00e4tzliche kostenfreie F\u00fchrungen unter anderem f\u00fcr die Ausstellung <a rel=\"noreferrer noopener\" href=\"https:\/\/www.dhm.de\/veranstaltung\/doppelt-belichtet-arbeitswelten-von-frauen\/#2023-03-08T16:00:00+01:00\" target=\"_blank\">Doppelt belichtet. Arbeitswelten von Frauen<\/a> in der Industriefotografie-Ausstellung an. Bei diesem dialogischen Rundgang berichtet die Zeitzeugin Jeannette Goldmann, ehemalige Besch\u00e4ftigte im VEB Stahl- und Walzwerk Brandenburg, wie die Realit\u00e4t der Arbeit abseits der \u00fcberlieferten Fotos aussah. <\/p>\n\n\n\n<p><strong>Ort &amp; Zeit: Mitwoch, 8. M\u00e4rz | ab 11 Uhr | Deutsches Historisches Museum | Pei-Bau | <a rel=\"noreferrer noopener\" href=\"https:\/\/www.dhm.de\/programm\/veranstaltungskalender\/?tx_solr%5Bfilter%5D%5B0%5D=day:202303080000-\" target=\"_blank\">Programm<\/a> <\/strong><\/p>\n\n\n\n<hr class=\"wp-block-separator has-alpha-channel-opacity\" \/>\n\n\n\n<p class=\"has-medium-font-size\">Kurzfilme   <\/p>\n\n\n\n<p>Das <a href=\"https:\/\/aktiongegendenhunger.gu-marketingsuite.com\/index.php?action=social&amp;chash=1cc3633c579a90cfdd895e64021e2163.1330&amp;s=14a9ae5c1e1ee45aac2cfdeed3bb9d7f\" target=\"_blank\" rel=\"noreferrer noopener\">Netzwerk Aktion gegen den Hunger<\/a> zeigt anl\u00e4sslich des Internationalen Frauentags drei Kurzfilme. In diesen Filmen werden Frauen in den Mittelpunkt gestellt, die f\u00fcr Freiheit und Demokratie und ein selbstbestimmtes Leben in der Ukraine, in Afghanistan und im Iran k\u00e4mpfen. Nach jedem Screening gibt es ein Filmgespr\u00e4ch mit Festivaldirektorin Anna Ramskogler und G\u00e4st*innen, die \u00fcber die derzeitige Lage in den L\u00e4ndern berichten und Hinweise geben, wie Interessierte \u00fcber Solidarit\u00e4tsbekundungen hinaus aktiv helfen k\u00f6nnen. <\/p>\n\n\n\n<figure class=\"wp-block-table\"><table><thead><tr><th>Dokumentation\/ Kurzfilm<\/th><th>Informationen<\/th><\/tr><\/thead><tbody><tr><td>Learning to Skateboard in a Warzone (If You\u2019re a Girl)<\/td><td>Die preisgekr\u00f6nte Dokumentation von Carol Dysinger&nbsp;\u00fcber Sch\u00fclerinnen, die schreiben lernen und in Afghanistan mit dem Skateboard den gef\u00e4hrlichen Weg zur Schule bestreiten<\/td><\/tr><tr><td>Oh, Sister!<\/td><td>Eine kurze Dokumentation \u00fcber sechs Frauen in der Ukraine, die im Angesicht der russischen Invasion mutig f\u00fcr Frieden, Gerechtigkeit und Freiheit k\u00e4mpfen. <\/td><\/tr><tr><td>40 Million: The Struggle for Women\u2019s Rights in Iran<\/td><td>Eine 12-min\u00fctige Dokumentation \u00fcber den Kampf von Frauen f\u00fcr ihre Rechte im Verlauf des letzten Jahrhunderts. <\/td><\/tr><\/tbody><\/table><\/figure>\n\n\n\n<p>Alle Filme laufen in Originalversion mit englischen Untertiteln. Die Erl\u00f6se werden zugunsten der Erdbebenopfer in Syrien und der T\u00fcrkei gespendet. <\/p>\n\n\n\n<p><strong>Ort &amp; Zeit: Mittwoch, 8. M\u00e4rz 2023 | ab 19 Uhr | City Kino Wedding | M\u00fcllerstra\u00dfe 74, 13349 Berlin | <a rel=\"noreferrer noopener\" href=\"https:\/\/citykinowedding.de\/movies-that-matter-mit-filmgespraech\/\" target=\"_blank\">Tickets<\/a> <br><\/strong><\/p>\n\n\n\n<hr class=\"wp-block-separator has-alpha-channel-opacity\" \/>\n\n\n\n<p class=\"has-medium-font-size\">Gedenken<\/p>\n\n\n\n<p><a rel=\"noreferrer noopener\" href=\"https:\/\/www.berlin.de\/kultur-und-tickets\/tipps\/5641896-1678259-veranstaltungen-am-frauentag.html#hfrauenrechte\" target=\"_blank\">Rosen f\u00fcr Clara!<\/a> Unter diesem Motto ruft das FrauenNetz Marzahn-Hellersdorf zu einer Demonstration und Gedenkveranstaltung f\u00fcr die Frauenrechtlerin Clara Zetkin auf. Bereits seit 20 Jahren gedenkt das FrauenNetz am Internationalen Frauentag Clara Zetkin und legt Blumen an ihrem Denkmal nieder. Begleitet von Gru\u00dfworten des Bezirksb\u00fcrgermeisters und Redebeitr\u00e4gen von Aktivist*innen, steht neben dem Gedenken auch der politische Aspekt im Vordergrund. Das Netzwerk stellt Forderungen f\u00fcr ein gewaltfreies Leben f\u00fcr Frauen und ihre Kinder, gegen Frauenarmut und f\u00fcr Aufwertung der Sorgearbeit, Sicherstellung von  und Solidarit\u00e4t mit den Frauen aus aller Welt. <\/p>\n\n\n\n<p>Vor der Rosenniederlegung um 13 Uhr, ruft das Netzwerk zur Beteiligung am bundesweiten Frauentag auf. Die Demonstration, die durch den Kiez in Marzahn Nord ziehen wird, beginnt ab 12 Uhr auf dem Vorplatz des S-Bahnhofs Ahrensfelde. <\/p>\n\n\n\n<p><strong>Ort &amp; Zeit: Mittwoch, 8. M\u00e4rz 2023 | 13 Uhr | Clara-Zetkin-Denkmal | <a href=\"https:\/\/www.berlin.de\/ba-marzahn-hellersdorf\/aktuelles\/pressemitteilungen\/2023\/pressemitteilung.1297336.php\" target=\"_blank\" rel=\"noreferrer noopener\">Programm<\/a> <\/strong><\/p>\n\n\n\n<hr class=\"wp-block-separator has-alpha-channel-opacity\" \/>\n\n\n<div class=\"wp-block-image\">\n<figure class=\"aligncenter size-full\"><img loading=\"lazy\" decoding=\"async\" width=\"614\" height=\"839\" src=\"https:\/\/blogs.fu-berlin.de\/frauenbeauftragte\/files\/2023\/03\/8.-Maerz.png\" alt=\"\" class=\"wp-image-5204\" srcset=\"https:\/\/blogs.fu-berlin.de\/frauenbeauftragte\/files\/2023\/03\/8.-Maerz.png 614w, https:\/\/blogs.fu-berlin.de\/frauenbeauftragte\/files\/2023\/03\/8.-Maerz-220x300.png 220w\" sizes=\"auto, (max-width: 709px) 85vw, (max-width: 909px) 67vw, (max-width: 984px) 61vw, (max-width: 1362px) 45vw, 600px\" \/><\/figure><\/div>\n\n\n<hr class=\"wp-block-separator has-alpha-channel-opacity\" \/>\n","protected":false},"excerpt":{"rendered":"<p>8. M\u00e4rz 2023 in Berlin Der Internationale Frauentag wird weltweit mit Demonstrationen, Streiks und Gedenkveranstaltungen begangen. Die Freiheit und Sicherheit von Frauen, Lesben, Inter-, nichtbin\u00e4ren-, Trans- und A-gender-Personen ist noch lange nicht erreicht. Backlashes und die Folgen der multiplen Krisen bedrohen die Gleichberechtigung rund um die Welt. Einige politische, kulturelle und k\u00e4mpferische Aktionen, die in &hellip; <a href=\"https:\/\/blogs.fu-berlin.de\/frauenbeauftragte\/2023\/03\/03\/aktionen-zum-internationalen-frauentag\/\" class=\"more-link\"><span class=\"screen-reader-text\">\u201eAktionen zum Internationalen Frauentag\u201c<\/span> weiterlesen<\/a><\/p>\n","protected":false},"author":7120,"featured_media":5272,"comment_status":"open","ping_status":"open","sticky":false,"template":"","format":"standard","meta":{"footnotes":""},"categories":[428608],"tags":[215230,433454,334885,314101,233545,437419],"class_list":["post-5182","post","type-post","status-publish","format-standard","has-post-thumbnail","hentry","category-informiert","tag-gewalt","tag-gleichstellungspolitik","tag-antifeminismus","tag-gender-pay-gap","tag-studierende","tag-beschaeftigte"],"_links":{"self":[{"href":"https:\/\/blogs.fu-berlin.de\/frauenbeauftragte\/wp-json\/wp\/v2\/posts\/5182","targetHints":{"allow":["GET"]}}],"collection":[{"href":"https:\/\/blogs.fu-berlin.de\/frauenbeauftragte\/wp-json\/wp\/v2\/posts"}],"about":[{"href":"https:\/\/blogs.fu-berlin.de\/frauenbeauftragte\/wp-json\/wp\/v2\/types\/post"}],"author":[{"embeddable":true,"href":"https:\/\/blogs.fu-berlin.de\/frauenbeauftragte\/wp-json\/wp\/v2\/users\/7120"}],"replies":[{"embeddable":true,"href":"https:\/\/blogs.fu-berlin.de\/frauenbeauftragte\/wp-json\/wp\/v2\/comments?post=5182"}],"version-history":[{"count":52,"href":"https:\/\/blogs.fu-berlin.de\/frauenbeauftragte\/wp-json\/wp\/v2\/posts\/5182\/revisions"}],"predecessor-version":[{"id":6532,"href":"https:\/\/blogs.fu-berlin.de\/frauenbeauftragte\/wp-json\/wp\/v2\/posts\/5182\/revisions\/6532"}],"wp:featuredmedia":[{"embeddable":true,"href":"https:\/\/blogs.fu-berlin.de\/frauenbeauftragte\/wp-json\/wp\/v2\/media\/5272"}],"wp:attachment":[{"href":"https:\/\/blogs.fu-berlin.de\/frauenbeauftragte\/wp-json\/wp\/v2\/media?parent=5182"}],"wp:term":[{"taxonomy":"category","embeddable":true,"href":"https:\/\/blogs.fu-berlin.de\/frauenbeauftragte\/wp-json\/wp\/v2\/categories?post=5182"},{"taxonomy":"post_tag","embeddable":true,"href":"https:\/\/blogs.fu-berlin.de\/frauenbeauftragte\/wp-json\/wp\/v2\/tags?post=5182"}],"curies":[{"name":"wp","href":"https:\/\/api.w.org\/{rel}","templated":true}]}}