{"id":5302,"date":"2023-03-07T18:19:00","date_gmt":"2023-03-07T17:19:00","guid":{"rendered":"https:\/\/blogs.fu-berlin.de\/frauenbeauftragte\/?p=5302"},"modified":"2023-12-06T10:58:32","modified_gmt":"2023-12-06T09:58:32","slug":"kein-tag-zum-feiern-equal-pay-day","status":"publish","type":"post","link":"https:\/\/blogs.fu-berlin.de\/frauenbeauftragte\/2023\/03\/07\/kein-tag-zum-feiern-equal-pay-day\/","title":{"rendered":"Kein Tag zum Feiern: Equal Pay Day"},"content":{"rendered":"\n<div class=\"wp-block-media-text alignwide is-stacked-on-mobile\"><figure class=\"wp-block-media-text__media\"><img loading=\"lazy\" decoding=\"async\" width=\"1024\" height=\"683\" src=\"https:\/\/blogs.fu-berlin.de\/frauenbeauftragte\/files\/2023\/03\/flickr-equal-pay-day-1024x683.jpg\" alt=\"\" class=\"wp-image-5299 size-full\" srcset=\"https:\/\/blogs.fu-berlin.de\/frauenbeauftragte\/files\/2023\/03\/flickr-equal-pay-day-1024x683.jpg 1024w, https:\/\/blogs.fu-berlin.de\/frauenbeauftragte\/files\/2023\/03\/flickr-equal-pay-day-300x200.jpg 300w, https:\/\/blogs.fu-berlin.de\/frauenbeauftragte\/files\/2023\/03\/flickr-equal-pay-day-768x512.jpg 768w, https:\/\/blogs.fu-berlin.de\/frauenbeauftragte\/files\/2023\/03\/flickr-equal-pay-day-1536x1024.jpg 1536w, https:\/\/blogs.fu-berlin.de\/frauenbeauftragte\/files\/2023\/03\/flickr-equal-pay-day-2048x1365.jpg 2048w, https:\/\/blogs.fu-berlin.de\/frauenbeauftragte\/files\/2023\/03\/flickr-equal-pay-day-1200x800.jpg 1200w\" sizes=\"auto, (max-width: 709px) 85vw, (max-width: 909px) 67vw, (max-width: 1362px) 62vw, 840px\" \/><\/figure><div class=\"wp-block-media-text__content\">\n<p>66 Tage umsonst arbeiten, wer will das schon? Diese Anzahl an Tagen entspricht umgerechnet der Lohnl\u00fccke in Deutschland zwischen Frauen und M\u00e4nnern: <a rel=\"noreferrer noopener\" href=\"https:\/\/www.destatis.de\/DE\/Presse\/Pressemitteilungen\/2023\/01\/PD23_036_621.html\" target=\"_blank\">18 Prozent<\/a>. Der Equal Pay Day markiert den Tag, bis zu dem Frauen im Vergleich unbezahlt arbeiten, 2023 bis 7. M\u00e4rz. Frauen- und Gleichstellungsbeauftragte engagieren sich auch an Hochschulen daf\u00fcr, dass der Equal Pay Day Jahr um Jahr weiter nach vorne r\u00fcckt.<\/p>\n\n\n\n<!--more-->\n<\/div><\/div>\n\n\n\n<p>Unter dem Motto &#8222;Die Kunst der gleichen Bezahlung&#8220; pr\u00e4sentiert die diesj\u00e4hrige <a rel=\"noreferrer noopener\" href=\"https:\/\/www.equalpayday.de\/\" target=\"_blank\">Equal Pay Day-Kampagne<\/a> L\u00f6sungsm\u00f6glichkeiten f\u00fcr mehr Lohngerechtigkeit in Kunst und Kultur, die wegweisend f\u00fcr die gesamte Arbeitswelt sein sollen. F\u00fcr Kunst und Kultur wie auch f\u00fcr den Wissenschaftsbetrieb gilt: F\u00fcr Entgeltgerechtigkeit an Hochschulen muss noch gek\u00e4mpft werden. Ganz vorne in diesem \u201eKampf\u201c stehen Seite an Seite die Bundeskonferenz der Frauen- und Gleichstellungsbeauftragten an Hochschulen <a rel=\"noreferrer noopener\" href=\"https:\/\/bukof.de\/\" target=\"_blank\">(bukof)<\/a> und die Landeskonferenz der Frauen- und Gleichstellungsbeauftragten an Berliner Hochschulen <a rel=\"noreferrer noopener\" href=\"https:\/\/www.lakof-berlin.de\/\" target=\"_blank\">(LakoF)<\/a>.<\/p>\n\n\n\n<p class=\"has-medium-font-size\">Gender Pay Gap an Hochschulen<\/p>\n\n\n\n<figure class=\"wp-block-video\"><video controls src=\"https:\/\/medien.cedis.fu-berlin.de\/zentr_frauenbeauftragte_medien\/ZitaKueng_8.3.2023.mov\"><\/video><figcaption>Mit einer Gru\u00dfbotschaft zum Equal Pay Day und zum Internationalen Frauentag unterst\u00fctzt die Schweizer  Juristin und Feministin Zita K\u00fcng die bukof darin, auf den Gender Pay Gap an Hochschulen aufmerksam zu machen.<\/figcaption><\/figure>\n\n\n\n<p>Anl\u00e4sslich des Equal Pay Day gibt die LakoF auf ihrer Webseite <a href=\"https:\/\/www.lakof-berlin.de\/entgeltgerechtigkeit\/index.html\" target=\"_blank\" rel=\"noreferrer noopener\">Entgeltgerechtigkeit an Berliner Hochschulen<\/a> einen \u00dcberblick \u00fcber Netzwerke, Kampagnen und Forderungen, die die Frauen- und Gleichstellungsbeauftragten landes- und bundesweit in die Hochschulen tragen, mit dem Ziel, die geschlechtsspezifische Lohnl\u00fccke, besser bekannt als Gender Pay Gap, zu verringern bzw. zu schlie\u00dfen. <\/p>\n\n\n\n<p class=\"has-medium-font-size\">Entgeltgerechtigkeit f\u00fcr Service, Technik und Verwaltung<\/p>\n\n\n<div class=\"wp-block-image\">\n<figure class=\"alignright size-full is-resized\"><img loading=\"lazy\" decoding=\"async\" src=\"https:\/\/blogs.fu-berlin.de\/frauenbeauftragte\/files\/2023\/03\/bukof_postkarte_fairNetztEuch-1024x522-1.jpg\" alt=\"\" class=\"wp-image-5349\" width=\"256\" height=\"131\" srcset=\"https:\/\/blogs.fu-berlin.de\/frauenbeauftragte\/files\/2023\/03\/bukof_postkarte_fairNetztEuch-1024x522-1.jpg 1024w, https:\/\/blogs.fu-berlin.de\/frauenbeauftragte\/files\/2023\/03\/bukof_postkarte_fairNetztEuch-1024x522-1-300x153.jpg 300w, https:\/\/blogs.fu-berlin.de\/frauenbeauftragte\/files\/2023\/03\/bukof_postkarte_fairNetztEuch-1024x522-1-768x392.jpg 768w\" sizes=\"auto, (max-width: 256px) 85vw, 256px\" \/><\/figure><\/div>\n\n\n<p>Besonderes Augenmerk richten sie auf gerechte Entlohnung f\u00fcr die Mitarbeiter*innen in Technik, Service und Verwaltung (MTSV), die den Wissenschaftsbetrieb st\u00fctzen. Der Frauendom\u00e4ne Hochschulsekretariate ist die Kampagne <a rel=\"noreferrer noopener\" href=\"https:\/\/bukof.de\/service\/kampagne-fairnetzteuch\/\" target=\"_blank\">Fairnetzt Euch!<\/a> gewidmet. Damit machen LakoF und bukof seit Jahren auf den Wandel und die gestiegenen Anforderungen an Sekretariatsarbeit aufmerksam und fordern Entgeltgerechtigkeit und faire Arbeitsbedingungen f\u00fcr diesen Bereich. Denn das Berufsbild der Sekret\u00e4rin hat sich von der der klassischen Schreibkraft zur modernen Office-Managerin entwickelt. Nicht zuletzt geht es darum, Arbeit und Ansehen der <a rel=\"noreferrer noopener\" href=\"https:\/\/blogs.fu-berlin.de\/frauenbeauftragte\/2022\/03\/07\/equal-pay-hochschulsekretariate-aufwerten\/\" target=\"_blank\">Hochschulsekretariate aufzuwerten<\/a>.<\/p>\n\n\n\n<p class=\"has-medium-font-size\">Leistungsbez\u00fcge f\u00fcr Professor*innen<\/p>\n\n\n\n<p>Aber nicht nur in den Bereichen Service, Technik und Verwaltung tut sich an Hochschulen eine geschlechtsspezifische Lohnl\u00fccke auf. Auch bei den&nbsp;Geh\u00e4ltern von Professorinnen und Professoren&nbsp;an den Berliner Universit\u00e4ten ist, laut einer <a href=\"https:\/\/pardok.parlament-berlin.de\/starweb\/adis\/citat\/VT\/18\/SchrAnfr\/s18-27588.pdf#page=13\" target=\"_blank\" rel=\"noreferrer noopener\">Erhebung der Senatskanzlei von 2020<\/a>, ein durchschnittlicher Gender Pay Gap von \u00fcber 700 \u20ac monatlich zu verzeichnen. F\u00fcr die Freie Universit\u00e4t ist eine Differenz von 705 \u20ac ausgewiesen. Der <a rel=\"noreferrer noopener\" href=\"https:\/\/www.tagesspiegel.de\/wissen\/gender-pay-gap-an-berliner-unis-an-der-tu-verdienen-professorinnen-800-euro-weniger-9366080.html\" target=\"_blank\">Tagesspiegel<\/a> nennt f\u00fcr 2022 differenzierte Zahlen nach Besoldungsgruppen f\u00fcr die Humboldt-Universit\u00e4t wie auch f\u00fcr die Technische Universit\u00e4t Berlin, die ihren Gender Pay Gap systematisch ausgewertet haben. Demnach verdienen Professorinnen monatlich bis zu 800 \u20ac weniger als ihre m\u00e4nnlichen Kollegen. <\/p>\n\n\n\n<p>800 \u20ac mehr im Portemonnaie &#8211; das w\u00e4re ein Grund zum Feiern.<\/p>\n\n\n\n<hr class=\"wp-block-separator has-alpha-channel-opacity\" \/>\n\n\n<div class=\"wp-block-image\">\n<figure class=\"aligncenter size-full\"><img loading=\"lazy\" decoding=\"async\" width=\"283\" height=\"373\" src=\"https:\/\/blogs.fu-berlin.de\/frauenbeauftragte\/files\/2023\/03\/EPD-Logo-mit-BPW-Zeile_klein.jpg\" alt=\"\" class=\"wp-image-5339\" srcset=\"https:\/\/blogs.fu-berlin.de\/frauenbeauftragte\/files\/2023\/03\/EPD-Logo-mit-BPW-Zeile_klein.jpg 283w, https:\/\/blogs.fu-berlin.de\/frauenbeauftragte\/files\/2023\/03\/EPD-Logo-mit-BPW-Zeile_klein-228x300.jpg 228w\" sizes=\"auto, (max-width: 283px) 85vw, 283px\" \/><\/figure><\/div>\n\n\n<hr class=\"wp-block-separator has-alpha-channel-opacity\" \/>\n","protected":false},"excerpt":{"rendered":"<p>66 Tage umsonst arbeiten, wer will das schon? Diese Anzahl an Tagen entspricht umgerechnet der Lohnl\u00fccke in Deutschland zwischen Frauen und M\u00e4nnern: 18 Prozent. Der Equal Pay Day markiert den Tag, bis zu dem Frauen im Vergleich unbezahlt arbeiten, 2023 bis 7. M\u00e4rz. Frauen- und Gleichstellungsbeauftragte engagieren sich auch an Hochschulen daf\u00fcr, dass der Equal &hellip; <a href=\"https:\/\/blogs.fu-berlin.de\/frauenbeauftragte\/2023\/03\/07\/kein-tag-zum-feiern-equal-pay-day\/\" class=\"more-link\"><span class=\"screen-reader-text\">\u201eKein Tag zum Feiern: Equal Pay Day\u201c<\/span> weiterlesen<\/a><\/p>\n","protected":false},"author":6410,"featured_media":5299,"comment_status":"open","ping_status":"open","sticky":false,"template":"","format":"standard","meta":{"footnotes":""},"categories":[428608],"tags":[433454,437124,314101,437419],"class_list":["post-5302","post","type-post","status-publish","format-standard","has-post-thumbnail","hentry","category-informiert","tag-gleichstellungspolitik","tag-wissenschaftlerinnen","tag-gender-pay-gap","tag-beschaeftigte"],"_links":{"self":[{"href":"https:\/\/blogs.fu-berlin.de\/frauenbeauftragte\/wp-json\/wp\/v2\/posts\/5302","targetHints":{"allow":["GET"]}}],"collection":[{"href":"https:\/\/blogs.fu-berlin.de\/frauenbeauftragte\/wp-json\/wp\/v2\/posts"}],"about":[{"href":"https:\/\/blogs.fu-berlin.de\/frauenbeauftragte\/wp-json\/wp\/v2\/types\/post"}],"author":[{"embeddable":true,"href":"https:\/\/blogs.fu-berlin.de\/frauenbeauftragte\/wp-json\/wp\/v2\/users\/6410"}],"replies":[{"embeddable":true,"href":"https:\/\/blogs.fu-berlin.de\/frauenbeauftragte\/wp-json\/wp\/v2\/comments?post=5302"}],"version-history":[{"count":33,"href":"https:\/\/blogs.fu-berlin.de\/frauenbeauftragte\/wp-json\/wp\/v2\/posts\/5302\/revisions"}],"predecessor-version":[{"id":7548,"href":"https:\/\/blogs.fu-berlin.de\/frauenbeauftragte\/wp-json\/wp\/v2\/posts\/5302\/revisions\/7548"}],"wp:featuredmedia":[{"embeddable":true,"href":"https:\/\/blogs.fu-berlin.de\/frauenbeauftragte\/wp-json\/wp\/v2\/media\/5299"}],"wp:attachment":[{"href":"https:\/\/blogs.fu-berlin.de\/frauenbeauftragte\/wp-json\/wp\/v2\/media?parent=5302"}],"wp:term":[{"taxonomy":"category","embeddable":true,"href":"https:\/\/blogs.fu-berlin.de\/frauenbeauftragte\/wp-json\/wp\/v2\/categories?post=5302"},{"taxonomy":"post_tag","embeddable":true,"href":"https:\/\/blogs.fu-berlin.de\/frauenbeauftragte\/wp-json\/wp\/v2\/tags?post=5302"}],"curies":[{"name":"wp","href":"https:\/\/api.w.org\/{rel}","templated":true}]}}