{"id":5413,"date":"2024-03-04T08:47:42","date_gmt":"2024-03-04T07:47:42","guid":{"rendered":"https:\/\/blogs.fu-berlin.de\/frauenbeauftragte\/?p=5413"},"modified":"2024-03-04T09:21:06","modified_gmt":"2024-03-04T08:21:06","slug":"studentische-beschaeftigte-gesucht","status":"publish","type":"post","link":"https:\/\/blogs.fu-berlin.de\/frauenbeauftragte\/2024\/03\/04\/studentische-beschaeftigte-gesucht\/","title":{"rendered":"Studentische Hilfskraft gesucht!"},"content":{"rendered":"\n<div class=\"wp-block-media-text alignwide is-stacked-on-mobile\"><figure class=\"wp-block-media-text__media\"><img loading=\"lazy\" decoding=\"async\" width=\"384\" height=\"256\" src=\"https:\/\/blogs.fu-berlin.de\/frauenbeauftragte\/files\/2022\/12\/MvBZ-Logo-3-zu-2.jpg\" alt=\"\" class=\"wp-image-4328 size-full\" srcset=\"https:\/\/blogs.fu-berlin.de\/frauenbeauftragte\/files\/2022\/12\/MvBZ-Logo-3-zu-2.jpg 384w, https:\/\/blogs.fu-berlin.de\/frauenbeauftragte\/files\/2022\/12\/MvBZ-Logo-3-zu-2-300x200.jpg 300w\" sizes=\"auto, (max-width: 384px) 85vw, 384px\" \/><\/figure><div class=\"wp-block-media-text__content\">\n<p><strong>Bewerbungsfrist: 11. M\u00e4rz 2024 &#8211;<\/strong> Sie interessieren sich f\u00fcr gender- und diversit\u00e4tsbezogene Lehre und Forschungsprojekte und m\u00f6chten in diesem Bereich arbeiten? Das Margherita-von-Brentano-Zentrum hat eine Stelle als studentische*r Besch\u00e4ftigte*r zur Unterst\u00fctzung von Forschung und Lehre ausgeschrieben. Die Stelle hat einen Umfang von 60 Stunden pro Monat und ist auf 2 Jahre befristet. <\/p>\n\n\n\n<!--more-->\n<\/div><\/div>\n\n\n\n<p>Das Margherita von Brentano-Zentrum f\u00fcr Geschlechterforschung (MvBZ) ist eine interdisziplin\u00e4r und international ausgerichtete Zentraleinrichtung der Freien Universit\u00e4t Berlin. Zentrale Aufgaben des MvBZ sind die Entwicklung und Umsetzung von innovativen Ma\u00dfnahmen zur F\u00f6rderung, Vernetzung und Bekanntmachung der Geschlechterforschung an der Freien Universit\u00e4t Berlin. Dar\u00fcber hinaus f\u00f6rdert, unterst\u00fctzt und realisiert das MvBZ gender- und diversit\u00e4tsbezogene Lehre sowie Forschungsprojekte in der Geschlechterforschung. Das MvBZ bietet Studierenden und Forschenden in Workshops und Veranstaltungen die M\u00f6glichkeit zum wissenschaftlichen Austausch und zur Kooperation.<\/p>\n\n\n\n<p>F\u00fcr die Bereiche Lehre und Forschung sucht das Team des Margherita von Brentano-Zentrums eine studentische Unterst\u00fctzung im Umfang von 60 Stunden im Monat mit einer Befristung von zwei Jahren. <\/p>\n\n\n\n<figure class=\"wp-block-image size-full\"><img loading=\"lazy\" decoding=\"async\" width=\"605\" height=\"164\" src=\"https:\/\/blogs.fu-berlin.de\/frauenbeauftragte\/files\/2024\/03\/grafik.png\" alt=\"\" class=\"wp-image-8212\" srcset=\"https:\/\/blogs.fu-berlin.de\/frauenbeauftragte\/files\/2024\/03\/grafik.png 605w, https:\/\/blogs.fu-berlin.de\/frauenbeauftragte\/files\/2024\/03\/grafik-300x81.png 300w\" sizes=\"auto, (max-width: 709px) 85vw, (max-width: 909px) 67vw, (max-width: 984px) 61vw, (max-width: 1362px) 45vw, 600px\" \/><\/figure>\n\n\n\n<hr class=\"wp-block-separator has-alpha-channel-opacity\" \/>\n\n\n\n<p class=\"has-medium-font-size\">Aufgabengebiet<\/p>\n\n\n\n<ul class=\"wp-block-list\"><li>Unterst\u00fctzung des MvBZ in Forschung und Lehre (z.B. Recherche und Auswertung von Literatur und Aufbereitung von Lehrmaterialien)<\/li><li>Unterst\u00fctzung bei der Pflege von Online-Datensammlungen<\/li><li>Unterst\u00fctzung bei der Veranstaltungsorganisation und \u00d6ffentlichkeitsarbeit<\/li><\/ul>\n\n\n\n<p class=\"has-medium-font-size\">Erw\u00fcnschte Kriterien &amp; Kenntnisse <\/p>\n\n\n\n<ul class=\"wp-block-list\"><li>Studium eines geistes- oder sozialwissenschaftlichen Faches<\/li><li>sehr gute Kenntnisse der Geschlechterforschung\/ Gender Studies<\/li><li>Kenntnisse und Erfahrungen in der Recherche und Auswertung wissenschaftlicher Literatur<\/li><li>sehr gute englische Sprachkenntnisse<\/li><li>Affinit\u00e4t zu digitalen Medien\/Kommunikationsplattformen<\/li><li>Erfahrung in der Organisation von Veranstaltungen und \u00d6ffentlichkeitsarbeit<\/li><\/ul>\n\n\n\n<p class=\"has-medium-font-size\">Weitere Informationen <\/p>\n\n\n\n<ul class=\"wp-block-list\"><li><strong><a rel=\"noreferrer noopener\" href=\"https:\/\/www.fu-berlin.de\/universitaet\/beruf-karriere\/jobs\/stud\/53_ze-margherita-von-brentano-zentrum-fuer-geschlechterforschung\/MBZ-MvBZ-03-2024.html\" target=\"_blank\">Ausschreibung<\/a><\/strong><\/li><li><strong>Bewerbungsfrist: <\/strong>11. M\u00e4rz 2024<\/li><li><strong>Kennung:<\/strong> MvBZ-03-2024<\/li><li><strong>Bewerbungen<\/strong> k\u00f6nnen digital oder postalisch eingereicht werden<ul><li>per Email an: <a href=\"mailto:bewerbungen@mvbz.fu-berlin.de\">bewerbungen@mvbz.fu-berlin.de<\/a><\/li><li>per Post an: Freie Universit\u00e4t Berlin, Zentraleinrichtung Margherita-von-Brentano-Zentrum f\u00fcr Geschlechterforschung, Dr. Heike Pantelmann, Habelschwerdter Allee 45, 14195 Berlin<\/li><\/ul><\/li><\/ul>\n\n\n\n<p class=\"has-medium-font-size\">Kontakt<\/p>\n\n\n\n<ul class=\"wp-block-list\"><li>Dr. Heike Pantelmann<\/li><li><a href=\"mailto:bewerbungen@mvbz.fu-berlin.de\">bewerbungen@mvbz.fu-berlin.de<\/a><\/li><\/ul>\n","protected":false},"excerpt":{"rendered":"<p>Bewerbungsfrist: 11. M\u00e4rz 2024 &#8211; Sie interessieren sich f\u00fcr gender- und diversit\u00e4tsbezogene Lehre und Forschungsprojekte und m\u00f6chten in diesem Bereich arbeiten? Das Margherita-von-Brentano-Zentrum hat eine Stelle als studentische*r Besch\u00e4ftigte*r zur Unterst\u00fctzung von Forschung und Lehre ausgeschrieben. Die Stelle hat einen Umfang von 60 Stunden pro Monat und ist auf 2 Jahre befristet.<\/p>\n","protected":false},"author":7120,"featured_media":4328,"comment_status":"open","ping_status":"open","sticky":false,"template":"","format":"standard","meta":{"footnotes":""},"categories":[428608],"tags":[433674,57446,233545],"class_list":["post-5413","post","type-post","status-publish","format-standard","has-post-thumbnail","hentry","category-informiert","tag-genderkompetenz","tag-geschlechterforschung","tag-studierende"],"_links":{"self":[{"href":"https:\/\/blogs.fu-berlin.de\/frauenbeauftragte\/wp-json\/wp\/v2\/posts\/5413","targetHints":{"allow":["GET"]}}],"collection":[{"href":"https:\/\/blogs.fu-berlin.de\/frauenbeauftragte\/wp-json\/wp\/v2\/posts"}],"about":[{"href":"https:\/\/blogs.fu-berlin.de\/frauenbeauftragte\/wp-json\/wp\/v2\/types\/post"}],"author":[{"embeddable":true,"href":"https:\/\/blogs.fu-berlin.de\/frauenbeauftragte\/wp-json\/wp\/v2\/users\/7120"}],"replies":[{"embeddable":true,"href":"https:\/\/blogs.fu-berlin.de\/frauenbeauftragte\/wp-json\/wp\/v2\/comments?post=5413"}],"version-history":[{"count":21,"href":"https:\/\/blogs.fu-berlin.de\/frauenbeauftragte\/wp-json\/wp\/v2\/posts\/5413\/revisions"}],"predecessor-version":[{"id":8223,"href":"https:\/\/blogs.fu-berlin.de\/frauenbeauftragte\/wp-json\/wp\/v2\/posts\/5413\/revisions\/8223"}],"wp:featuredmedia":[{"embeddable":true,"href":"https:\/\/blogs.fu-berlin.de\/frauenbeauftragte\/wp-json\/wp\/v2\/media\/4328"}],"wp:attachment":[{"href":"https:\/\/blogs.fu-berlin.de\/frauenbeauftragte\/wp-json\/wp\/v2\/media?parent=5413"}],"wp:term":[{"taxonomy":"category","embeddable":true,"href":"https:\/\/blogs.fu-berlin.de\/frauenbeauftragte\/wp-json\/wp\/v2\/categories?post=5413"},{"taxonomy":"post_tag","embeddable":true,"href":"https:\/\/blogs.fu-berlin.de\/frauenbeauftragte\/wp-json\/wp\/v2\/tags?post=5413"}],"curies":[{"name":"wp","href":"https:\/\/api.w.org\/{rel}","templated":true}]}}