{"id":5582,"date":"2023-04-28T14:48:31","date_gmt":"2023-04-28T12:48:31","guid":{"rendered":"https:\/\/blogs.fu-berlin.de\/frauenbeauftragte\/?p=5582"},"modified":"2023-07-17T13:13:49","modified_gmt":"2023-07-17T11:13:49","slug":"grosse-buehne-fuer-mathematikerinnen","status":"publish","type":"post","link":"https:\/\/blogs.fu-berlin.de\/frauenbeauftragte\/2023\/04\/28\/grosse-buehne-fuer-mathematikerinnen\/","title":{"rendered":"Gro\u00dfe B\u00fchne f\u00fcr Mathematikerinnen"},"content":{"rendered":"\n<div class=\"wp-block-media-text alignwide is-stacked-on-mobile\"><figure class=\"wp-block-media-text__media\"><img loading=\"lazy\" decoding=\"async\" width=\"1024\" height=\"683\" src=\"https:\/\/blogs.fu-berlin.de\/frauenbeauftragte\/files\/2023\/04\/DivingEmmy-blog-2-3-1024x683.jpg\" alt=\"\" class=\"wp-image-5608 size-full\" srcset=\"https:\/\/blogs.fu-berlin.de\/frauenbeauftragte\/files\/2023\/04\/DivingEmmy-blog-2-3-1024x683.jpg 1024w, https:\/\/blogs.fu-berlin.de\/frauenbeauftragte\/files\/2023\/04\/DivingEmmy-blog-2-3-300x200.jpg 300w, https:\/\/blogs.fu-berlin.de\/frauenbeauftragte\/files\/2023\/04\/DivingEmmy-blog-2-3-768x512.jpg 768w, https:\/\/blogs.fu-berlin.de\/frauenbeauftragte\/files\/2023\/04\/DivingEmmy-blog-2-3-1536x1024.jpg 1536w, https:\/\/blogs.fu-berlin.de\/frauenbeauftragte\/files\/2023\/04\/DivingEmmy-blog-2-3-2048x1365.jpg 2048w, https:\/\/blogs.fu-berlin.de\/frauenbeauftragte\/files\/2023\/04\/DivingEmmy-blog-2-3-1200x800.jpg 1200w\" sizes=\"auto, (max-width: 709px) 85vw, (max-width: 909px) 67vw, (max-width: 1362px) 62vw, 840px\" \/><\/figure><div class=\"wp-block-media-text__content\">\n<p><strong>Vortragsreihe und Theaterst\u00fcck: 11. &amp; 12. Mai 2023<\/strong> Den <a rel=\"noreferrer noopener\" href=\"http:\/\/www.mi.fu-berlin.de\/en\/sfb1114\/diversity\/Int-day-women\/\" target=\"_blank\">Internationalen Tag der Frauen in der Mathematik<\/a> begeht der Sonderforschungsbereich 1114 mit Vortr\u00e4gen sowie einer Auff\u00fchrung des Theaterst\u00fccks \u201eDiving into Math with Emmy Noether\u201c, um Frauen in der Mathematik zu feiern und ihre Erfolge sichtbarer zu machen.  Eingeladen sind nicht nur  Matheexpert*innen, sondern alle Interessierten.<\/p>\n\n\n\n<!--more-->\n<\/div><\/div>\n\n\n\n<p>Auch in diesem Jahr bietet der <a rel=\"noreferrer noopener\" href=\"https:\/\/www.mi.fu-berlin.de\/en\/sfb1114\/index.html\" target=\"_blank\">SFB 1114 Scaling Cascades in Complex Systems<\/a> zum Internationalen Tag der Frauen in der Mathematik ein abwechslungsreiches Programm in englischer Sprache mit mathematischen Fachvortr\u00e4gen sowie Angeboten f\u00fcr ein breiteres Publikum. Geschlechterasymmetrien in der Mathematik und deren Ursachen stehen im Mittelpunkt des Vortrags von Anna Ransiek, die Einblicke in die <a rel=\"noreferrer noopener\" href=\"https:\/\/blogs.fu-berlin.de\/frauenbeauftragte\/2022\/04\/08\/leaky-pipeline-im-exzellenzcluster-math\/\" target=\"_blank\">Begleitforschung zum Exzellenzcluster MATH+<\/a> gibt. Am Beispiel des <a rel=\"noreferrer noopener\" href=\"https:\/\/www.fu-berlin.de\/sites\/mintoring\/index.html\" target=\"_blank\">MINToring-Programms<\/a> zeigen Esto Mader und Nelly Mouawad auf, welchen Mehrwert Outreach-Aktivit\u00e4ten f\u00fcr Sch\u00fclerinnen f\u00fcr die beteiligten Wissenschaftler*innen haben k\u00f6nnen.<\/p>\n\n\n\n<p class=\"has-medium-font-size\">Theaterst\u00fcck \u00fcber Emmy Noethers Wirken<\/p>\n\n\n\n<p>Als besonderes Highlight stellt das Portraittheater Wien in seinem St\u00fcck \u201e<a rel=\"noreferrer noopener\" href=\"https:\/\/www.portraittheater.net\/?portfolio=diving-into-math-with-emmy-noether\" target=\"_blank\">Diving into Math with Emmy Noether<\/a>&#8220; das Leben und Wirken einer der einflussreichsten Mathematikerinnen des letzten Jahrhunderts vor. \u201eBring your family, students, colleagues!\u201c, schreiben die Veranstalter*innen in ihrer Einladung zu der Auff\u00fchrung in englischer Sprache. <\/p>\n\n\n\n<p>Das Theaterst\u00fcck entstand anl\u00e4sslich des 100. Jahrestages der Habilitation von Emmy Noether unter der Regie von Sandra Sch\u00fcddekopf mit der Schauspielerin Anita Zieher als Emmy Noether  und mit wissenschaftlicher Beratung durch Mechthild Koreuber.  Die <a rel=\"noreferrer noopener\" href=\"https:\/\/www.noetherkonferenz2019.de\/theaterauffuehrung\/index.html\" target=\"_blank\">Urauff\u00fchrung<\/a> fand 2019 im Rahmen einer Konferenz zu Ehren der Jubilarin an der FU statt.  Die finanzielle Unterst\u00fctzung mehrerer Universit\u00e4ten &#8211; darunter die Humboldt-Universit\u00e4t, die Technische Universit\u00e4t Berlin und die Freie Universit\u00e4t &#8211; erm\u00f6glichte die Theaterproduktion. <\/p>\n\n\n\n<p class=\"has-medium-font-size\">Erinnerung an iranische Mathematikerin Maryam Mirzakhani<\/p>\n\n\n\n<p>Der <a rel=\"noreferrer noopener\" href=\"https:\/\/may12.womeninmaths.org\/why\" target=\"_blank\">International Day of Wom<\/a><a rel=\"noreferrer noopener\" href=\"https:\/\/may12.womeninmaths.org\/\" target=\"_blank\">e<\/a><a rel=\"noreferrer noopener\" href=\"https:\/\/may12.womeninmaths.org\/why\" target=\"_blank\">n im Mathematics<\/a> erinnert seit 2019 j\u00e4hrlich an die herausragende iranische Mathematikerin <a rel=\"noreferrer noopener\" href=\"https:\/\/www.fembio.org\/biographie.php\/frau\/biographie\/maryam-mirzakhani\/\" target=\"_blank\">Maryam Mirzakhani<\/a>, geboren am 12. Mai 1977, die 2014 als erste Frau die Fields-Medaille erhielt &#8211; die h\u00f6chste Auszeichnung f\u00fcr Mathematiker*innen. Sie studierte an der&nbsp;Harvard University, lehrte mit 27 Jahren in Princeton und wurde mit 31 Jahren Professorin an der Stanford University. 2017 starb sie im Alter von 40 Jahren.<\/p>\n\n\n\n<p class=\"has-medium-font-size\">Progamm<\/p>\n\n\n\n<figure class=\"wp-block-table\"><table><thead><tr><th>Donnerstag,   <br>11. Mai 2023<\/th><th>Special CRC 1114 Colloquium<\/th><\/tr><\/thead><tbody><tr><td>14:00 Uhr<\/td><td><strong>Dr. Agnes Lamacz-Keymling (TU Dortmund):<\/strong> <em>Sound absorption by perforated walls<\/em><\/td><\/tr><tr><td>15:30 Uhr<\/td><td><strong>Dr. Anna Ransiek (FU Berlin):<\/strong> <em>Why is math still a man\u2019s world? Possible explanations from an excellent mathematical research environment.<\/em><\/td><\/tr><tr><td>16:00 Uhr<\/td><td><strong>Dr. des. Esto Mader &amp; Dr. Nelly Mouawad (FU Berlin, MINToring):<\/strong> <em>Participating in girls\u2018 outreach activities: benefits for faculty<\/em><\/td><\/tr><tr><td>Ort<\/td><td>Freie Universit\u00e4t Berlin, Institut f\u00fcr Mathematik, Arnimallee 6, 14195 Berlin, Raum 31<\/td><\/tr><tr><td><strong>16:30 Uhr<\/strong><\/td><td><strong><a rel=\"noreferrer noopener\" href=\"https:\/\/www.portraittheater.net\/?portfolio=diving-into-math-with-emmy-noether\" target=\"_blank\"><em>Diving into Math with Emmy Noether<\/em><\/a><\/strong>, <strong>Auff\u00fchrung des&nbsp;Portraittheater Wien<\/strong><\/td><\/tr><tr><td>im Anschluss<\/td><td>kleiner Imbiss und Getr\u00e4nke<\/td><\/tr><tr><td>Ort<\/td><td>Zuse Institut Berlin (ZIB), Takustr. 7, 14195 Berlin, H\u00f6rsaal<\/td><\/tr><tr><td><strong>Anmeldung<\/strong><\/td><td> <a rel=\"noreferrer noopener\" href=\"https:\/\/terminplaner6.dfn.de\/de\/b\/aefb76bb0c5187d4891dd8ef076d5572-196291\" target=\"_blank\">\u00fcber diesen Link<\/a>&nbsp;<\/td><\/tr><\/tbody><\/table><\/figure>\n\n\n\n<figure class=\"wp-block-table\"><table><thead><tr><th>Freitag,                <br>12. Mai 2023<\/th><th><a rel=\"noreferrer noopener\" href=\"http:\/\/math-berlin.de\/images\/poster\/Schloemerkemper_2023-05\" target=\"_blank\">Special MATH+\/BMS Kovalevskaya Lecture<\/a><\/th><\/tr><\/thead><tbody><tr><td>14:15 Uhr<\/td><td><strong>Anja Schl\u00f6merkemper (Uni W\u00fcrzburg):<\/strong> <em>Various Structures in Mathematics of Materials<\/em><\/td><\/tr><tr><td>Ort<\/td><td>Freie Universit\u00e4t Berlin, Institut f\u00fcr Informatik, Takustr. 9, 14195 Berlin, H\u00f6rsaal<\/td><\/tr><tr><td><strong>Anmeldung<\/strong><\/td><td>nicht erforderlich<a rel=\"noreferrer noopener\" href=\"mailto:diversity@mathplus.de\" target=\"_blank\"><\/a><\/td><\/tr><\/tbody><\/table><\/figure>\n\n\n\n<p><a rel=\"noreferrer noopener\" href=\"http:\/\/www.mi.fu-berlin.de\/en\/sfb1114\/diversity\/Int-day-women\/\" target=\"_blank\">Vollst\u00e4ndiges Programm<\/a> in englischer Sprache | <a rel=\"noreferrer noopener\" href=\"http:\/\/www.mi.fu-berlin.de\/en\/sfb1114\/diversity\/Int-day-women\/\" target=\"_blank\">Full progam in English<\/a><\/p>\n\n\n\n<hr class=\"wp-block-separator has-alpha-channel-opacity\" \/>\n\n\n\n<figure class=\"wp-block-gallery has-nested-images columns-default is-cropped wp-block-gallery-1 is-layout-flex wp-block-gallery-is-layout-flex\">\n<figure class=\"wp-block-image size-large\"><img loading=\"lazy\" decoding=\"async\" width=\"726\" height=\"1024\" data-id=\"5584\" src=\"https:\/\/blogs.fu-berlin.de\/frauenbeauftragte\/files\/2023\/04\/Plakat_Women_in_Mathematics_2023-726x1024.png\" alt=\"\" class=\"wp-image-5584\" srcset=\"https:\/\/blogs.fu-berlin.de\/frauenbeauftragte\/files\/2023\/04\/Plakat_Women_in_Mathematics_2023-726x1024.png 726w, https:\/\/blogs.fu-berlin.de\/frauenbeauftragte\/files\/2023\/04\/Plakat_Women_in_Mathematics_2023-213x300.png 213w, https:\/\/blogs.fu-berlin.de\/frauenbeauftragte\/files\/2023\/04\/Plakat_Women_in_Mathematics_2023-768x1083.png 768w, https:\/\/blogs.fu-berlin.de\/frauenbeauftragte\/files\/2023\/04\/Plakat_Women_in_Mathematics_2023-1090x1536.png 1090w, https:\/\/blogs.fu-berlin.de\/frauenbeauftragte\/files\/2023\/04\/Plakat_Women_in_Mathematics_2023-1453x2048.png 1453w, https:\/\/blogs.fu-berlin.de\/frauenbeauftragte\/files\/2023\/04\/Plakat_Women_in_Mathematics_2023-1200x1691.png 1200w\" sizes=\"auto, (max-width: 709px) 85vw, (max-width: 909px) 67vw, (max-width: 984px) 61vw, (max-width: 1362px) 45vw, 600px\" \/><\/figure>\n<\/figure>\n\n\n\n<p><\/p>\n\n\n\n<hr class=\"wp-block-separator has-alpha-channel-opacity\" \/>\n\n\n\n<p><\/p>\n","protected":false},"excerpt":{"rendered":"<p>Vortragsreihe und Theaterst\u00fcck: 11. &amp; 12. Mai 2023 Den Internationalen Tag der Frauen in der Mathematik begeht der Sonderforschungsbereich 1114 mit Vortr\u00e4gen sowie einer Auff\u00fchrung des Theaterst\u00fccks \u201eDiving into Math with Emmy Noether\u201c, um Frauen in der Mathematik zu feiern und ihre Erfolge sichtbarer zu machen. Eingeladen sind nicht nur Matheexpert*innen, sondern alle Interessierten.<\/p>\n","protected":false},"author":6410,"featured_media":5608,"comment_status":"open","ping_status":"open","sticky":false,"template":"","format":"standard","meta":{"footnotes":""},"categories":[428608],"tags":[423731,301208,57446,437124],"class_list":["post-5582","post","type-post","status-publish","format-standard","has-post-thumbnail","hentry","category-informiert","tag-mintoring","tag-frauenfoerderung","tag-geschlechterforschung","tag-wissenschaftlerinnen"],"_links":{"self":[{"href":"https:\/\/blogs.fu-berlin.de\/frauenbeauftragte\/wp-json\/wp\/v2\/posts\/5582","targetHints":{"allow":["GET"]}}],"collection":[{"href":"https:\/\/blogs.fu-berlin.de\/frauenbeauftragte\/wp-json\/wp\/v2\/posts"}],"about":[{"href":"https:\/\/blogs.fu-berlin.de\/frauenbeauftragte\/wp-json\/wp\/v2\/types\/post"}],"author":[{"embeddable":true,"href":"https:\/\/blogs.fu-berlin.de\/frauenbeauftragte\/wp-json\/wp\/v2\/users\/6410"}],"replies":[{"embeddable":true,"href":"https:\/\/blogs.fu-berlin.de\/frauenbeauftragte\/wp-json\/wp\/v2\/comments?post=5582"}],"version-history":[{"count":61,"href":"https:\/\/blogs.fu-berlin.de\/frauenbeauftragte\/wp-json\/wp\/v2\/posts\/5582\/revisions"}],"predecessor-version":[{"id":6538,"href":"https:\/\/blogs.fu-berlin.de\/frauenbeauftragte\/wp-json\/wp\/v2\/posts\/5582\/revisions\/6538"}],"wp:featuredmedia":[{"embeddable":true,"href":"https:\/\/blogs.fu-berlin.de\/frauenbeauftragte\/wp-json\/wp\/v2\/media\/5608"}],"wp:attachment":[{"href":"https:\/\/blogs.fu-berlin.de\/frauenbeauftragte\/wp-json\/wp\/v2\/media?parent=5582"}],"wp:term":[{"taxonomy":"category","embeddable":true,"href":"https:\/\/blogs.fu-berlin.de\/frauenbeauftragte\/wp-json\/wp\/v2\/categories?post=5582"},{"taxonomy":"post_tag","embeddable":true,"href":"https:\/\/blogs.fu-berlin.de\/frauenbeauftragte\/wp-json\/wp\/v2\/tags?post=5582"}],"curies":[{"name":"wp","href":"https:\/\/api.w.org\/{rel}","templated":true}]}}