{"id":5695,"date":"2023-05-12T14:30:00","date_gmt":"2023-05-12T12:30:00","guid":{"rendered":"https:\/\/blogs.fu-berlin.de\/frauenbeauftragte\/?p=5695"},"modified":"2023-07-17T13:14:09","modified_gmt":"2023-07-17T11:14:09","slug":"miteinander-statt-gegeneinander-in-der-lehre","status":"publish","type":"post","link":"https:\/\/blogs.fu-berlin.de\/frauenbeauftragte\/2023\/05\/12\/miteinander-statt-gegeneinander-in-der-lehre\/","title":{"rendered":"Miteinander statt gegeneinander in der Lehre"},"content":{"rendered":"\n<div class=\"wp-block-media-text alignwide is-stacked-on-mobile\"><figure class=\"wp-block-media-text__media\"><img loading=\"lazy\" decoding=\"async\" width=\"1024\" height=\"519\" src=\"https:\/\/blogs.fu-berlin.de\/frauenbeauftragte\/files\/2022\/01\/toolbox_logo_quer_RGB_gross-1024x519.jpg\" alt=\"\" class=\"wp-image-1221 size-full\" srcset=\"https:\/\/blogs.fu-berlin.de\/frauenbeauftragte\/files\/2022\/01\/toolbox_logo_quer_RGB_gross-1024x519.jpg 1024w, https:\/\/blogs.fu-berlin.de\/frauenbeauftragte\/files\/2022\/01\/toolbox_logo_quer_RGB_gross-300x152.jpg 300w, https:\/\/blogs.fu-berlin.de\/frauenbeauftragte\/files\/2022\/01\/toolbox_logo_quer_RGB_gross-768x389.jpg 768w, https:\/\/blogs.fu-berlin.de\/frauenbeauftragte\/files\/2022\/01\/toolbox_logo_quer_RGB_gross-1536x778.jpg 1536w, https:\/\/blogs.fu-berlin.de\/frauenbeauftragte\/files\/2022\/01\/toolbox_logo_quer_RGB_gross-2048x1037.jpg 2048w, https:\/\/blogs.fu-berlin.de\/frauenbeauftragte\/files\/2022\/01\/toolbox_logo_quer_RGB_gross-1200x608.jpg 1200w\" sizes=\"auto, (max-width: 709px) 85vw, (max-width: 909px) 67vw, (max-width: 1362px) 62vw, 840px\" \/><\/figure><div class=\"wp-block-media-text__content\">\n<p><strong><strong>Workshop<\/strong><\/strong>: <strong>24. Mai 2023 | 14-16 Uhr<\/strong> <br>Wie kann Lehren und Lehren als ein gleichberechtigtes Miteinander gelingen? Dazu bietet die &#8218;Toolbox Gender und Diversity in der Lehre&#8216; einen\u00a0<a rel=\"noreferrer noopener\" href=\"https:\/\/veranstaltung.dcat.fu-berlin.de\/Veranstaltung\/cmx63ca805fb12ab.html\" target=\"_blank\">Workshop<\/a> im Rahmen der Themenwoche zur Lehre 2023 an. In dem interaktiven Angebot werden konkrete Ideen f\u00fcr Lehr- und Lernformate entwickelt.<\/p>\n\n\n\n<!--more-->\n<\/div><\/div>\n\n\n\n<p>\u201e<a rel=\"noreferrer noopener\" href=\"https:\/\/veranstaltung.dcat.fu-berlin.de\/Veranstaltung\/cmx63ca805fb12ab.html\" target=\"_blank\">Miteinander statt gegeneinander \u2013 diversit\u00e4tssensible und diskriminierungskritische Lehr- und Lernr\u00e4ume als Voraussetzung gelingender Studierendenorientierung<\/a>\u201c <strong>\u2013<\/strong>  der Titel des Workshops unter Leitung von Dr. Jana Gerlach ist Programm. Um unterschiedliche Lebenserfahrungen und Wissensst\u00e4nde von Studierende und Lehrenden als Ressource nutzbar zu machen, m\u00fcssen Lehr- und Lernr\u00e4ume offen f\u00fcr Diversit\u00e4t sein, so der Leitgedanke. Entsprechende Formate sind daher eine Voraussetzung f\u00fcr studierendenorientierte Lehre.<\/p>\n\n\n\n<p><strong>&gt;&gt; studierendenorientiert lehren<\/strong> ist Schwerpunkt der diesj\u00e4hrigen <a rel=\"noreferrer noopener\" href=\"https:\/\/www.fu-berlin.de\/sites\/dcat\/Themenwoche-2023\/index.html\" target=\"_blank\">Themenwoche zur Lehre<\/a> vom 22.05. bis 25.05. unter Schirmherrschaft des Vizepr\u00e4sidenten f\u00fcr Studium und Lehre der Freien Universit\u00e4t. Zum &nbsp;zweiten Mal veranstaltet das <a rel=\"noreferrer noopener\" href=\"https:\/\/www.fu-berlin.de\/sites\/dcat\/index.html\" target=\"_blank\">Dahlem Center for Academic Teaching<\/a>&nbsp;(DCAT) eine Themenwoche zum Austausch \u00fcber relevante Themen f\u00fcr erfolgreiches Lernen und Lehren. Der Workshop der <a rel=\"noreferrer noopener\" href=\"https:\/\/www.genderdiversitylehre.fu-berlin.de\/toolbox\/index.html\" target=\"_blank\">Toolbox Gender und Diversity in der Lehre<\/a> ist eines von insgesamt acht interaktiven Themenangeboten. <\/p>\n\n\n\n<p>Studierende, Lehrende und Interessierte l\u00e4dt der Workshop ein, gemeinsam Ideen f\u00fcr diskriminierungssensible Lehr- und Lernformate zu entwickeln. Deren Ziel ist, sowohl die Mitgestaltung Studierender als auch den produktiven Umgang mit Vielstimmigkeit und Mehrdeutigkeit zu f\u00f6rdern. Als Impuls f\u00fcr den moderierten Austausch dienen Good Practice Beispiele eingeladener Studierendeninitiativen. Ergebnisse des Workshops finden Eingang in die&nbsp;&#8218;Toolbox Gender und Diversity in der Lehre&#8216;, einen Online-Instrumentenkasten, initiiert vom <a rel=\"noreferrer noopener\" href=\"https:\/\/www.mvbz.fu-berlin.de\/\" target=\"_blank\">Margherita-von-Brentano-Zentrum<\/a> und der zentralen Frauenbeauftragten.<\/p>\n\n\n\n<ul class=\"wp-block-list\" id=\"block-55c2770a-178a-4910-b9f6-67240e247311\"><li><a rel=\"noreferrer noopener\" href=\"https:\/\/veranstaltung.dcat.fu-berlin.de\/Veranstaltung\/cmx63ca805fb12ab.html\" target=\"_blank\">Anmeldung<\/a><\/li><li><a rel=\"noreferrer noopener\" href=\"https:\/\/www.fu-berlin.de\/sites\/dcat\/Themenwoche-2023\/index.html\" target=\"_blank\">Programm<\/a> Themenwoche zur Lehre 2023<\/li><\/ul>\n\n\n\n<hr class=\"wp-block-separator has-alpha-channel-opacity\" \/>\n\n\n\n<p class=\"has-medium-font-size\">Zeit &amp; Ort<\/p>\n\n\n\n<ul class=\"wp-block-list\"><li>24.05.203 | 14:00 -16:00 Uhr<\/li><li>Seminarzentrum,&nbsp;Otto-von-Simson-Str. 26, 14195 Berlin, Raum: L116<\/li><\/ul>\n\n\n\n<hr class=\"wp-block-separator has-alpha-channel-opacity\" \/>\n\n\n\n<figure class=\"wp-block-gallery aligncenter has-nested-images columns-default is-cropped wp-block-gallery-1 is-layout-flex wp-block-gallery-is-layout-flex\"><div class=\"wp-block-image\">\n<figure class=\"aligncenter size-large is-resized\"><img loading=\"lazy\" decoding=\"async\" data-id=\"5703\" src=\"https:\/\/blogs.fu-berlin.de\/frauenbeauftragte\/files\/2023\/05\/DCAT_PLAKAT_Themenwoche_zur_Lehre_2023-725x1024.png\" alt=\"\" class=\"wp-image-5703\" width=\"544\" height=\"768\" srcset=\"https:\/\/blogs.fu-berlin.de\/frauenbeauftragte\/files\/2023\/05\/DCAT_PLAKAT_Themenwoche_zur_Lehre_2023-725x1024.png 725w, https:\/\/blogs.fu-berlin.de\/frauenbeauftragte\/files\/2023\/05\/DCAT_PLAKAT_Themenwoche_zur_Lehre_2023-212x300.png 212w, https:\/\/blogs.fu-berlin.de\/frauenbeauftragte\/files\/2023\/05\/DCAT_PLAKAT_Themenwoche_zur_Lehre_2023-768x1085.png 768w, https:\/\/blogs.fu-berlin.de\/frauenbeauftragte\/files\/2023\/05\/DCAT_PLAKAT_Themenwoche_zur_Lehre_2023-1087x1536.png 1087w, https:\/\/blogs.fu-berlin.de\/frauenbeauftragte\/files\/2023\/05\/DCAT_PLAKAT_Themenwoche_zur_Lehre_2023-1449x2048.png 1449w, https:\/\/blogs.fu-berlin.de\/frauenbeauftragte\/files\/2023\/05\/DCAT_PLAKAT_Themenwoche_zur_Lehre_2023-1200x1696.png 1200w, https:\/\/blogs.fu-berlin.de\/frauenbeauftragte\/files\/2023\/05\/DCAT_PLAKAT_Themenwoche_zur_Lehre_2023.png 2000w\" sizes=\"auto, (max-width: 544px) 85vw, 544px\" \/><\/figure><\/div><\/figure>\n\n\n\n<hr class=\"wp-block-separator has-alpha-channel-opacity\" \/>\n","protected":false},"excerpt":{"rendered":"<p>Workshop: 24. Mai 2023 | 14-16 Uhr Wie kann Lehren und Lehren als ein gleichberechtigtes Miteinander gelingen? Dazu bietet die &#8218;Toolbox Gender und Diversity in der Lehre&#8216; einen\u00a0Workshop im Rahmen der Themenwoche zur Lehre 2023 an. In dem interaktiven Angebot werden konkrete Ideen f\u00fcr Lehr- und Lernformate entwickelt.<\/p>\n","protected":false},"author":3850,"featured_media":6162,"comment_status":"open","ping_status":"open","sticky":false,"template":"","format":"standard","meta":{"footnotes":""},"categories":[428608],"tags":[305170,367,90487,306,233545],"class_list":["post-5695","post","type-post","status-publish","format-standard","has-post-thumbnail","hentry","category-informiert","tag-diversity","tag-lehre","tag-diskriminierung","tag-weiterbildung","tag-studierende"],"_links":{"self":[{"href":"https:\/\/blogs.fu-berlin.de\/frauenbeauftragte\/wp-json\/wp\/v2\/posts\/5695","targetHints":{"allow":["GET"]}}],"collection":[{"href":"https:\/\/blogs.fu-berlin.de\/frauenbeauftragte\/wp-json\/wp\/v2\/posts"}],"about":[{"href":"https:\/\/blogs.fu-berlin.de\/frauenbeauftragte\/wp-json\/wp\/v2\/types\/post"}],"author":[{"embeddable":true,"href":"https:\/\/blogs.fu-berlin.de\/frauenbeauftragte\/wp-json\/wp\/v2\/users\/3850"}],"replies":[{"embeddable":true,"href":"https:\/\/blogs.fu-berlin.de\/frauenbeauftragte\/wp-json\/wp\/v2\/comments?post=5695"}],"version-history":[{"count":44,"href":"https:\/\/blogs.fu-berlin.de\/frauenbeauftragte\/wp-json\/wp\/v2\/posts\/5695\/revisions"}],"predecessor-version":[{"id":6539,"href":"https:\/\/blogs.fu-berlin.de\/frauenbeauftragte\/wp-json\/wp\/v2\/posts\/5695\/revisions\/6539"}],"wp:featuredmedia":[{"embeddable":true,"href":"https:\/\/blogs.fu-berlin.de\/frauenbeauftragte\/wp-json\/wp\/v2\/media\/6162"}],"wp:attachment":[{"href":"https:\/\/blogs.fu-berlin.de\/frauenbeauftragte\/wp-json\/wp\/v2\/media?parent=5695"}],"wp:term":[{"taxonomy":"category","embeddable":true,"href":"https:\/\/blogs.fu-berlin.de\/frauenbeauftragte\/wp-json\/wp\/v2\/categories?post=5695"},{"taxonomy":"post_tag","embeddable":true,"href":"https:\/\/blogs.fu-berlin.de\/frauenbeauftragte\/wp-json\/wp\/v2\/tags?post=5695"}],"curies":[{"name":"wp","href":"https:\/\/api.w.org\/{rel}","templated":true}]}}