{"id":5819,"date":"2023-06-08T13:56:29","date_gmt":"2023-06-08T11:56:29","guid":{"rendered":"https:\/\/blogs.fu-berlin.de\/frauenbeauftragte\/?p=5819"},"modified":"2023-08-02T18:02:42","modified_gmt":"2023-08-02T16:02:42","slug":"75-jahre-fu-geschlechterforschung-im-fokus","status":"publish","type":"post","link":"https:\/\/blogs.fu-berlin.de\/frauenbeauftragte\/2023\/06\/08\/75-jahre-fu-geschlechterforschung-im-fokus\/","title":{"rendered":"75 Jahre FU: Geschlechterforschung im Fokus"},"content":{"rendered":"\n<div class=\"wp-block-media-text alignwide is-stacked-on-mobile\"><figure class=\"wp-block-media-text__media\"><img loading=\"lazy\" decoding=\"async\" width=\"1024\" height=\"683\" src=\"https:\/\/blogs.fu-berlin.de\/frauenbeauftragte\/files\/2023\/06\/termine_20230620_open_mic_final-1024x683.jpg\" alt=\"\" class=\"wp-image-5834 size-full\" srcset=\"https:\/\/blogs.fu-berlin.de\/frauenbeauftragte\/files\/2023\/06\/termine_20230620_open_mic_final-1024x683.jpg 1024w, https:\/\/blogs.fu-berlin.de\/frauenbeauftragte\/files\/2023\/06\/termine_20230620_open_mic_final-300x200.jpg 300w, https:\/\/blogs.fu-berlin.de\/frauenbeauftragte\/files\/2023\/06\/termine_20230620_open_mic_final-768x512.jpg 768w, https:\/\/blogs.fu-berlin.de\/frauenbeauftragte\/files\/2023\/06\/termine_20230620_open_mic_final-1536x1024.jpg 1536w, https:\/\/blogs.fu-berlin.de\/frauenbeauftragte\/files\/2023\/06\/termine_20230620_open_mic_final-1200x800.jpg 1200w, https:\/\/blogs.fu-berlin.de\/frauenbeauftragte\/files\/2023\/06\/termine_20230620_open_mic_final.jpg 1620w\" sizes=\"auto, (max-width: 709px) 85vw, (max-width: 909px) 67vw, (max-width: 1362px) 62vw, 840px\" \/><\/figure><div class=\"wp-block-media-text__content\">\n<p><strong>Open Mic: 20. Juni 2023 | 12-13:30 Uhr<\/strong> Die FU feiert ihr 75-j\u00e4hriges Jubil\u00e4um. Anlass genug, um auf die Geschichte des freien Denkens zur\u00fcckzuschauen \u2013 aber auch, um in die Zukunft zu blicken. Das Margherita-von-Brentano-Zentrum organisiert ein <a rel=\"noreferrer noopener\" href=\"https:\/\/www.mvbz.fu-berlin.de\/termine\/20230620_open_mic.html\" target=\"_blank\">Open Mic Event<\/a> bei dem zehn Projekte unterschiedlicher Disziplinen die Vielf\u00e4ltigkeit der Geschlechterforschung an der FU vorstellen. Ohne Anmeldung. In Deutsch und Englisch.<\/p>\n\n\n\n<!--more-->\n<\/div><\/div>\n\n\n\n<p>Im Rahmen der Jubil\u00e4umsveranstaltungen zur <a rel=\"noreferrer noopener\" href=\"https:\/\/www.fu-berlin.de\/sites\/75jahre\/index.html\" target=\"_blank\">Gr\u00fcndung der Freien Universit\u00e4t vor 75 Jahren<\/a> stellt das Margherita-von-Brentano-Zentrum (MvBZ) den aktuellen Stand der Geschlechterforschung an der FU vor und unterstreicht damit die zentrale Bedeutung des interdisziplin\u00e4ren Forschungsfeldes.<\/p>\n\n\n\n<p>In einem innovativen Format mit dem Titel <a rel=\"noreferrer noopener\" href=\"https:\/\/www.mvbz.fu-berlin.de\/termine\/20230620_open_mic.html\" target=\"_blank\">OPEN MIC GeschlechterForschUng: 10 x 7,5=75 Jahre FU!<\/a> pr\u00e4sentieren zehn Projekte aus verschiedenen Disziplinen und Fachbereichen wie Geschichtswissenschaft, BCP (Biologie, Chemie und Pharmazie) und Islamwissenschaft in jeweils in 7,5 Minuten wie&nbsp;<em>frei<\/em>, bunt und vielf\u00e4ltig die Geschlechterforschung an der FU ist. Die Beitr\u00e4ge k\u00f6nnen in Deutsch und Englisch gehalten werden.<\/p>\n\n\n\n<hr class=\"wp-block-separator has-alpha-channel-opacity\" \/>\n\n\n\n<p>English version: Gender studies is a central component of the history and future of Freie Universit\u00e4t Berlin. It is as colorful and diverse as the FU itself. As part of the 75th anniversary, the MvBZ would like to present and document the characteristics of the current gender research situation at FU in an innovative <a href=\"https:\/\/www.mvbz.fu-berlin.de\/en\/termine\/20230620_open_mic.html\" target=\"_blank\" rel=\"noreferrer noopener\">open mic format<\/a>. Ten projects from different departments and disciplinary orientations like history, biology and islam studies will each show in 7.5 minutes how free and diverse gender research at FU Berlin is. &nbsp;<\/p>\n\n\n\n<hr class=\"wp-block-separator has-alpha-channel-opacity\" \/>\n\n\n\n<p class=\"has-medium-font-size\">Sprecher*innen | Speaker<\/p>\n\n\n\n<ul class=\"wp-block-list\"><li><a rel=\"noreferrer noopener\" href=\"https:\/\/www.polsoz.fu-berlin.de\/polwiss\/forschung\/grundlagen\/gender-div\/team\/Mitarbeiter-innen\/guelay_caglar\" target=\"_blank\">Prof. Dr. G\u00fclay&nbsp;\u00c7a\u011flar&nbsp;<\/a>(Otto-Suhr-Institut f\u00fcr Politikwissenschaft)<\/li><li><a rel=\"noreferrer noopener\" href=\"https:\/\/www.geschkult.fu-berlin.de\/e\/fmi\/institut\/mitglieder\/Wissenschaftliche_Mitarbeiterinnen_und_Mitarbeiter\/Bellows-Blakely.html\" target=\"_blank\">Dr. Sarah Bellows-Blakely <\/a>(Friedrich-Meinecke-Institut)<\/li><li><a href=\"https:\/\/www.geisteswissenschaften.fu-berlin.de\/we01\/institut\/mitarbeiter\/professuren\/garcia\/index.html\" target=\"_blank\" rel=\"noreferrer noopener\">Jun.-Prof. Dr. Manon Garcia <\/a>(Institut f\u00fcr Philosophie)&nbsp;<\/li><li><a rel=\"noreferrer noopener\" href=\"https:\/\/www.bcp.fu-berlin.de\/forschung\/ag_lucht\/people\/leitung\/lucht.html\" target=\"_blank\">Prof. Dr. Petra Lucht <\/a>(Fachbereich Biologie, Chemie, Pharmazie)<\/li><li><a rel=\"noreferrer noopener\" href=\"https:\/\/www.geschkult.fu-berlin.de\/e\/fmi\/institut\/mitglieder\/Professorinnen_und_Professoren\/luecke.html\" target=\"_blank\">Prof. Dr. Martin L\u00fccke <\/a>\u2502<a rel=\"noreferrer noopener\" href=\"https:\/\/www.geschkult.fu-berlin.de\/e\/fmi\/bereiche\/ab_didaktik\/Team\/Mitarbeiter_innen\/Andrea_Rottmann.html\" target=\"_blank\">Dr. Andrea Rottmann <\/a>(Friedrich-Meinecke-Institut)<\/li><li><a rel=\"noreferrer noopener\" href=\"https:\/\/www.polsoz.fu-berlin.de\/kommwiss\/arbeitsstellen\/journalistik\/Team\/mluenenborg\/index.html\" target=\"_blank\">Prof. Dr. Margreth L\u00fcnenborg&nbsp;<\/a>\u2502 <a rel=\"noreferrer noopener\" href=\"https:\/\/www.polsoz.fu-berlin.de\/kommwiss\/arbeitsstellen\/journalistik\/Team\/wissenschaftliche-Mitarbeiter_innen\/msiemon\/index.html\" target=\"_blank\">Miriam Siemon<\/a> (Institut f\u00fcr Publizistik- und Kommunikationswissenschaft)<\/li><li><a rel=\"noreferrer noopener\" href=\"https:\/\/www.geschkult.fu-berlin.de\/e\/islamwiss\/personen\/profs\/Amir-Moazami\/index.html\" target=\"_blank\">Prof. Dr. Shirin Amir-Moazami <\/a>(Institut f\u00fcr Islamwissenschaft)<\/li><li><a rel=\"noreferrer noopener\" href=\"https:\/\/www.geo.fu-berlin.de\/geog\/fachrichtungen\/anthrogeog\/g-t-g\/mitarbeiter\/aschmiz\/index.html\" target=\"_blank\">Prof. Dr. Antonie Schmiz <\/a>\u2502<a rel=\"noreferrer noopener\" href=\"https:\/\/www.geo.fu-berlin.de\/geog\/fachrichtungen\/anthrogeog\/g-t-g\/ehemalige-MitarbeiterInnen\/sjahre\/index.html\" target=\"_blank\">Sylvana Jahre <\/a>(Institut f\u00fcr Geographische Wissenschaften)<\/li><li><a rel=\"noreferrer noopener\" href=\"https:\/\/www.geisteswissenschaften.fu-berlin.de\/we07\/theater-tanz\/mitarbeiter-innen\/juniorprof\/schroedl\/index.html\" target=\"_blank\">Jun.-Prof. Dr. Jenny Schr\u00f6dl<\/a> (Institut f\u00fcr Theaterwissenschaft)<\/li><li><a rel=\"noreferrer noopener\" href=\"https:\/\/www.polsoz.fu-berlin.de\/soziologie\/mitarbeiter\/hochschullehrer\/zippel.html\" target=\"_blank\">Prof. Dr. Kathrin Zippel <\/a>\u2502<a rel=\"noreferrer noopener\" href=\"https:\/\/www.polsoz.fu-berlin.de\/soziologie\/arbeitsbereiche\/gender-studies\/team\/wimi\/dr_bontu_guschke.html\" target=\"_blank\">Dr. Bontu Lucie Guschke<\/a> \u2502<a rel=\"noreferrer noopener\" href=\"https:\/\/www.polsoz.fu-berlin.de\/soziologie\/arbeitsbereiche\/gender-studies\/team\/wimi\/Dr_-Laura-Eigenmann.html\" target=\"_blank\">Dr. Laura Eigenmann <\/a>(Institut f\u00fcr Soziologie)<\/li><\/ul>\n\n\n\n<hr class=\"wp-block-separator has-alpha-channel-opacity\" \/>\n\n\n<div class=\"wp-block-image\">\n<figure class=\"aligncenter size-large is-resized\"><img loading=\"lazy\" decoding=\"async\" src=\"https:\/\/blogs.fu-berlin.de\/frauenbeauftragte\/files\/2023\/06\/termine_20230620_open_mic-1024x1024.png\" alt=\"\" class=\"wp-image-5836\" width=\"512\" height=\"512\" srcset=\"https:\/\/blogs.fu-berlin.de\/frauenbeauftragte\/files\/2023\/06\/termine_20230620_open_mic-1024x1024.png 1024w, https:\/\/blogs.fu-berlin.de\/frauenbeauftragte\/files\/2023\/06\/termine_20230620_open_mic-300x300.png 300w, https:\/\/blogs.fu-berlin.de\/frauenbeauftragte\/files\/2023\/06\/termine_20230620_open_mic-150x150.png 150w, https:\/\/blogs.fu-berlin.de\/frauenbeauftragte\/files\/2023\/06\/termine_20230620_open_mic-768x768.png 768w, https:\/\/blogs.fu-berlin.de\/frauenbeauftragte\/files\/2023\/06\/termine_20230620_open_mic.png 1080w\" sizes=\"auto, (max-width: 512px) 85vw, 512px\" \/><figcaption>Quelle: CeDiS FU Berlin<\/figcaption><\/figure><\/div>\n\n\n<hr class=\"wp-block-separator has-alpha-channel-opacity\" \/>\n\n\n\n<p class=\"has-medium-font-size\">Zeit &amp; Ort | When &amp; Where?<\/p>\n\n\n\n<p>20. Juni 2023, 12:00 &#8211; 13:30 Uhr | 20th June 2023, 12 \u2013 1:30pm<\/p>\n\n\n\n<p>Theaterhof in der Rost- und Silberlaube<\/p>\n\n\n\n<p class=\"has-medium-font-size\">Kontakt | Contact<\/p>\n\n\n\n<p><a rel=\"noreferrer noopener\" href=\"https:\/\/www.mvbz.fu-berlin.de\/ueber-uns\/team\/garcia_peter\/index.html\" target=\"_blank\">Dr. Sabina Garc\u00eda Peter<\/a><\/p>\n\n\n\n<p>Keine Anmeldung notwendig | No registration needed<\/p>\n\n\n\n<hr class=\"wp-block-separator has-alpha-channel-opacity\" \/>\n\n\n\n<p class=\"has-medium-font-size\">Nachlese<\/p>\n\n\n\n<p>Das &#8222;offene Mikrofon&#8220; zur Geschlechterforschung an der FU fand Geh\u00f6r und stie\u00df auf gro\u00dfes Interesse. Nachzulesen unter anderem auf dem <a rel=\"noreferrer noopener\" href=\"https:\/\/blogs.fu-berlin.de\/toolbox\/2023\/08\/01\/open-mic-geschlechterforschung-vielfaeltig-und-dennoch-geeint\/\" target=\"_blank\">Toolbox-Blog <\/a>und auf<a rel=\"noreferrer noopener\" href=\"https:\/\/www.fu-berlin.de\/campusleben\/lernen-und-lehren\/2023\/230629-Open-Mic-Geschlechterforschung\/index.html\" target=\"_blank\"> campus.leben<\/a>.<\/p>\n","protected":false},"excerpt":{"rendered":"<p>Open Mic: 20. Juni 2023 | 12-13:30 Uhr Die FU feiert ihr 75-j\u00e4hriges Jubil\u00e4um. Anlass genug, um auf die Geschichte des freien Denkens zur\u00fcckzuschauen \u2013 aber auch, um in die Zukunft zu blicken. Das Margherita-von-Brentano-Zentrum organisiert ein Open Mic Event bei dem zehn Projekte unterschiedlicher Disziplinen die Vielf\u00e4ltigkeit der Geschlechterforschung an der FU vorstellen. Ohne &hellip; <a href=\"https:\/\/blogs.fu-berlin.de\/frauenbeauftragte\/2023\/06\/08\/75-jahre-fu-geschlechterforschung-im-fokus\/\" class=\"more-link\"><span class=\"screen-reader-text\">\u201e75 Jahre FU: Geschlechterforschung im Fokus\u201c<\/span> weiterlesen<\/a><\/p>\n","protected":false},"author":7120,"featured_media":5836,"comment_status":"open","ping_status":"open","sticky":false,"template":"","format":"standard","meta":{"footnotes":""},"categories":[428608],"tags":[57446,437124,303556],"class_list":["post-5819","post","type-post","status-publish","format-standard","has-post-thumbnail","hentry","category-informiert","tag-geschlechterforschung","tag-wissenschaftlerinnen","tag-intersektionalitaet"],"_links":{"self":[{"href":"https:\/\/blogs.fu-berlin.de\/frauenbeauftragte\/wp-json\/wp\/v2\/posts\/5819","targetHints":{"allow":["GET"]}}],"collection":[{"href":"https:\/\/blogs.fu-berlin.de\/frauenbeauftragte\/wp-json\/wp\/v2\/posts"}],"about":[{"href":"https:\/\/blogs.fu-berlin.de\/frauenbeauftragte\/wp-json\/wp\/v2\/types\/post"}],"author":[{"embeddable":true,"href":"https:\/\/blogs.fu-berlin.de\/frauenbeauftragte\/wp-json\/wp\/v2\/users\/7120"}],"replies":[{"embeddable":true,"href":"https:\/\/blogs.fu-berlin.de\/frauenbeauftragte\/wp-json\/wp\/v2\/comments?post=5819"}],"version-history":[{"count":23,"href":"https:\/\/blogs.fu-berlin.de\/frauenbeauftragte\/wp-json\/wp\/v2\/posts\/5819\/revisions"}],"predecessor-version":[{"id":6641,"href":"https:\/\/blogs.fu-berlin.de\/frauenbeauftragte\/wp-json\/wp\/v2\/posts\/5819\/revisions\/6641"}],"wp:featuredmedia":[{"embeddable":true,"href":"https:\/\/blogs.fu-berlin.de\/frauenbeauftragte\/wp-json\/wp\/v2\/media\/5836"}],"wp:attachment":[{"href":"https:\/\/blogs.fu-berlin.de\/frauenbeauftragte\/wp-json\/wp\/v2\/media?parent=5819"}],"wp:term":[{"taxonomy":"category","embeddable":true,"href":"https:\/\/blogs.fu-berlin.de\/frauenbeauftragte\/wp-json\/wp\/v2\/categories?post=5819"},{"taxonomy":"post_tag","embeddable":true,"href":"https:\/\/blogs.fu-berlin.de\/frauenbeauftragte\/wp-json\/wp\/v2\/tags?post=5819"}],"curies":[{"name":"wp","href":"https:\/\/api.w.org\/{rel}","templated":true}]}}