{"id":5929,"date":"2023-07-07T15:36:43","date_gmt":"2023-07-07T13:36:43","guid":{"rendered":"https:\/\/blogs.fu-berlin.de\/frauenbeauftragte\/?p=5929"},"modified":"2023-07-07T15:37:06","modified_gmt":"2023-07-07T13:37:06","slug":"publikationsbremse-pandemie-2-good-practice","status":"publish","type":"post","link":"https:\/\/blogs.fu-berlin.de\/frauenbeauftragte\/2023\/07\/07\/publikationsbremse-pandemie-2-good-practice\/","title":{"rendered":"Publikationsbremse Pandemie (2): Good Practice"},"content":{"rendered":"\n<div class=\"wp-block-media-text alignwide is-stacked-on-mobile\"><figure class=\"wp-block-media-text__media\"><img loading=\"lazy\" decoding=\"async\" width=\"1024\" height=\"684\" src=\"https:\/\/blogs.fu-berlin.de\/frauenbeauftragte\/files\/2023\/01\/Banner_Publikationsbremse_3x2-1024x684.png\" alt=\"\" class=\"wp-image-4755 size-full\" srcset=\"https:\/\/blogs.fu-berlin.de\/frauenbeauftragte\/files\/2023\/01\/Banner_Publikationsbremse_3x2-1024x684.png 1024w, https:\/\/blogs.fu-berlin.de\/frauenbeauftragte\/files\/2023\/01\/Banner_Publikationsbremse_3x2-300x200.png 300w, https:\/\/blogs.fu-berlin.de\/frauenbeauftragte\/files\/2023\/01\/Banner_Publikationsbremse_3x2-768x513.png 768w, https:\/\/blogs.fu-berlin.de\/frauenbeauftragte\/files\/2023\/01\/Banner_Publikationsbremse_3x2.png 1200w\" sizes=\"auto, (max-width: 709px) 85vw, (max-width: 909px) 67vw, (max-width: 1362px) 62vw, 840px\" \/><\/figure><div class=\"wp-block-media-text__content\">\n<p>Welche Folgen hat die Pandemie f\u00fcr die Karrieren von Nachwuchswissenschaftlerinnen mit Sorgeverantwortung? Wie k\u00f6nnen Hochschulen verhindern, dass Frauen auf dem wissenschaftlichen Karriereweg ausgebremst werden? Im zweiten Teil der Dokumentation unserer Veranstaltung <a rel=\"noreferrer noopener\" href=\"https:\/\/www.fu-berlin.de\/presse\/informationen\/fup\/2023\/fup_23_024-publikationsbremse-pandemie\/index.html\" target=\"_blank\">Publikationsbremse Pandemie<\/a> widmen wir uns den vorgestellten Ma\u00dfnahmen.<\/p>\n\n\n\n<!--more-->\n<\/div><\/div>\n\n\n\n<p>Im bereits ver\u00f6ffentlichten <a rel=\"noreferrer noopener\" href=\"https:\/\/blogs.fu-berlin.de\/frauenbeauftragte\/2023\/06\/13\/ruckblick-publikationsbremse-pandemie\/\" data-type=\"URL\" data-id=\"https:\/\/blogs.fu-berlin.de\/frauenbeauftragte\/2023\/06\/13\/ruckblick-publikationsbremse-pandemie\/\" target=\"_blank\">ersten Teil<\/a> unserer Veranstaltungsdokumentation haben wir auf die empirischen Befunde zu den Auswirkungen der Pandemie auf Wissenschaftlerinnen zur\u00fcckgeblickt. Im Hochschulbereich waren sie besonders belastet, da sie weiterhin die Hauptlast der Sorgearbeit \u00fcbernehmen &#8211; im Privaten f\u00fcr Kinder und pflegebed\u00fcrftige Angeh\u00f6rige wie auch im Wissenschaftsbetrieb in Betreuung und Lehre. Diese Belastungen f\u00fchrten unter anderem zu einer eingeschr\u00e4nkten Publikationsaktivit\u00e4t bei Sorgeverantwortlichen und zu einem vergr\u00f6\u00dferten Gender Publication Gap.<\/p>\n\n\n\n<p>In diesem Beitrag stehen Good-Practice-Beispiele f\u00fcr Ma\u00dfnahmen im Zentrum w\u00e4hrend sich der dritte und letzte Teil der Serie den Perspektiven f\u00fcr die Gleichstellungspolitik der Freien Universit\u00e4t widmen wird.<\/p>\n\n\n\n<p class=\"has-medium-font-size\">Keine stichhaltigen Erkenntnisse \u00fcber Ma\u00dfnahmen<\/p>\n\n\n\n<p><a href=\"https:\/\/www.polsoz.fu-berlin.de\/soziologie\/arbeitsbereiche\/gender-studies\/team\/Leitung\/Zippel.html\" target=\"_blank\" rel=\"noreferrer noopener\">Kathrin Zippel<\/a>, seit 2022 Einstein-Professorin f\u00fcr Soziologie mit Schwerpunkt Gender Studies an der FU, berichtete von den Vorarbeiten ihres Forschungsprojekts zu den Auswirkungen der COVID-19-Pandemie auf bestehende Ungleichheiten in der Wissenschaft. Zusammen mit ihren studentischen Mitarbeiter*innen Anna Kr\u00fcger und Isabelle Schmidt hat Zippel einen ersten Forschungsstand auf der Grundlage von Zusammenstellungen verschiedener Universit\u00e4ten, der Bundeskonferenz der Frauen- und Gleichstellungsbeauftragten an Hochschulen (bukof) und au\u00dferuniversit\u00e4rer Organisationen erarbeitet. Anhand dieser Sichtung lasse sich bereits feststellen, dass \u201ees noch keine stichfesten Untersuchungen zu Gleichstellungsma\u00dfnahmen und deren Wirkung in der Krise gibt\u201c.<\/p>\n\n\n\n<p class=\"has-medium-font-size\">Mittelfristige L\u00f6sungen gegen langfristige Benachteiligungen<\/p>\n\n\n\n<p>Insgesamt f\u00fcnf \u00fcbergeordnete Ma\u00dfnahmengruppen hat das Team um Zippel identifiziert. Als eine erste Gruppe fasste es die Umsetzung des gesetzlichen Rahmens, das hei\u00dft die Covid-Verl\u00e4ngerungen gem\u00e4\u00df <a rel=\"noreferrer noopener\" href=\"https:\/\/www.bmbf.de\/bmbf\/de\/forschung\/wissenschaftlicher-nachwuchs\/wissenschaftszeitvertragsgesetz\/wissenschaftszeitvertragsgesetz.html\" data-type=\"URL\" data-id=\"https:\/\/www.bmbf.de\/bmbf\/de\/forschung\/wissenschaftlicher-nachwuchs\/wissenschaftszeitvertragsgesetz\/wissenschaftszeitvertragsgesetz.html\" target=\"_blank\">Wissenschaftszeitvertragsgesetz<\/a>, die unabh\u00e4ngig von Care-Aufgaben erm\u00f6glicht wurden. Hier seien unterschiedliche Informationsgrade \u00fcber die ge\u00e4nderte Gesetzeslage und deren Folgen f\u00fcr wissenschaftliche Mitarbeiter*innen festzustellen. Auch die Formen der Kommunikation und das Ausma\u00df an Transparenz unterscheide sich erheblich. Flexible Arbeitszeitmodelle, Home-Office-Optionen und Kinderkrankentage, um die Betreuung von Kindern und Angeh\u00f6rigen zu erm\u00f6glichen, wurden als eine zweite Ma\u00dfnahmengruppe kategorisiert.<\/p>\n\n\n<div class=\"wp-block-image\">\n<figure class=\"alignright size-large is-resized\"><img loading=\"lazy\" decoding=\"async\" src=\"https:\/\/blogs.fu-berlin.de\/frauenbeauftragte\/files\/2023\/07\/Zippel-Podium-zugeschnitten-1024x749.jpg\" alt=\"\" class=\"wp-image-6321\" width=\"460\" height=\"337\" srcset=\"https:\/\/blogs.fu-berlin.de\/frauenbeauftragte\/files\/2023\/07\/Zippel-Podium-zugeschnitten-1024x749.jpg 1024w, https:\/\/blogs.fu-berlin.de\/frauenbeauftragte\/files\/2023\/07\/Zippel-Podium-zugeschnitten-300x220.jpg 300w, https:\/\/blogs.fu-berlin.de\/frauenbeauftragte\/files\/2023\/07\/Zippel-Podium-zugeschnitten-768x562.jpg 768w, https:\/\/blogs.fu-berlin.de\/frauenbeauftragte\/files\/2023\/07\/Zippel-Podium-zugeschnitten-1536x1124.jpg 1536w, https:\/\/blogs.fu-berlin.de\/frauenbeauftragte\/files\/2023\/07\/Zippel-Podium-zugeschnitten-2048x1499.jpg 2048w, https:\/\/blogs.fu-berlin.de\/frauenbeauftragte\/files\/2023\/07\/Zippel-Podium-zugeschnitten-1200x878.jpg 1200w\" sizes=\"auto, (max-width: 460px) 85vw, 460px\" \/><figcaption>Prof. Dr. Kathrin Zippel plant ein Forschungsprojekt zu den Auswirkungen der COVID-19-Pandemie in der Wissenschaft, Foto: Merle B\u00fcter <\/figcaption><\/figure><\/div>\n\n\n<p>Eine dritte Gruppe umfasst Ma\u00dfnahmen zur F\u00f6rderung der Forschungsproduktivit\u00e4t, etwa Zusch\u00fcsse f\u00fcr das Korrekturlesen von Antr\u00e4gen und Publikationen sowie f\u00fcr studentische Hilfskr\u00e4fte, die f\u00fcr Forschungsaufgaben eingesetzt werden k\u00f6nnen. Ein weiteres Ma\u00dfnahmenpaket betrifft Belastungen, auch emotionaler Art, und die Pr\u00e4vention von Burnouts, etwa Angebote in den Bereichen Weiterbildung und Personalentwicklung. Zippel gab zu bedenken, wer in einer Situation der \u00dcberlastung Zeit habe, diese Ma\u00dfnahmen \u00fcberhaupt wahrzunehmen.<\/p>\n\n\n\n<p>Zuletzt verwies Zippel auf jene Gruppe von Ma\u00dfnahmen, auf die auch die Podiumsdiskussion abzielte: die sogenannten Kompensationsma\u00dfnahmen, die in den letzten drei Jahren als &#8222;Pflaster&#8220; gewirkt haben. \u201eZu diesen Ma\u00dfnahmen haben wir weniger gefunden und das k\u00f6nnte sein, dass es jetzt eben erst in der Diskussion ist, wobei diese nat\u00fcrlich super wichtig sind, weil sie erstmal kurzfristige Hilfen bieten, um die gr\u00f6\u00dften Probleme abzufedern.\u201c Was vor allem fehlt seien Ma\u00dfnahmen, die die langfristigen Benachteiligungen in den Blick nehmen und benachteiligten Gruppen, zu denen insbesondere Wissenschaftler*innen mit Sorgeverantwortung geh\u00f6ren, ein Catching-Up, also ein Aufholen, erm\u00f6glichen sollen.<\/p>\n\n\n\n<p class=\"has-medium-font-size\">Krise als Chance<\/p>\n\n\n\n<p>Trotz der d\u00fcsteren Aussichten f\u00fcr den weiblichen wissenschaftlichen Nachwuchs, meint Zippel, k\u00f6nne die Pandemie auch positive Auswirkungen haben: \u201eWir k\u00f6nnten jetzt fragen: Was sind eigentlich die strukturellen Probleme, die schon vorher da waren und die sich jetzt einfach nochmal doppelt und dreifach und vierfach gezeigt haben? Welches Ver\u00e4nderungspotenzial bietet das?\u201c Beispielsweise bei der Frage nach der ungleichen Arbeitsverteilung, die oftmals eher im privaten Rahmen bei der Haus- und Sorgearbeit verortet werde. Aber die Pandemie habe gezeigt, dass diese auch an den Hochschulen vorherrsche. Dazu empfiehlt Zippel \u201eeine wundersch\u00f6ne Studie aus den USA, die gezeigt hat, dass die Senior White Men, also wei\u00dfe M\u00e4nner in F\u00fchrungspositionen, mehr Zeit hatten, weil die Studierenden sich mit ihren Sorgen und Betreuungsw\u00fcnschen nicht an sie, sondern an Frauen und People of Colour wandten, die dadurch nochmal mehr belastet wurden\u201c. F\u00fcr Betreuung m\u00fcsse es ebenso wie f\u00fcr die Gremienarbeit Kompensationsma\u00dfnahmen geben.<\/p>\n\n\n\n<p>Eine hilfreiche Ma\u00dfnahme aus den USA seien <a rel=\"noreferrer noopener\" href=\"https:\/\/provost.utexas.edu\/aps-faculty-archive\/covid-professional-impact-statements\/\" data-type=\"URL\" data-id=\"https:\/\/provost.utexas.edu\/aps-faculty-archive\/covid-professional-impact-statements\/\" target=\"_blank\">COVID Impact Statements<\/a>, in denen Wissenschaftler*innen f\u00fcr Begutachtungen angeben k\u00f6nnen, welchen Einfluss die Pandemie auf sie hatte, pers\u00f6nlich oder auf ihre Forschung. F\u00fcr die Bewertung dieser Angaben seien <a rel=\"noreferrer noopener\" href=\"https:\/\/www.unlv.edu\/ofa\/processes\/covid-statements\" target=\"_blank\">Leitf\u00e4den<\/a> unbedingt erforderlich, um eine faire Beurteilung ohne Bias zu gew\u00e4hrleisten.<\/p>\n\n\n\n<p class=\"has-medium-font-size\">Good Practice: \u201cClose the Gap-Fonds\u201d in Hamburg<\/p>\n\n\n\n<p>Die Universit\u00e4t Hamburg richtete zur Abmilderung der Pandemiefolgen 2021 einen Verf\u00fcgungsfonds unter dem Titel <a rel=\"noreferrer noopener\" href=\"https:\/\/www.uni-hamburg.de\/gleichstellung\/gender\/close-the-gap.html\" data-type=\"URL\" data-id=\"https:\/\/www.uni-hamburg.de\/gleichstellung\/gender\/close-the-gap.html\" target=\"_blank\">Close the Gap<\/a> ein, um Lehrende und Forschende mit Familienaufgaben zu unterst\u00fctzen. Svenja Saure, Gleichstellungsreferentin der <a href=\"https:\/\/www.uni-hamburg.de\/gleichstellung\/ueber-uns\/kontakt.html\" target=\"_blank\" rel=\"noreferrer noopener\">Stabsstelle Gleichstellung der Universit\u00e4t Hamburg<\/a>, war ma\u00dfgeblich an der Ausgestaltung des Angebots beteiligt: \u201eWissenschaftler*innen konnten relativ barrierearm und ohne Fristen Antr\u00e4ge stellen und f\u00fcr die Laufzeit 2021 und 2022 bis zu 100 Stunden Unterst\u00fctzung durch eine studentische Hilfskraft beantragen.\u201c<\/p>\n\n\n<div class=\"wp-block-image\">\n<figure class=\"alignleft size-large is-resized\"><img loading=\"lazy\" decoding=\"async\" src=\"https:\/\/blogs.fu-berlin.de\/frauenbeauftragte\/files\/2023\/07\/saure-option-1-1024x661.jpg\" alt=\"\" class=\"wp-image-6323\" width=\"506\" height=\"325\" srcset=\"https:\/\/blogs.fu-berlin.de\/frauenbeauftragte\/files\/2023\/07\/saure-option-1-300x194.jpg 300w, https:\/\/blogs.fu-berlin.de\/frauenbeauftragte\/files\/2023\/07\/saure-option-1-768x495.jpg 768w, https:\/\/blogs.fu-berlin.de\/frauenbeauftragte\/files\/2023\/07\/saure-option-1-1536x991.jpg 1536w, https:\/\/blogs.fu-berlin.de\/frauenbeauftragte\/files\/2023\/07\/saure-option-1-2048x1321.jpg 2048w, https:\/\/blogs.fu-berlin.de\/frauenbeauftragte\/files\/2023\/07\/saure-option-1-1200x774.jpg 1200w\" sizes=\"auto, (max-width: 506px) 85vw, 506px\" \/><figcaption>Svenja Saure (2.v.l.), Referentin in der Stabsstelle Gleichstellung der Universit\u00e4t Hamburg, stellt den &#8222;Close the Gap-Fonds&#8220; vor, Foto: Merle B\u00fcter<\/figcaption><\/figure><\/div>\n\n\n<p>Weiterhin f\u00f6rderte der Fonds Einzelcoachings sowie zus\u00e4tzliche Kinderbetreuung, die Sorgeverantwortlichen mehr Flexibilit\u00e4t erm\u00f6glichen sollte. Wissenschaftler*innen suchten sich eigenst\u00e4ndig eine Betreuungsperson, die mit 12 Euro pro Stunde verg\u00fctet wurde, und konnten sich die Kosten \u00fcber einen Antrag bis zu einer H\u00f6he von 600 Euro im Jahr zur\u00fcckerstatten lassen.<\/p>\n\n\n\n<p>Finanziert wurde der Fonds durch die Hamburger Wissenschaftsbeh\u00f6rde, die den Hochschulen f\u00fcr 2021 und 2022 zus\u00e4tzliche Mittel bereitstellte. Mit deren Hilfe wurde dar\u00fcber hinaus das <a rel=\"noreferrer noopener\" href=\"https:\/\/www.uni-hamburg.de\/gleichstellung\/gleichstellung\/datenbank\/importiert\/close-the-gap---hochschulbergreifendes-netzwerk.html\" data-type=\"URL\" data-id=\"https:\/\/www.uni-hamburg.de\/gleichstellung\/gleichstellung\/datenbank\/importiert\/close-the-gap---hochschulbergreifendes-netzwerk.html\" target=\"_blank\">hochschul\u00fcbergreifende Netzwerk Close the Gap<\/a> gegr\u00fcndet, um erfahrene und junge Wissenschaftler*innen in Hamburg zusammenzubringen, die pandemiebedingt vor \u00e4hnlichen Herausforderungen standen. Im Rahmen des Netzwerks wurden mehrere Veranstaltungen zu Personalentwicklung, Selbstmarketing im beruflichen Kontext und Career Development angeboten.<\/p>\n\n\n\n<p class=\"has-medium-font-size\">51 Antr\u00e4ge: gro\u00dfe Nachfrage, hohe Arbeitsbelastung<\/p>\n\n\n\n<p>Der Fonds sei gut nachgefragt worden und habe \u201eunsere kleine Stabsstelle doch vor relativ gro\u00dfe Herausforderungen personeller Art gestellt\u201c, berichtet Saure. Insgesamt seien 51 Antr\u00e4ge, davon acht Antr\u00e4ge von M\u00e4nnern mit Familienaufgaben, eingegangen. Von dem bereitgestellten Finanzvolumen wurde die H\u00e4lfte f\u00fcr Einzelfallantr\u00e4ge, also haupts\u00e4chlich f\u00fcr die Unterst\u00fctzung durch studentische Hilfskr\u00e4fte ausgegeben. Ein F\u00fcnftel wurde f\u00fcr Veranstaltungen verausgabt, der restliche Betrag f\u00fcr Coachings, Kinderbetreuung und eine studentische Angestellte zur Unterst\u00fctzung der Stabsstelle. R\u00fcckblickend sagte Saure, dass \u201ewir als Team in Bezug auf das zus\u00e4tzliche Arbeitspensum zu Beginn vielleicht etwas blau\u00e4ugig waren\u201c. F\u00fcr zuk\u00fcnftige Projekte sei es sinnvoll, mehr personelle Unterst\u00fctzung einzurechnen.<\/p>\n\n\n<div class=\"wp-block-image\">\n<figure class=\"alignright size-large is-resized\"><img loading=\"lazy\" decoding=\"async\" src=\"https:\/\/blogs.fu-berlin.de\/frauenbeauftragte\/files\/2023\/07\/IMG_4116-1024x683.jpg\" alt=\"\" class=\"wp-image-6375\" width=\"496\" height=\"329\" \/><figcaption>Die Podiumsrunde: Sarah Czerny, Lena Eckert, Lena Hipp, Stine Gutjahr, Kathrin Zippel, Svenja Saure, Barbara Fritz, Verena Blechinger-Talcott und Corinna Tomberger (v. l. n. r.), Foto: Merle B\u00fcter<\/figcaption><\/figure><\/div>\n\n\n<p>Der Fonds &#8222;Close the Gap\u201c konnte nicht allein akute Bedarfe beantworten, sondern erreichte auch sein Ziel, langfristige Ma\u00dfnahmen zu etablieren. Die Universit\u00e4t Hamburg hat inzwischen Kinderbetreuungsangebote f\u00fcr alle Hochschulmitglieder inklusive Studierender in Form eines Betreuungsfonds verstetigt.<\/p>\n\n\n\n<p>Nach der Vorstellung des Good-Practice-Beispiels der Universit\u00e4t Hamburg widmete sich die Podiumsdiskussion den Perspektiven f\u00fcr die Gleichstellungspolitik der Freien Universit\u00e4t. Diese er\u00f6rterten die Erste Vizepr\u00e4sidentin Prof. Verena Blechinger-Talcott und Prof. Barbara Fritz, stellvertretende Sprecherin der Kommission zur F\u00f6rderung von Nachwuchswissenschaftlerinnen. Deren Einsch\u00e4tzungen geben wir im dritten und letzten Teil unserer Dokumentation wieder.<\/p>\n\n\n\n<p><strong>Merle B\u00fcter, Referentin im Team Zentrale Frauenbeauftragte der Freien Universit\u00e4t<\/strong><\/p>\n","protected":false},"excerpt":{"rendered":"<p>Welche Folgen hat die Pandemie f\u00fcr die Karrieren von Nachwuchswissenschaftlerinnen mit Sorgeverantwortung? Wie k\u00f6nnen Hochschulen verhindern, dass Frauen auf dem wissenschaftlichen Karriereweg ausgebremst werden? Im zweiten Teil der Dokumentation unserer Veranstaltung Publikationsbremse Pandemie widmen wir uns den vorgestellten Ma\u00dfnahmen.<\/p>\n","protected":false},"author":7120,"featured_media":4755,"comment_status":"open","ping_status":"open","sticky":false,"template":"","format":"standard","meta":{"footnotes":""},"categories":[603,424297],"tags":[430258,1797,237832,433454,437124,437406],"class_list":["post-5929","post","type-post","status-publish","format-standard","has-post-thumbnail","hentry","category-vorgestellt","category-positionen","tag-vereinbarkeit","tag-familie","tag-pandemie","tag-gleichstellungspolitik","tag-wissenschaftlerinnen","tag-postdoktorandinnen"],"_links":{"self":[{"href":"https:\/\/blogs.fu-berlin.de\/frauenbeauftragte\/wp-json\/wp\/v2\/posts\/5929","targetHints":{"allow":["GET"]}}],"collection":[{"href":"https:\/\/blogs.fu-berlin.de\/frauenbeauftragte\/wp-json\/wp\/v2\/posts"}],"about":[{"href":"https:\/\/blogs.fu-berlin.de\/frauenbeauftragte\/wp-json\/wp\/v2\/types\/post"}],"author":[{"embeddable":true,"href":"https:\/\/blogs.fu-berlin.de\/frauenbeauftragte\/wp-json\/wp\/v2\/users\/7120"}],"replies":[{"embeddable":true,"href":"https:\/\/blogs.fu-berlin.de\/frauenbeauftragte\/wp-json\/wp\/v2\/comments?post=5929"}],"version-history":[{"count":51,"href":"https:\/\/blogs.fu-berlin.de\/frauenbeauftragte\/wp-json\/wp\/v2\/posts\/5929\/revisions"}],"predecessor-version":[{"id":6412,"href":"https:\/\/blogs.fu-berlin.de\/frauenbeauftragte\/wp-json\/wp\/v2\/posts\/5929\/revisions\/6412"}],"wp:featuredmedia":[{"embeddable":true,"href":"https:\/\/blogs.fu-berlin.de\/frauenbeauftragte\/wp-json\/wp\/v2\/media\/4755"}],"wp:attachment":[{"href":"https:\/\/blogs.fu-berlin.de\/frauenbeauftragte\/wp-json\/wp\/v2\/media?parent=5929"}],"wp:term":[{"taxonomy":"category","embeddable":true,"href":"https:\/\/blogs.fu-berlin.de\/frauenbeauftragte\/wp-json\/wp\/v2\/categories?post=5929"},{"taxonomy":"post_tag","embeddable":true,"href":"https:\/\/blogs.fu-berlin.de\/frauenbeauftragte\/wp-json\/wp\/v2\/tags?post=5929"}],"curies":[{"name":"wp","href":"https:\/\/api.w.org\/{rel}","templated":true}]}}