{"id":618,"date":"2021-11-15T09:00:00","date_gmt":"2021-11-15T08:00:00","guid":{"rendered":"https:\/\/blogs.fu-berlin.de\/frauenbeauftragte\/?p=618"},"modified":"2023-07-17T09:59:05","modified_gmt":"2023-07-17T07:59:05","slug":"pandemie-gender-panel-am-18-11","status":"publish","type":"post","link":"https:\/\/blogs.fu-berlin.de\/frauenbeauftragte\/2021\/11\/15\/pandemie-gender-panel-am-18-11\/","title":{"rendered":"Pandemie &amp; Gender: Panel am 18.11."},"content":{"rendered":"\n<div class=\"wp-block-media-text alignwide is-stacked-on-mobile\"><figure class=\"wp-block-media-text__media\"><img loading=\"lazy\" decoding=\"async\" width=\"1024\" height=\"683\" src=\"https:\/\/blogs.fu-berlin.de\/frauenbeauftragte\/files\/2021\/11\/Berlin_talks_Rand-1024x683.png\" alt=\"\" class=\"wp-image-619 size-full\" srcset=\"https:\/\/blogs.fu-berlin.de\/frauenbeauftragte\/files\/2021\/11\/Berlin_talks_Rand-1024x683.png 1024w, https:\/\/blogs.fu-berlin.de\/frauenbeauftragte\/files\/2021\/11\/Berlin_talks_Rand-300x200.png 300w, https:\/\/blogs.fu-berlin.de\/frauenbeauftragte\/files\/2021\/11\/Berlin_talks_Rand-768x512.png 768w, https:\/\/blogs.fu-berlin.de\/frauenbeauftragte\/files\/2021\/11\/Berlin_talks_Rand.png 1200w\" sizes=\"auto, (max-width: 709px) 85vw, (max-width: 909px) 67vw, (max-width: 1362px) 62vw, 840px\" \/><\/figure><div class=\"wp-block-media-text__content\">\n<p><strong>&#8222;Berlin Talks&#8220;: 18. November 2021 | 19 Uhr<\/strong> Unter dem Titel \u201cGender and the COVID-19 Pandemic: Lessons Learned?\u201d veranstalten die Kurzzeitstudienprogramme <a rel=\"noreferrer noopener\" href=\"http:\/\/www.fubis.org\/de\/index.html\" target=\"_blank\">FUBiS <\/a>und <a rel=\"noreferrer noopener\" href=\"https:\/\/www.fu-berlin.de\/en\/sites\/fubest\/index.html\" target=\"_blank\">FU\/BEST<\/a> eine Paneldiskussion zu Geschlechter- und F\u00fcrsorgeverh\u00e4ltnissen im Pandemiegeschehen. Sie ist Teil der Gespr\u00e4chsreihe &#8222;Berlin Talks&#8220; und findet auf Englisch und digital statt. <\/p>\n\n\n\n<!--more-->\n<\/div><\/div>\n\n\n\n<p>Die Corona-Pandemie betrifft alle \u2013 aber nicht alle gleich. Eine Online-Paneldiskussion von <a rel=\"noreferrer noopener\" href=\"http:\/\/www.fubis.org\/de\/index.html\" target=\"_blank\">FUBiS <\/a>und <a rel=\"noreferrer noopener\" href=\"https:\/\/www.fu-berlin.de\/en\/sites\/fubest\/index.html\" target=\"_blank\">FU\/BEST<\/a> widmet sich den geschlechterbedingten Differenzen. Im Mittelpunkt stehen dabei die Anerkennung von Pflegeberufen, F\u00fcrsorgepflichten innerhalb der Familie und nicht zuletzt, wie diese Unterschiede von Politik und Medien aufgegriffen wurden. <\/p>\n\n\n\n<p>Diskutiert werden diese Fragen von folgenden Teilnehmer*innen:<\/p>\n\n\n\n<ul class=\"wp-block-list\"><li><strong>Dr. Regina Frey<\/strong> &#8211; Politikwissenschaftlerin und Leiterin des Gender-Instituts f\u00fcr Gleichstellungsforschung<\/li><li><strong>Prof. Dr. Katja M\u00f6hring<\/strong> &#8211; Professorin f\u00fcr Makrosoziologie an der Universit\u00e4t Mannheim<\/li><li><strong>Prof. Dr. Holger Bonin<\/strong> &#8211; Forschungsdirektor des Bonner Instituts zur Zukunft der Arbeit (IZA)<\/li><li><strong>Dr. Kai-Uwe M\u00fcller<\/strong> &#8211; Leiter der Nachwuchsgruppe Zeitpolitik am Deutschen Institut f\u00fcr Wirtschaftsforschung<\/li><\/ul>\n\n\n\n<p>Die Veranstaltung findet auf Englisch statt und kann \u00fcber diesen <a rel=\"noreferrer noopener\" href=\"https:\/\/fu-berlin.webex.com\/fu-berlin-en\/onstage\/g.php?MTID=ea98b41dbf9c2fbfd3b667f445f410872\" target=\"_blank\">Link<\/a> aufgerufen werden. Das Passwort lautet <em>berlintalks<\/em>. Teilnehmer*innen sind herzlich eingeladen, sich \u00fcber den Webex-Chat mit Fragen und Anmerkungen einzubringen. F\u00fcr Interessierte, die am Donnerstag um 19 Uhr nicht live dabei sein k\u00f6nnen, wird der Veranstaltungsmitschnitt nachtr\u00e4glich zur Verf\u00fcgung gestellt. Weitere Informationen zur Diskussion gibt es <a href=\"https:\/\/www.fu-berlin.de\/sites\/berlintalks\/index.html\" target=\"_blank\" rel=\"noreferrer noopener\">hier<\/a>. <\/p>\n\n\n\n<p>Wie dieser Diskurs um die Vereinbarkeit von Erwerbs- und Sorgearbeit im Hochschulkontext gef\u00fchrt wird, zeigte erst im April die Podiumsdiskussion <a rel=\"noreferrer noopener\" href=\"https:\/\/blogs.fu-berlin.de\/frauenbeauftragte\/2021\/04\/13\/kinder-corona-karriereknick\/\" target=\"_blank\">Kinder, Corona, Karriereknick<\/a>. Die Veranstaltung, u.a. unter Beteiligung der Pr\u00e4sidentin des Wissenschaftszentrums Berlin (WZB), Jutta Allmendinger, thematisierte etwa diese Fragen: Wie k\u00f6nnen eine wissenschaftliche Karriere und Familienaufgaben zusammengedacht werden? Wie hat sich dieses Verh\u00e4ltnis im Zuge der Pandemie ge\u00e4ndert? Und mit welchen institutionellen Mitteln k\u00f6nnen die H\u00fcrden, die in diesem Zusammenhang vor allem Frauen behindern, abgebaut werden? Mehr als ein halbes Jahr sp\u00e4ter f\u00e4llt die <a href=\"https:\/\/blogs.fu-berlin.de\/frauenbeauftragte\/2021\/10\/28\/vereinbarkeit-vertagt\/#more-391\" target=\"_blank\" rel=\"noreferrer noopener\">Bilanz <\/a>weiterhin gemischt aus: W\u00e4hrend Initiativen vereinzelt bereits effektiv Barrieren abbauen, stehen zentrale Ma\u00dfnahmen seitens der Hochschule noch aus. <\/p>\n","protected":false},"excerpt":{"rendered":"<p>&#8222;Berlin Talks&#8220;: 18. November 2021 | 19 Uhr Unter dem Titel \u201cGender and the COVID-19 Pandemic: Lessons Learned?\u201d veranstalten die Kurzzeitstudienprogramme FUBiS und FU\/BEST eine Paneldiskussion zu Geschlechter- und F\u00fcrsorgeverh\u00e4ltnissen im Pandemiegeschehen. Sie ist Teil der Gespr\u00e4chsreihe &#8222;Berlin Talks&#8220; und findet auf Englisch und digital statt.<\/p>\n","protected":false},"author":6431,"featured_media":0,"comment_status":"open","ping_status":"open","sticky":false,"template":"","format":"standard","meta":{"footnotes":""},"categories":[428608],"tags":[430258,237832,433454,57446],"class_list":["post-618","post","type-post","status-publish","format-standard","hentry","category-informiert","tag-vereinbarkeit","tag-pandemie","tag-gleichstellungspolitik","tag-geschlechterforschung"],"_links":{"self":[{"href":"https:\/\/blogs.fu-berlin.de\/frauenbeauftragte\/wp-json\/wp\/v2\/posts\/618","targetHints":{"allow":["GET"]}}],"collection":[{"href":"https:\/\/blogs.fu-berlin.de\/frauenbeauftragte\/wp-json\/wp\/v2\/posts"}],"about":[{"href":"https:\/\/blogs.fu-berlin.de\/frauenbeauftragte\/wp-json\/wp\/v2\/types\/post"}],"author":[{"embeddable":true,"href":"https:\/\/blogs.fu-berlin.de\/frauenbeauftragte\/wp-json\/wp\/v2\/users\/6431"}],"replies":[{"embeddable":true,"href":"https:\/\/blogs.fu-berlin.de\/frauenbeauftragte\/wp-json\/wp\/v2\/comments?post=618"}],"version-history":[{"count":23,"href":"https:\/\/blogs.fu-berlin.de\/frauenbeauftragte\/wp-json\/wp\/v2\/posts\/618\/revisions"}],"predecessor-version":[{"id":6479,"href":"https:\/\/blogs.fu-berlin.de\/frauenbeauftragte\/wp-json\/wp\/v2\/posts\/618\/revisions\/6479"}],"wp:attachment":[{"href":"https:\/\/blogs.fu-berlin.de\/frauenbeauftragte\/wp-json\/wp\/v2\/media?parent=618"}],"wp:term":[{"taxonomy":"category","embeddable":true,"href":"https:\/\/blogs.fu-berlin.de\/frauenbeauftragte\/wp-json\/wp\/v2\/categories?post=618"},{"taxonomy":"post_tag","embeddable":true,"href":"https:\/\/blogs.fu-berlin.de\/frauenbeauftragte\/wp-json\/wp\/v2\/tags?post=618"}],"curies":[{"name":"wp","href":"https:\/\/api.w.org\/{rel}","templated":true}]}}