{"id":6579,"date":"2023-07-28T11:52:56","date_gmt":"2023-07-28T09:52:56","guid":{"rendered":"https:\/\/blogs.fu-berlin.de\/frauenbeauftragte\/?p=6579"},"modified":"2023-08-18T10:47:55","modified_gmt":"2023-08-18T08:47:55","slug":"nachwuchsfoerderpreis-fuer-oekonominnen","status":"publish","type":"post","link":"https:\/\/blogs.fu-berlin.de\/frauenbeauftragte\/2023\/07\/28\/nachwuchsfoerderpreis-fuer-oekonominnen\/","title":{"rendered":"Nachwuchsf\u00f6rderpreis f\u00fcr \u00d6konominnen"},"content":{"rendered":"\n<div class=\"wp-block-media-text alignwide is-stacked-on-mobile\"><figure class=\"wp-block-media-text__media\"><img loading=\"lazy\" decoding=\"async\" width=\"782\" height=\"521\" src=\"https:\/\/blogs.fu-berlin.de\/frauenbeauftragte\/files\/2023\/07\/efas_logo_3zu2.jpg\" alt=\"\" class=\"wp-image-6587 size-full\" srcset=\"https:\/\/blogs.fu-berlin.de\/frauenbeauftragte\/files\/2023\/07\/efas_logo_3zu2.jpg 782w, https:\/\/blogs.fu-berlin.de\/frauenbeauftragte\/files\/2023\/07\/efas_logo_3zu2-300x200.jpg 300w, https:\/\/blogs.fu-berlin.de\/frauenbeauftragte\/files\/2023\/07\/efas_logo_3zu2-768x512.jpg 768w\" sizes=\"auto, (max-width: 709px) 85vw, (max-width: 909px) 67vw, (max-width: 984px) 61vw, (max-width: 1362px) 45vw, 600px\" \/><\/figure><div class=\"wp-block-media-text__content\">\n<p><strong>Bewerbungsfrist: 15. August 2023 <\/strong>\u2013 Das <a rel=\"noreferrer noopener\" href=\"https:\/\/efas.htw-berlin.de\/\" target=\"_blank\">\u00d6konominnen-Netzwerk <em>efas<\/em><\/a> der Hochschule f\u00fcr Technik und Wirtschaft Berlin (HTW) verleiht f\u00fcr herausragende Abschlussarbeiten den <em>efas<\/em>-Nachwuchsf\u00f6rderpreis 2023. Bewerben k\u00f6nnen sich Wirtschaftswissenschaftlerinnen mit einer thematischen Ausrichtung auf Frauen- und Geschlechterforschung.<\/p>\n\n\n\n<!--more-->\n<\/div><\/div>\n\n\n\n<p>J\u00e4hrlich w\u00fcrdigt das <em>efas<\/em>-Netzwerk (economy, feminism and science) mit seinem Nachwuchsf\u00f6rderpreis wirtschaftswissenschaftliche Abschlussarbeiten mit feministischer Perspektive. Kandidatinnen k\u00f6nnen sich mit ihren Arbeiten bewerben oder durch Gutachter*innen vorgeschlagen werden. Die betreffenden Diplom-, Magister-, Bachelor- oder Masterarbeiten sowie Dissertationen m\u00fcssen im Zeitraum vom 1. Juli 2022 bis 31. Juli 2023 abgeschlossen worden sein. <\/p>\n\n\n\n<p>Auf Grundlage der Auswahlkriterien wie des thematischen Schwerpunkts der Arbeit in Frauen- und Genderforschung sowie dessen innovative Bedeutung f\u00fcr das Fachgebiet und dar\u00fcber hinaus, w\u00e4hlen die Mitglieder des <a rel=\"noreferrer noopener\" href=\"https:\/\/efas.htw-berlin.de\/index.php\/ueber-efas\/wissenschaftlicher-ausschuss\/\" target=\"_blank\">wissenschaftlichen Ausschusses des \u00d6konominnen-Netzwerks<\/a> die Preistr\u00e4gerin aus. Dotiert ist der Preis mit 500 Euro f\u00fcr Diplom-, Bachelor- oder Masterarbeiten und mit 750 Euro f\u00fcr Dissertationen.<\/p>\n\n\n\n<p>Die Preisvergabe inklusive einer 10-min\u00fctigen Kurzvorstellung der Arbeit durch die Preistr\u00e4gerin erfolgt im Rahmen der 21. <em>efas<\/em>-Fachtagung, die am 1. Dezember 2023 an der HTW Berlin stattfindet. Bei der diesj\u00e4hrigen Fachtagung steht die Frage nach einer gerechten und nachhaltigen Verteilung von Ressourcen im Gesundheits- und Pflegebereich im Zentrum.<\/p>\n\n\n\n<p>Der <em>efas<\/em>-F\u00f6rderpreis f\u00fcr Nachwuchswissenschaftlerinnen in der Wirtschaftswissenschaft gedenkt der 2007 verstorbenen Volkswirtin und Mitinitiatorin des <em>efas<\/em>-Netzwerks Prof. Dr. Angela Fiedler. 2008 wurde der Preis auf Initiative von Wegbegleiter*innen aus der HTW Berlin, <em>efas<\/em> und der Familie von Angela Fiedler eingerichtet.<\/p>\n\n\n\n<hr class=\"wp-block-separator has-alpha-channel-opacity\" \/>\n\n\n\n<p class=\"has-medium-font-size\">Bewerbungsunterlagen<\/p>\n\n\n\n<ul class=\"wp-block-list\"><li>die schriftliche Abschlussarbeit<\/li><li><a rel=\"noreferrer noopener\" href=\"https:\/\/efas.htw-berlin.de\/wp-content\/uploads\/efasPreis_Bewerbungsformular_2021.doc\" data-type=\"URL\" data-id=\"https:\/\/efas.htw-berlin.de\/wp-content\/uploads\/efasPreis_Bewerbungsformular_2021.doc\" target=\"_blank\">Bewerbungsformular<\/a> mit einer Kurzbeschreibung der Arbeit<\/li><li>die Gutachten der Arbeit<\/li><li>vollst\u00e4ndige Angaben zu der Bewerberin in dem Bewerbungsformular<\/li><li>Kurzvita der Kandidatin <\/li><li>ein Empfehlungsschreiben und eine Begr\u00fcndung (nur bei Nominierung durch eine*n Professor*in oder Dozent*in)<\/li><\/ul>\n\n\n\n<p>Die Bewerbung inklusive aller Unterlagen ist in elektronischer Form als PDF an die <a rel=\"noreferrer noopener\" href=\"mailto:efas-netzwerk@htw-berlin.de\" target=\"_blank\"><em>efas<\/em>-Gesch\u00e4ftsstelle<\/a> zu richten. Weitere Informationen zum F\u00f6rderpreis und den Bewerbungsformalia finden sich <a rel=\"noreferrer noopener\" href=\"https:\/\/efas.htw-berlin.de\/index.php\/nachwuchsfoerderpreis\/allgemeine-informationen\/\" target=\"_blank\">hier<\/a>.<\/p>\n\n\n\n<hr class=\"wp-block-separator has-alpha-channel-opacity\" \/>\n\n\n\n<p class=\"has-medium-font-size\">Im \u00dcberblick <\/p>\n\n\n\n<ul class=\"wp-block-list\"><li><strong>Abgabe der Arbeit<\/strong>: 1. Juli 2022 bis 31. Juli 2023<\/li><li><strong>Bewerbungsfrist: <\/strong>15. August 2023<\/li><li><strong>Preisverleihung<\/strong>: 1. Dezember 2023<\/li><li><strong>Informationen:<\/strong> Flyer auf <a rel=\"noreferrer noopener\" href=\"https:\/\/efas.htw-berlin.de\/wp-content\/uploads\/efas_preis_d.pdf\" target=\"_blank\">Deutsch <\/a>und auf <a rel=\"noreferrer noopener\" href=\"https:\/\/efas.htw-berlin.de\/wp-content\/uploads\/efas_preis_en.pdf\" target=\"_blank\">Englisch<\/a><\/li><\/ul>\n\n\n\n<hr class=\"wp-block-separator has-alpha-channel-opacity\" \/>\n\n\n\n<p class=\"has-medium-font-size\">Kontakt<\/p>\n\n\n\n<ul class=\"wp-block-list\"><li><strong><strong><em>efas<\/em>-Gesch\u00e4ftsstelle<\/strong><\/strong><\/li><li><strong>Telefon:<\/strong> 030 5019-2412 oder 030 5019-2405<\/li><li><strong>E-Mail:<\/strong> <a href=\"mailto:efas-netzwerk@htw-berlin.de\">efas-netzwerk@htw-berlin.de<\/a><\/li><\/ul>\n\n\n\n<hr class=\"wp-block-separator has-alpha-channel-opacity\" \/>\n","protected":false},"excerpt":{"rendered":"<p>Bewerbungsfrist: 15. August 2023 \u2013 Das \u00d6konominnen-Netzwerk efas der Hochschule f\u00fcr Technik und Wirtschaft Berlin (HTW) verleiht f\u00fcr herausragende Abschlussarbeiten den efas-Nachwuchsf\u00f6rderpreis 2023. Bewerben k\u00f6nnen sich Wirtschaftswissenschaftlerinnen mit einer thematischen Ausrichtung auf Frauen- und Geschlechterforschung.<\/p>\n","protected":false},"author":7742,"featured_media":6593,"comment_status":"open","ping_status":"open","sticky":false,"template":"","format":"standard","meta":{"footnotes":""},"categories":[428608],"tags":[301208,57446,437124,303556,437420],"class_list":["post-6579","post","type-post","status-publish","format-standard","has-post-thumbnail","hentry","category-informiert","tag-frauenfoerderung","tag-geschlechterforschung","tag-wissenschaftlerinnen","tag-intersektionalitaet","tag-studentinnen"],"_links":{"self":[{"href":"https:\/\/blogs.fu-berlin.de\/frauenbeauftragte\/wp-json\/wp\/v2\/posts\/6579","targetHints":{"allow":["GET"]}}],"collection":[{"href":"https:\/\/blogs.fu-berlin.de\/frauenbeauftragte\/wp-json\/wp\/v2\/posts"}],"about":[{"href":"https:\/\/blogs.fu-berlin.de\/frauenbeauftragte\/wp-json\/wp\/v2\/types\/post"}],"author":[{"embeddable":true,"href":"https:\/\/blogs.fu-berlin.de\/frauenbeauftragte\/wp-json\/wp\/v2\/users\/7742"}],"replies":[{"embeddable":true,"href":"https:\/\/blogs.fu-berlin.de\/frauenbeauftragte\/wp-json\/wp\/v2\/comments?post=6579"}],"version-history":[{"count":31,"href":"https:\/\/blogs.fu-berlin.de\/frauenbeauftragte\/wp-json\/wp\/v2\/posts\/6579\/revisions"}],"predecessor-version":[{"id":6806,"href":"https:\/\/blogs.fu-berlin.de\/frauenbeauftragte\/wp-json\/wp\/v2\/posts\/6579\/revisions\/6806"}],"wp:featuredmedia":[{"embeddable":true,"href":"https:\/\/blogs.fu-berlin.de\/frauenbeauftragte\/wp-json\/wp\/v2\/media\/6593"}],"wp:attachment":[{"href":"https:\/\/blogs.fu-berlin.de\/frauenbeauftragte\/wp-json\/wp\/v2\/media?parent=6579"}],"wp:term":[{"taxonomy":"category","embeddable":true,"href":"https:\/\/blogs.fu-berlin.de\/frauenbeauftragte\/wp-json\/wp\/v2\/categories?post=6579"},{"taxonomy":"post_tag","embeddable":true,"href":"https:\/\/blogs.fu-berlin.de\/frauenbeauftragte\/wp-json\/wp\/v2\/tags?post=6579"}],"curies":[{"name":"wp","href":"https:\/\/api.w.org\/{rel}","templated":true}]}}