{"id":6606,"date":"2023-08-25T11:00:00","date_gmt":"2023-08-25T09:00:00","guid":{"rendered":"https:\/\/blogs.fu-berlin.de\/frauenbeauftragte\/?p=6606"},"modified":"2023-08-25T11:13:20","modified_gmt":"2023-08-25T09:13:20","slug":"geschlechterforschung-im-kino","status":"publish","type":"post","link":"https:\/\/blogs.fu-berlin.de\/frauenbeauftragte\/2023\/08\/25\/geschlechterforschung-im-kino\/","title":{"rendered":"Geschlechterforschung im Kino"},"content":{"rendered":"\n<div class=\"wp-block-media-text alignwide is-stacked-on-mobile\"><figure class=\"wp-block-media-text__media\"><img loading=\"lazy\" decoding=\"async\" width=\"1024\" height=\"683\" src=\"https:\/\/blogs.fu-berlin.de\/frauenbeauftragte\/files\/2023\/08\/FemWTF_Auma_3zu2-1024x683.jpg\" alt=\"\" class=\"wp-image-6638 size-full\" srcset=\"https:\/\/blogs.fu-berlin.de\/frauenbeauftragte\/files\/2023\/08\/FemWTF_Auma_3zu2-1024x683.jpg 1024w, https:\/\/blogs.fu-berlin.de\/frauenbeauftragte\/files\/2023\/08\/FemWTF_Auma_3zu2-300x200.jpg 300w, https:\/\/blogs.fu-berlin.de\/frauenbeauftragte\/files\/2023\/08\/FemWTF_Auma_3zu2-768x512.jpg 768w, https:\/\/blogs.fu-berlin.de\/frauenbeauftragte\/files\/2023\/08\/FemWTF_Auma_3zu2-1536x1024.jpg 1536w, https:\/\/blogs.fu-berlin.de\/frauenbeauftragte\/files\/2023\/08\/FemWTF_Auma_3zu2-2048x1365.jpg 2048w, https:\/\/blogs.fu-berlin.de\/frauenbeauftragte\/files\/2023\/08\/FemWTF_Auma_3zu2-1200x800.jpg 1200w\" sizes=\"auto, (max-width: 709px) 85vw, (max-width: 909px) 67vw, (max-width: 1362px) 62vw, 840px\" \/><\/figure><div class=\"wp-block-media-text__content\">\n<p><strong>Filmstart: 7. September 2023<\/strong> <strong>\u2013<\/strong> Die Dokumentation <a rel=\"noreferrer noopener\" href=\"https:\/\/www.geyrhalterfilm.com\/feminism_wtf\" target=\"_blank\">FEMINISM WTF<\/a> kommt in die deutschen Kinos. Darin beleuchten Geschlechterforscher*innen und weitere queer-feministische Expert*innen aktuelle Debatten wie intersektionalen Feminismus, Machtverh\u00e4ltnisse, unbezahlte Carearbeit und Klimaaktivismus aus natur- und sozialwissenschaftlichen Perspektiven. <\/p>\n\n\n\n<!--more-->\n<\/div><\/div>\n\n\n\n<p class=\"has-medium-font-size\">&#8222;Mit Feminismus die Welt retten&#8220; <\/p>\n\n\n\n<p>Wie das gehen kann, will die \u00f6sterreichische Regisseurin Katharina M\u00fcckstein mit ihrem Dokumentarfilm FEMINISM WTF (2022) zeigen. Darin befragt sie Expert*innen aus Politik-, Sozial- und Naturwissenschaften, M\u00e4nnlichkeitsforschung, Gender Studies sowie Queer und Trans Studies zum &#8222;Reizthema Feminismus&#8220; und f\u00e4chert so auch die Bandbreite der deutschsprachigen Geschlechterforschung auf. <\/p>\n\n\n\n<p>Die Filmemacherin, selbst Absolventin der Gender Studies, interessiert, wie jede*r einzelne dazu beitragen kann, Macht- und Abh\u00e4ngigkeitsverh\u00e4ltnisse aufzubrechen und eine solidarische Gesellschaft herzustellen. Bereits der <a rel=\"noreferrer noopener\" href=\"http:\/\/Der Preis soll durch die mit ihm verbundene \u00f6ffentliche Aufmerksamkeit, finanzielle Unterst\u00fctzung und politische Anerkennung helfen, die feministischen und frauenpolitischen Anliegen der ausgezeichneten Frauen voranzubringen.\" target=\"_blank\">Trailer<\/a> macht deutlich, wie breit und vielschichtig die Perspektiven der Gender Studies sind. &#8222;Warum sprechen wir immer von nur zwei Geschlechtern? Warum m\u00fcssen Frauen* den Gro\u00dfteil der unbezahlten Haus- und Kindererziehungsarbeit machen? Warum sind Kapitalismus und Feminismus ein Widerspruch? Was hat der europ\u00e4ische Kolonialismus mit den heutigen Ideen von sexueller Freiheit und rassistischen Stereotypen zu tun? Wieso brauchen wir Feminismus, um das Klima zu retten? Und warum engagieren sich eigentlich so wenige M\u00e4nner f\u00fcr den Feminismus?&#8220; Mit diesen Fragen umrei\u00dft die <a rel=\"noreferrer noopener\" href=\"https:\/\/mindjazz-pictures.de\/filme\/feminism-wtf\/\" target=\"_blank\">Synopsis<\/a> des Films die vielf\u00e4ltigen Debatten, die FEMINISM WTF thematisiert.<\/p>\n\n\n\n<p>Im Wechsel mit den Statements der Expert*innen arbeitet die Dokumentation auch mit \u00e4sthetischen Elementen. Tanz- und Performance-Sequenzen spielen mit g\u00e4ngigen Vorstellungen von K\u00f6rper, Geschlecht und Feminismus und bieten so einen anschaulichen Zugang zum Themenfeld, den das bisherige Publikum zu sch\u00e4tzen wusste: FEMINISM WTF wurde 2023 mit dem Publikumspreis des Festivals des \u00f6sterreichischen Films DIAGONALE ausgezeichnet und f\u00fcr den ROMY Branchenpreis als bester Dokumentarfilm Kino nominiert. <\/p>\n\n\n\n<p class=\"has-medium-font-size\">Starring: Maisha M. Auma, erste Audre-Lorde-Gastprofessorin der BUA<\/p>\n\n\n\n<p>Als eine Expertin tritt in dem Film die Erziehungswissenschaftlerin und Geschlechterforscherin Prof. Dr. Maisha M. Auma auf. Sie ist Inhaberin der <a rel=\"noreferrer noopener\" href=\"https:\/\/www.berlin-university-alliance.de\/commitments\/diversity\/audre-lorde\/auma\/index.html\" target=\"_blank\">ersten Audre-Lorde-Gastprofessur<\/a> der Berlin University Alliance (BUA). Zu ihren Forschungsschwerpunkten z\u00e4hlen Diversit\u00e4t, Rassismuskritik, Dekolonialit\u00e4t und Intersektionalit\u00e4t. Auma hatte 2021\/22 die erste Gastprofessur f\u00fcr intersektionale Diversit\u00e4tsforschung inne, die das Diversit\u00e4ts-Netzwerk DiGENet des Berliner Exzellenzverbundes ins Leben rief. <\/p>\n\n\n\n<p>Das disziplin\u00e4re Spektrum, das FEMINISM WTF beleuchtet, veranschaulicht die Liste der beteiligten Protagonist*innen und ihrer fachlichen Hintergr\u00fcnde:<\/p>\n\n\n\n<ul class=\"wp-block-list\"><li>Prof. Dr. Maisha M. Auma, Erziehungswissenschaftlerin<\/li><li>Dr. Persson Perry Baumgartinger, Sprachwissenschaftler<\/li><li>Dr. Astrid Biele Mefebue, Sozialwissenschaftlerin<\/li><li>Prof. Dr. Nikita Dhawan, Politikwissenschaftlerin<\/li><li>Christoph May, M\u00e4nnerforscher<\/li><li>Dr. Franziska Schutzbach, Soziologin und Geschlechterforscherin<\/li><li>Dr. habil Sigrid Schmitz, Biologin und Wissenschaftshistorikerin<\/li><li>Rona Torenz, Philosophin, Geschlechter- und Sexualwissenschaftlerin<\/li><li>Prof. Dr. Paula-Irene Villa Braslavsky, Soziologin<\/li><li>Dr. Laura Wiesb\u00f6ck, Soziologin<\/li><li>Emilene Wopana Mudimu, Sozialp\u00e4dagogin, rassismuskritische Bildungsreferentin, Spoken Word K\u00fcnstlerin<\/li><\/ul>\n\n\n\n<p class=\"has-medium-font-size\">Geschlechterforschung st\u00e4rken<\/p>\n\n\n\n<p>Die Relevanz der Geschlechterforschung f\u00fcr alle Disziplinen betonte k\u00fcrzlich auch eines der wichtigsten wissenschaftspolitischen Beratungsgremien in Deutschland, der <a rel=\"noreferrer noopener\" href=\"https:\/\/www.wissenschaftsrat.de\/DE\/Ueber-uns\/Wissenschaftsrat\/wissenschaftsrat_node.html\" target=\"_blank\">Wissenschaftsrat<\/a> (WR). In seinen <a rel=\"noreferrer noopener\" href=\"https:\/\/www.wissenschaftsrat.de\/download\/2023\/1385-23.html\" target=\"_blank\">Empfehlungen zur Weiterentwicklung der Geschlechterforschung in Deutschland<\/a> hob er hervor: &#8222;Die Bedeutung der Geschlechterforschung [&#8230;] greift auf alle Bereiche des Lebens aus, in denen Menschen miteinander, aber auch mit den von ihnen gestalteten Umwelten interagieren. Daher betreffen Fragen des Geschlechts und der Geschlechterverh\u00e4ltnisse \u2013 wenn auch in unterschiedlichem Ma\u00dfe und in unterschiedlicher Auspr\u00e4gung \u2013 nahezu alle Wissenschaftsdisziplinen.&#8220; <\/p>\n\n\n\n<p>Das im Juli 2023 ver\u00f6ffentlichte wissenschaftliche Gutachten empfiehlt eine st\u00e4rkere Integration von Geschlechterperspektiven in Forschung und Lehre aller F\u00e4cher, betont die breite fachliche Expertise und Methodenvielfalt der Geschlechterforschung und mahnt Nachholbedarf f\u00fcr Deutschland im internationalen Vergleich an \u2013 insbesondere bei der Implementierung von Gender Studies im MINT-Bereich (Mathematik, Informatik, Naturwissenschaften und Technik) und in der Medizin.<\/p>\n\n\n\n<p class=\"has-medium-font-size\">Geschlechterforschung breit kommunizieren<\/p>\n\n\n\n<p>Das Gutachten geht auch auf politische und gesellschaftliche Debatten zur Geschlechterforschung ein und bezieht entschieden Position gegen Diffamierungen und personenbezogene Angriffe auf Wissenschaftler*innen und Studierende des Forschungsfeldes  \u2013  denen auch Protagonist*innen des Films ausgesetzt waren. Der Wissenschaftsrat sieht es &#8222;als Aufgabe der Wissenschaftsgemeinschaft und als gesamtgesellschaftliche Aufgabe an, sich in dieser Debatte f\u00fcr den Schutz der Wissenschaftsfreiheit und den Schutz der Forschenden und Studierenden zu positionieren&#8220;. Dem Forschungsfeld empfiehlt das Gremium neben einer verst\u00e4rkten Theorie- und Methodendiskussion, &#8222;die Wissenschaftskommunikation zu intensivieren, um die Inhalte der Geschlechterforschung noch besser an eine breite \u00d6ffentlichkeit zu vermitteln&#8220;. FEMINISM WTF und allem voran die mitwirkenden Forscher*innen geben ein anschauliches Beispiel daf\u00fcr, wie das gelingen kann. <\/p>\n\n\n\n<hr class=\"wp-block-separator has-alpha-channel-opacity\" \/>\n\n\n\n<p class=\"has-medium-font-size\">FEMINISM WTF im \u00dcberblick <\/p>\n\n\n\n<ul class=\"wp-block-list\"><li><a rel=\"noreferrer noopener\" href=\"https:\/\/www.youtube.com\/watch?v=oSSa5P-KCXM\" target=\"_blank\">Trailer <\/a><\/li><li>Filmstart in Deutschland: 07. September 2023<\/li><li><a rel=\"noreferrer noopener\" href=\"https:\/\/mindjazz-pictures.de\/filme\/feminism-wtf\/\" target=\"_blank\">Kinotermine und weitere Informationen<\/a> <\/li><\/ul>\n\n\n\n<hr class=\"wp-block-separator has-alpha-channel-opacity\" \/>\n\n\n<div class=\"wp-block-image\">\n<figure class=\"aligncenter size-large\"><img loading=\"lazy\" decoding=\"async\" width=\"724\" height=\"1024\" src=\"https:\/\/blogs.fu-berlin.de\/frauenbeauftragte\/files\/2023\/07\/FWTF_Plakat_web-scaled-1-724x1024.jpg\" alt=\"\" class=\"wp-image-6611\" srcset=\"https:\/\/blogs.fu-berlin.de\/frauenbeauftragte\/files\/2023\/07\/FWTF_Plakat_web-scaled-1-724x1024.jpg 724w, https:\/\/blogs.fu-berlin.de\/frauenbeauftragte\/files\/2023\/07\/FWTF_Plakat_web-scaled-1-212x300.jpg 212w, https:\/\/blogs.fu-berlin.de\/frauenbeauftragte\/files\/2023\/07\/FWTF_Plakat_web-scaled-1-768x1086.jpg 768w, https:\/\/blogs.fu-berlin.de\/frauenbeauftragte\/files\/2023\/07\/FWTF_Plakat_web-scaled-1-1086x1536.jpg 1086w, https:\/\/blogs.fu-berlin.de\/frauenbeauftragte\/files\/2023\/07\/FWTF_Plakat_web-scaled-1-1448x2048.jpg 1448w, https:\/\/blogs.fu-berlin.de\/frauenbeauftragte\/files\/2023\/07\/FWTF_Plakat_web-scaled-1-1200x1697.jpg 1200w, https:\/\/blogs.fu-berlin.de\/frauenbeauftragte\/files\/2023\/07\/FWTF_Plakat_web-scaled-1.jpg 1810w\" sizes=\"auto, (max-width: 709px) 85vw, (max-width: 909px) 67vw, (max-width: 984px) 61vw, (max-width: 1362px) 45vw, 600px\" \/><\/figure><\/div>\n\n\n<hr class=\"wp-block-separator has-alpha-channel-opacity\" \/>\n","protected":false},"excerpt":{"rendered":"<p>Filmstart: 7. September 2023 \u2013 Die Dokumentation FEMINISM WTF kommt in die deutschen Kinos. Darin beleuchten Geschlechterforscher*innen und weitere queer-feministische Expert*innen aktuelle Debatten wie intersektionalen Feminismus, Machtverh\u00e4ltnisse, unbezahlte Carearbeit und Klimaaktivismus aus natur- und sozialwissenschaftlichen Perspektiven.<\/p>\n","protected":false},"author":7120,"featured_media":6637,"comment_status":"open","ping_status":"open","sticky":false,"template":"","format":"standard","meta":{"footnotes":""},"categories":[428608,603],"tags":[57446,437124],"class_list":["post-6606","post","type-post","status-publish","format-standard","has-post-thumbnail","hentry","category-informiert","category-vorgestellt","tag-geschlechterforschung","tag-wissenschaftlerinnen"],"_links":{"self":[{"href":"https:\/\/blogs.fu-berlin.de\/frauenbeauftragte\/wp-json\/wp\/v2\/posts\/6606","targetHints":{"allow":["GET"]}}],"collection":[{"href":"https:\/\/blogs.fu-berlin.de\/frauenbeauftragte\/wp-json\/wp\/v2\/posts"}],"about":[{"href":"https:\/\/blogs.fu-berlin.de\/frauenbeauftragte\/wp-json\/wp\/v2\/types\/post"}],"author":[{"embeddable":true,"href":"https:\/\/blogs.fu-berlin.de\/frauenbeauftragte\/wp-json\/wp\/v2\/users\/7120"}],"replies":[{"embeddable":true,"href":"https:\/\/blogs.fu-berlin.de\/frauenbeauftragte\/wp-json\/wp\/v2\/comments?post=6606"}],"version-history":[{"count":51,"href":"https:\/\/blogs.fu-berlin.de\/frauenbeauftragte\/wp-json\/wp\/v2\/posts\/6606\/revisions"}],"predecessor-version":[{"id":7546,"href":"https:\/\/blogs.fu-berlin.de\/frauenbeauftragte\/wp-json\/wp\/v2\/posts\/6606\/revisions\/7546"}],"wp:featuredmedia":[{"embeddable":true,"href":"https:\/\/blogs.fu-berlin.de\/frauenbeauftragte\/wp-json\/wp\/v2\/media\/6637"}],"wp:attachment":[{"href":"https:\/\/blogs.fu-berlin.de\/frauenbeauftragte\/wp-json\/wp\/v2\/media?parent=6606"}],"wp:term":[{"taxonomy":"category","embeddable":true,"href":"https:\/\/blogs.fu-berlin.de\/frauenbeauftragte\/wp-json\/wp\/v2\/categories?post=6606"},{"taxonomy":"post_tag","embeddable":true,"href":"https:\/\/blogs.fu-berlin.de\/frauenbeauftragte\/wp-json\/wp\/v2\/tags?post=6606"}],"curies":[{"name":"wp","href":"https:\/\/api.w.org\/{rel}","templated":true}]}}