{"id":6707,"date":"2023-08-17T10:40:23","date_gmt":"2023-08-17T08:40:23","guid":{"rendered":"https:\/\/blogs.fu-berlin.de\/frauenbeauftragte\/?p=6707"},"modified":"2023-08-18T10:44:01","modified_gmt":"2023-08-18T08:44:01","slug":"ausschreibung-anne-klein-frauenpreis-2024","status":"publish","type":"post","link":"https:\/\/blogs.fu-berlin.de\/frauenbeauftragte\/2023\/08\/17\/ausschreibung-anne-klein-frauenpreis-2024\/","title":{"rendered":"Ausschreibung: Anne-Klein-Frauenpreis 2024"},"content":{"rendered":"\n<div class=\"wp-block-media-text alignwide is-stacked-on-mobile\"><figure class=\"wp-block-media-text__media\"><img loading=\"lazy\" decoding=\"async\" width=\"1024\" height=\"682\" src=\"https:\/\/blogs.fu-berlin.de\/frauenbeauftragte\/files\/2023\/08\/akp_preis_3zu2-1024x682.jpg\" alt=\"\" class=\"wp-image-6726 size-full\" srcset=\"https:\/\/blogs.fu-berlin.de\/frauenbeauftragte\/files\/2023\/08\/akp_preis_3zu2-1024x682.jpg 1024w, https:\/\/blogs.fu-berlin.de\/frauenbeauftragte\/files\/2023\/08\/akp_preis_3zu2-300x200.jpg 300w, https:\/\/blogs.fu-berlin.de\/frauenbeauftragte\/files\/2023\/08\/akp_preis_3zu2-768x511.jpg 768w, https:\/\/blogs.fu-berlin.de\/frauenbeauftragte\/files\/2023\/08\/akp_preis_3zu2-1200x799.jpg 1200w, https:\/\/blogs.fu-berlin.de\/frauenbeauftragte\/files\/2023\/08\/akp_preis_3zu2.jpg 1220w\" sizes=\"auto, (max-width: 709px) 85vw, (max-width: 909px) 67vw, (max-width: 1362px) 62vw, 840px\" \/><\/figure><div class=\"wp-block-media-text__content\">\n<p><strong>Nominierungsfrist: 3. September 2023<\/strong> \u2013 Frauen, die sich f\u00fcr Menschenrechte, Gleichberechtigung und sexuelle Selbstbestimmung einsetzen, k\u00f6nnen f\u00fcr den <a rel=\"noreferrer noopener\" href=\"https:\/\/www.boell.de\/de\/2023\/07\/03\/anne-klein-frauenpreis-2024\" target=\"_blank\">Anne-Klein-Frauenpreis 2024<\/a> nominiert werden. Die Heinrich-B\u00f6ll-Stiftung gedenkt mit dieser Ehrung der Rechtsanw\u00e4ltin und Gr\u00fcnen-Politikerin Anne Klein, die sich f\u00fcr Frauenrechte einsetzte.<\/p>\n\n\n\n<!--more-->\n<\/div><\/div>\n\n\n\n<p>J\u00e4hrlich ehrt die Heinrich-B\u00f6ll-Stiftung mit dem Anne-Klein-Preis Frauen, die sich durch herausragendes Engagement f\u00fcr die Verwirklichung von Geschlechterdemokratie weltweit auszeichnen. Die Anw\u00e4rterinnen sollen politisch engagiert und zivilgesellschaftlich vernetzt sein sowie als Vorbilder andere Frauen und M\u00e4dchen zu politischem Handeln ermutigen. Der mit 10.000 Euro dotierte Preis wird seit 2012 an Frauen aus dem In- und Ausland vergeben.<\/p>\n\n\n\n<p>Der Preis soll durch die mit ihm verbundene \u00f6ffentliche Aufmerksamkeit, finanzielle Unterst\u00fctzung und politische Anerkennung helfen, die feministischen und frauenpolitischen Anliegen der ausgezeichneten Frauen voranzubringen.<\/p>\n\n\n\n<p class=\"has-medium-font-size\">Nominierungs- und Vergabekriterien<\/p>\n\n\n\n<p>Kandidatinnen f\u00fcr den Anne-Klein-Frauenpreis 2024 sollen sich als Pionierinnen in ihrem jeweiligen Feld f\u00fcr gesellschaftliche Ver\u00e4nderungen f\u00fcr Frauen und M\u00e4dchen, Zivilcourage und Widerstand ausgezeichnet haben. Dazu geh\u00f6ren insbesondere folgende Bereiche:<\/p>\n\n\n\n<ul class=\"wp-block-list\"><li>Verwirklichung der Geschlechterdemokratie<\/li><li>Beseitigung von Diskriminierung aufgrund des Geschlechts und der geschlechtlichen Identit\u00e4t<\/li><li>Politisches Engagement zur Verwirklichung von Frauen-, Menschen- und Freiheitsrechten<\/li><li>F\u00f6rderung von Frauen und M\u00e4dchen in Wissenschaft und Forschung<\/li><\/ul>\n\n\n\n<p>Vorschlagsberechtigt sind Personen und Initiativen aus dem In- und Ausland. Eigenbewerbungen sowie Nominierungen der Jurymitglieder sind nicht m\u00f6glich. Die Unterlagen sollten eine Vorstellung der Kandidatin und eine Begr\u00fcndung enthalten und maximal drei DIN A4-Seiten umfassen, die auf dem Postweg oder per Email eingereicht werden k\u00f6nnen.<\/p>\n\n\n\n<p class=\"has-medium-font-size\">Jury<\/p>\n\n\n\n<ul class=\"wp-block-list\"><li><a rel=\"noreferrer noopener\" href=\"https:\/\/www.boell.de\/de\/person\/dr-imme-scholz\" target=\"_blank\">Dr. Imme Scholz<\/a> \u2013 Vorstand Heinrich-B\u00f6ll-Stiftung &amp; Juryvorsitzende<\/li><li>Renate K\u00fcnast \u2013 MdB, B\u00fcndnis 90\/Die Gr\u00fcnen<\/li><li><a rel=\"noreferrer noopener\" href=\"https:\/\/www.boell.de\/de\/person\/sylvia-loehrmann\" target=\"_blank\">Sylvia L\u00f6hrmann<\/a> \u2013 Staatsministerin a. D.<\/li><li>Prof. Dr. Michaele Schreyer \u2013 ehem. Vize-Pr\u00e4sidentin des Netzwerks Europ\u00e4ische Bewegung Deutschlands<\/li><li>Jutta Wagner \u2013 Rechtsanw\u00e4ltin &amp; ehemalige Pr\u00e4sidentin des Deutschen Juristinnenbundes<\/li><\/ul>\n\n\n\n<hr class=\"wp-block-separator has-alpha-channel-opacity\" \/>\n\n\n\n<p>Zu den Preistr\u00e4gerinnen der letzten Jahre geh\u00f6ren unter anderem die syrische Juristin, Frauenrechtlerin und Menschenrechtsaktivistin <a rel=\"noreferrer noopener\" href=\"https:\/\/www.boell.de\/de\/anne-klein-frauenpreis-2023-joumana-seif\" target=\"_blank\">Joumana Seif<\/a> (2023), die tunesische Juristin <a rel=\"noreferrer noopener\" href=\"https:\/\/www.boell.de\/de\/anne-klein-frauenpreis-2022-yosra-frawes\" target=\"_blank\">Yosra Frawes<\/a> (2022), die t\u00fcrkische Juristin und Frauenrechtlerin <a rel=\"noreferrer noopener\" href=\"https:\/\/www.boell.de\/de\/anne-klein-frauenpreis-2021-canan-arin\" target=\"_blank\">C\u00e2n\u00e2n Ar\u0131n<\/a> (2021) und die indische Menschenrechtlerin und Frauenaktivistin <a rel=\"noreferrer noopener\" href=\"https:\/\/www.boell.de\/de\/anne-klein-frauenpreis-2020\" target=\"_blank\">Prasanna Gettu<\/a> (2020).<\/p>\n\n\n\n<p>Anne Klein schloss sich 1975 der Berliner Frauenbewegung an. F\u00fcr die Gr\u00fcnen war sie unter anderem als Bundestagsreferentin des Arbeitskreises \u201eFrauen, Antidiskriminierung, Soziales\u201c t\u00e4tig. Als erste feministische Frauensenatorin setzte sie sich in der Berliner Koalition f\u00fcr die St\u00e4rkung von Frauenrechten ein. Mit ihrer Arbeit als Juristin und als offen lesbisch lebende Politikerin leistete sie Pionierarbeit. Im April 2011 erlag sie einem Krebsleiden.<\/p>\n\n\n\n<hr class=\"wp-block-separator has-alpha-channel-opacity\" \/>\n\n\n\n<p class=\"has-medium-font-size\">\u00dcberblick<\/p>\n\n\n\n<ul class=\"wp-block-list\"><li><strong>Einsendeschluss<\/strong>: 3. September 2023<\/li><li><a href=\"https:\/\/crm-gate.boell.de\/crm\/mailing\/mail.php?reset=1&amp;id=4718\" target=\"_blank\" rel=\"noreferrer noopener\"><strong>Informationen<\/strong><\/a> (Deutsch &amp; Englisch)<\/li><li><a href=\"https:\/\/www.boell.de\/de\/navigation\/ehrungen-Nominierungskriterien-Anne-Klein-13610.html\" target=\"_blank\" rel=\"noreferrer noopener\"><strong>Nominierungs- und Vergabekriterien<\/strong><\/a><\/li><li><strong>Preisverleihung:<\/strong> 1. M\u00e4rz 2024 in Berlin<\/li><\/ul>\n\n\n\n<hr class=\"wp-block-separator has-alpha-channel-opacity\" \/>\n\n\n\n<p class=\"has-medium-font-size\">Kontakt<\/p>\n\n\n\n<ul class=\"wp-block-list\"><li><strong>Ulrike Cichon<\/strong> | <strong>Tel.<\/strong>: +49 (0)30 285 34-112<\/li><li><strong>Bewerbungen<\/strong> per <strong>E-Mail<\/strong> an <a rel=\"noreferrer noopener\" href=\"mailto:cichon@boell.de\" target=\"_blank\">cichon@boell.de<\/a> oder per <strong>Post<\/strong> an Heinrich-B\u00f6ll-Stiftung, Anne-Klein-Frauenpreis, Schumannstr. 8, 10117 Berlin<\/li><\/ul>\n","protected":false},"excerpt":{"rendered":"<p>Nominierungsfrist: 3. September 2023 \u2013 Frauen, die sich f\u00fcr Menschenrechte, Gleichberechtigung und sexuelle Selbstbestimmung einsetzen, k\u00f6nnen f\u00fcr den Anne-Klein-Frauenpreis 2024 nominiert werden. Die Heinrich-B\u00f6ll-Stiftung gedenkt mit dieser Ehrung der Rechtsanw\u00e4ltin und Gr\u00fcnen-Politikerin Anne Klein, die sich f\u00fcr Frauenrechte einsetzte.<\/p>\n","protected":false},"author":7742,"featured_media":6727,"comment_status":"open","ping_status":"open","sticky":false,"template":"","format":"standard","meta":{"footnotes":""},"categories":[428608],"tags":[301208,433454,188190],"class_list":["post-6707","post","type-post","status-publish","format-standard","has-post-thumbnail","hentry","category-informiert","tag-frauenfoerderung","tag-gleichstellungspolitik","tag-internationalisierung"],"_links":{"self":[{"href":"https:\/\/blogs.fu-berlin.de\/frauenbeauftragte\/wp-json\/wp\/v2\/posts\/6707","targetHints":{"allow":["GET"]}}],"collection":[{"href":"https:\/\/blogs.fu-berlin.de\/frauenbeauftragte\/wp-json\/wp\/v2\/posts"}],"about":[{"href":"https:\/\/blogs.fu-berlin.de\/frauenbeauftragte\/wp-json\/wp\/v2\/types\/post"}],"author":[{"embeddable":true,"href":"https:\/\/blogs.fu-berlin.de\/frauenbeauftragte\/wp-json\/wp\/v2\/users\/7742"}],"replies":[{"embeddable":true,"href":"https:\/\/blogs.fu-berlin.de\/frauenbeauftragte\/wp-json\/wp\/v2\/comments?post=6707"}],"version-history":[{"count":25,"href":"https:\/\/blogs.fu-berlin.de\/frauenbeauftragte\/wp-json\/wp\/v2\/posts\/6707\/revisions"}],"predecessor-version":[{"id":10786,"href":"https:\/\/blogs.fu-berlin.de\/frauenbeauftragte\/wp-json\/wp\/v2\/posts\/6707\/revisions\/10786"}],"wp:featuredmedia":[{"embeddable":true,"href":"https:\/\/blogs.fu-berlin.de\/frauenbeauftragte\/wp-json\/wp\/v2\/media\/6727"}],"wp:attachment":[{"href":"https:\/\/blogs.fu-berlin.de\/frauenbeauftragte\/wp-json\/wp\/v2\/media?parent=6707"}],"wp:term":[{"taxonomy":"category","embeddable":true,"href":"https:\/\/blogs.fu-berlin.de\/frauenbeauftragte\/wp-json\/wp\/v2\/categories?post=6707"},{"taxonomy":"post_tag","embeddable":true,"href":"https:\/\/blogs.fu-berlin.de\/frauenbeauftragte\/wp-json\/wp\/v2\/tags?post=6707"}],"curies":[{"name":"wp","href":"https:\/\/api.w.org\/{rel}","templated":true}]}}