{"id":6822,"date":"2023-10-06T11:19:43","date_gmt":"2023-10-06T09:19:43","guid":{"rendered":"https:\/\/blogs.fu-berlin.de\/frauenbeauftragte\/?p=6822"},"modified":"2023-10-06T15:27:09","modified_gmt":"2023-10-06T13:27:09","slug":"offener-hoersaal-warum-mint-vielfalt-braucht","status":"publish","type":"post","link":"https:\/\/blogs.fu-berlin.de\/frauenbeauftragte\/2023\/10\/06\/offener-hoersaal-warum-mint-vielfalt-braucht\/","title":{"rendered":"Offener H\u00f6rsaal: Warum MINT Vielfalt braucht"},"content":{"rendered":"\n<div class=\"wp-block-media-text alignwide is-stacked-on-mobile\"><figure class=\"wp-block-media-text__media\"><img loading=\"lazy\" decoding=\"async\" width=\"510\" height=\"340\" src=\"https:\/\/blogs.fu-berlin.de\/frauenbeauftragte\/files\/2023\/10\/FU-Offener-Hoersaal-Logo_40.jpg\" alt=\"\" class=\"wp-image-7039 size-full\" srcset=\"https:\/\/blogs.fu-berlin.de\/frauenbeauftragte\/files\/2023\/10\/FU-Offener-Hoersaal-Logo_40.jpg 510w, https:\/\/blogs.fu-berlin.de\/frauenbeauftragte\/files\/2023\/10\/FU-Offener-Hoersaal-Logo_40-300x200.jpg 300w\" sizes=\"auto, (max-width: 510px) 85vw, 510px\" \/><\/figure><div class=\"wp-block-media-text__content\">\n<p><strong>Ringvorlesung, 20.10.2023 bis 15.02.2024 \u2013<\/strong> Dieses Wintersemester bietet der Offene H\u00f6rsaal einem breiten Publikum Einblicke in die Gender- und Diversityforschung in MINT. Die \u00f6ffentliche Vorlesungsreihe &#8222;<a rel=\"noreferrer noopener\" href=\"https:\/\/www.fu-berlin.de\/sites\/offenerhoersaal\/wise-23-24-vielfalt\/index.html\" target=\"_blank\">Vielfalt schafft Wissenschaft \u2013 Wissenschaft schafft Vielfalt<\/a>&#8220; beleuchtet  vielfaltsorientierte mathematisch-naturwissenschaftliche Perspektiven auf aktuelle gesellschaftliche Herausforderungen.<\/p>\n\n\n\n<!--more-->\n<\/div><\/div>\n\n\n\n<p>Mathematik, Informatik, Naturwissenschaften und Technik \u2013 was haben diese F\u00e4cher mit Geschlecht und Diversit\u00e4t zu tun? <\/p>\n\n\n\n<p class=\"has-medium-font-size\">MINT: keine &#8218;cultures of no culture&#8216;<\/p>\n\n\n\n<p>Vielen erscheinen die MINT-F\u00e4cher objektiv und \u00fcberzeitlich, unabh\u00e4ngig von gesellschaftlichen Machtverh\u00e4ltnissen und historischen Rahmenbedingungen. Die Gender- und Diversityforschung in MINT hingegen verweist darauf, dass jedes wissenschaftliche Wissen, also auch das mathematisch-naturwissenschaftliche, in einem engen Wechselverh\u00e4ltnis mit der Gesellschaft steht. Die MINT-F\u00e4cher sind daher keinswegs \u201ecultures of no culture\u201c, also Wissenschaften frei von historisch-soziokulturellen Aspekten. Was folgt daraus f\u00fcr die Wissenschaft, f\u00fcr die Fragen, die sie erforscht, und f\u00fcr den Transfer ihrer Erkenntnisse in die Gesellschaft, z.B. f\u00fcr die Entwicklung von Technologien wie K\u00fcnstliche Intelligenz?<\/p>\n\n\n\n<p class=\"has-medium-font-size\">Vielfalt mehrdimensional im Blick<\/p>\n\n\n\n<p>Ab 20. Oktober l\u00e4dt der <a rel=\"noreferrer noopener\" href=\"https:\/\/www.fu-berlin.de\/sites\/offenerhoersaal\/index.html\" target=\"_blank\">Offene H\u00f6rsaal<\/a> der Freien Universit\u00e4t ein breites Publikum dazu ein, sich mit vielfaltsorientierten Perspektiven in MINT auseinanderzusetzen. &#8222;Vielfalt schafft Wissenschaft \u2013 Wissenschaft schafft Vielfalt. Gesellschaftliche Herausforderungen im Blick der Gender- und Diversityforschung in MINT&#8220;, so lautet der vollst\u00e4ndige Titel der Vortragsreihe. Vielfalt in MINT wird dabei aus drei unterschiedlichen Blickwinkeln beleuchtet: Vielfalt in Scientific Communities, Fachkulturen und Bildung, Vielfalt in der Erzeugung und Kanonisierung von wissenschaftlichem Wissen sowie Vielfalt im Transfer zwischen Wissenschaft und Gesellschaft. <\/p>\n\n\n\n<p class=\"has-medium-font-size\">Interdisziplin\u00e4res Format, im H\u00f6rsaal und im Livestream<\/p>\n\n\n\n<p>Die interdisziplin\u00e4re Vorlesungsreihe haben Wissenschaftlerinnen und Gleichstellungsakteurinnen der Fachbereiche Physik, Biologie\/Chemie\/Pharmazie sowie Mathematik und Informatik gemeinsam konzipiert. Wissenschaftler*innen aus dem In- und Ausland pr\u00e4sentieren in dreizehn Vortr\u00e4gen und einer abschlie\u00dfenden Podiumsdiskussion w\u00f6chentlich, donnerstags ab 16 Uhr, Analysen und Ergebnisse ihrer Forschung. Alle Veranstaltungen werden auch im Livestream \u00fcbertragen.<\/p>\n\n\n\n<p>Den Auftakt macht am 20. Oktober (Freitag) mit Londa Schiebinger eine international renommierte Wissenschaftshistorikerin, der f\u00fcr ihre Arbeit zu Geschlecht in Wissenschaft und Technologie bereits Ende der 1990er Jahre der Humboldt-Forschungspreis der Alexander-von-Humboldt-Stiftung verliehen wurde.<\/p>\n\n\n\n<hr class=\"wp-block-separator has-alpha-channel-opacity\" \/>\n\n\n\n<p class=\"has-medium-font-size\">Programm<\/p>\n\n\n\n<ul class=\"wp-block-list\"><li>20.10.2023 (Freitag) <strong>Gendered Innovations: Enhancing Excellence in Science &amp; Technology<\/strong><br><a rel=\"noreferrer noopener\" href=\"https:\/\/hps.stanford.edu\/people\/londa-schiebinger\" data-type=\"URL\" data-id=\"https:\/\/hps.stanford.edu\/people\/londa-schiebinger\" target=\"_blank\">Prof. Dr. Londa Schiebinger<\/a><\/li><\/ul>\n\n\n\n<ul class=\"wp-block-list\"><li>26.10.2023 <strong>Intersektionale Geschlechterforschung zur K\u00fcnstlichen Intelligenz: Geschichte der KI \u2013 gegenw\u00e4rtige Diskriminierungen \u2013 leb- und w\u00fcnschbare Zuk\u00fcnfte<\/strong><br><a rel=\"noreferrer noopener\" href=\"https:\/\/www.tu-braunschweig.de\/gtm\/mitarbeiter\/bath\" data-type=\"URL\" data-id=\"https:\/\/www.tu-braunschweig.de\/gtm\/mitarbeiter\/bath\" target=\"_blank\">Dr. Dr. h.c. Corinna Bath <\/a><\/li><\/ul>\n\n\n\n<ul class=\"wp-block-list\"><li>02.11.2023 <strong>Biologische Verk\u00f6rperungen sozialer Differenz \u2013 Intersektionalit\u00e4tsforschung in den Lebenswissenschaften<\/strong><br><a rel=\"noreferrer noopener\" href=\"https:\/\/www.geschichte.hu-berlin.de\/de\/bereiche-und-lehrstuehle\/gender_science\/personen\/kerstinpalm\" data-type=\"URL\" data-id=\"https:\/\/www.geschichte.hu-berlin.de\/de\/bereiche-und-lehrstuehle\/gender_science\/personen\/kerstinpalm\" target=\"_blank\">Prof. Dr. Kerstin Palm<\/a> <\/li><\/ul>\n\n\n\n<ul class=\"wp-block-list\"><li>16.11.2023  <strong>What\u2019s wrong with Me? Diversity and Discrimination in Science<\/strong><br><a rel=\"noreferrer noopener\" href=\"https:\/\/www.wisecology.net\/speakers\/pauline-gagnon\/\" data-type=\"URL\" data-id=\"https:\/\/www.wisecology.net\/speakers\/pauline-gagnon\/\" target=\"_blank\">Dr. Pauline Gagnon<\/a><\/li><\/ul>\n\n\n\n<ul class=\"wp-block-list\"><li>23.11.2023 <strong>Postkoloniale Perspektiven in der naturwissenschaftlichen Bildung<\/strong><br><a rel=\"noreferrer noopener\" href=\"https:\/\/www.ph-ludwigsburg.de\/fakultaet-2\/institut-fuer-chemie-physik-und-technik\/chemie\/dr-phil-lilith-rueschenpoehler\" data-type=\"URL\" data-id=\"https:\/\/www.ph-ludwigsburg.de\/fakultaet-2\/institut-fuer-chemie-physik-und-technik\/chemie\/dr-phil-lilith-rueschenpoehler\" target=\"_blank\">Dr. Lilith R\u00fcschenp\u00f6hler<\/a><\/li><\/ul>\n\n\n\n<ul class=\"wp-block-list\"><li>30.11.2023 <strong>\u201eTo Weak Discouraged Men\u201d: Gendering Radium in the Early 20th Century US<\/strong><br><a rel=\"noreferrer noopener\" href=\"https:\/\/www.fau.de\/fau\/leitung-und-gremien\/leitung\/prof-dr-maria-rentetzi-sonderbeauftragte-fuer-internationalisierung\/\" data-type=\"URL\" data-id=\"https:\/\/www.fau.de\/fau\/leitung-und-gremien\/leitung\/prof-dr-maria-rentetzi-sonderbeauftragte-fuer-internationalisierung\/\" target=\"_blank\">Prof. Dr. Maria Rentetzi<\/a><\/li><\/ul>\n\n\n\n<ul class=\"wp-block-list\"><li>07.12.2023 <strong>Intersectional Issues of Astrophysicists<\/strong><\/li><li><a rel=\"noreferrer noopener\" href=\"https:\/\/www.sps.ed.ac.uk\/staff\/jarita-holbrook\" target=\"_blank\">Prof. Dr. Jarita Holbrook<\/a><\/li><\/ul>\n\n\n\n<ul class=\"wp-block-list\"><li>14.12.2023 <strong>Diversity-Diskurse in den MINT-F\u00e4chern<\/strong> <strong>und -Fachbereichen<\/strong><br><a rel=\"noreferrer noopener\" href=\"https:\/\/www.concordia.ca\/faculty\/tanja-tajmel.html\" data-type=\"URL\" data-id=\"https:\/\/www.concordia.ca\/faculty\/tanja-tajmel.html\" target=\"_blank\">Prof. Dr. Tanja Tajmel<\/a><\/li><\/ul>\n\n\n\n<ul class=\"wp-block-list\"><li>11.01.2024  <strong>Vielfalt, Varianz und Prototypen. Diversit\u00e4t aus der Perspektive des Biologieunterrichts <\/strong><br><a rel=\"noreferrer noopener\" href=\"https:\/\/www.uni-regensburg.de\/biologie-vorklinische-medizin\/didaktik-biologie\/mitarbeiter\/prof-dr-arne-dittmer\/index.html\" data-type=\"URL\" data-id=\"https:\/\/www.uni-regensburg.de\/biologie-vorklinische-medizin\/didaktik-biologie\/mitarbeiter\/prof-dr-arne-dittmer\/index.html\" target=\"_blank\">Prof. Dr. Arne Dittmer<\/a><\/li><\/ul>\n\n\n\n<ul class=\"wp-block-list\"><li>18.01.2024  <strong>Feministische Perspektiven auf die HighTech-Bio\u00f6konomie<\/strong><br><a rel=\"noreferrer noopener\" href=\"https:\/\/www.agrar.hu-berlin.de\/de\/institut\/departments\/daoe\/apol\/mitarbeiter\/sh\/1\" data-type=\"URL\" data-id=\"https:\/\/www.agrar.hu-berlin.de\/de\/institut\/departments\/daoe\/apol\/mitarbeiter\/sh\/1\" target=\"_blank\">Dr. Sarah Hackfort<\/a><\/li><\/ul>\n\n\n\n<ul class=\"wp-block-list\"><li>25.01.2024 <strong>Does gender still matter? Perspektiven von Gatekeeper*innen und Nachwuchswissenschaftler*innen eines mathematischen Exzellenzclusters auf wissenschaftliche Karrieren<\/strong><br><a rel=\"noreferrer noopener\" href=\"https:\/\/www.mi.fu-berlin.de\/math\/groups\/genderstudies\/members_NEU\/anna_ransiek.html\" data-type=\"URL\" data-id=\"https:\/\/www.mi.fu-berlin.de\/math\/groups\/genderstudies\/members_NEU\/anna_ransiek.html\" target=\"_blank\">Dr. Anna Ransiek<\/a><\/li><\/ul>\n\n\n\n<ul class=\"wp-block-list\"><li>01.02.2024 <strong>Auf dem Weg zu einer gender- und differenzreflexiven Didaktik der Informatik<\/strong><br><a rel=\"noreferrer noopener\" href=\"https:\/\/www.abpaed.tu-darmstadt.de\/schulpaedagogik\/arbeitsbereich_sp\/personen_sp\/personen_sp_detail_25152.de.jsp\" data-type=\"URL\" data-id=\"https:\/\/www.abpaed.tu-darmstadt.de\/schulpaedagogik\/arbeitsbereich_sp\/personen_sp\/personen_sp_detail_25152.de.jsp\" target=\"_blank\">Dr. Florian C. Klenk<\/a><\/li><\/ul>\n\n\n\n<ul class=\"wp-block-list\"><li>08.02.2024  <strong>Mathe f\u00fcr Viele \u2013 Einblicke in die Gender- und Diversityforschung in Mathematik aus Perspektive der Fachdidaktik<\/strong><br><a rel=\"noreferrer noopener\" href=\"https:\/\/fddm.uni-paderborn.de\/personen\/details\/78771\" data-type=\"URL\" data-id=\"https:\/\/fddm.uni-paderborn.de\/personen\/details\/78771\" target=\"_blank\">Lara Gildehaus<\/a><\/li><\/ul>\n\n\n\n<ul class=\"wp-block-list\"><li>15.02.2024 <strong>Vielfalt schafft Wissenschaft \u2013 Wissenschaft schafft Vielfalt. Wie weiter?<\/strong> <br>Podiumsdiskussion<\/li><\/ul>\n\n\n\n<hr class=\"wp-block-separator has-alpha-channel-opacity\" \/>\n\n\n\n<p class=\"has-medium-font-size\">Im \u00dcberblick<\/p>\n\n\n\n<ul class=\"wp-block-list\"><li><strong>Ringvorlesung &#8222;Vielfalt schafft Wissenschaft \u2013 Wissenschaft schafft Vielfalt&#8220;:<\/strong> <a rel=\"noreferrer noopener\" href=\"https:\/\/www.fu-berlin.de\/sites\/offenerhoersaal\/wise-23-24-vielfalt\/index.html\" target=\"_blank\">Weitere Informationen<\/a><\/li><li><strong>Zeit:<\/strong> Donnerstags, 16:15 \u2013 17:45 Uhr; <strong>Ausnahme Auftaktveranstaltung<\/strong>: Freitag, 20.10.2023, 16.15 \u2013 17.45 Uhr<\/li><li><strong>Eintritt frei<\/strong><\/li><li><strong>Ort:<\/strong> Freie Universit\u00e4t Berlin, Fachbereich Chemie, Biologie und Pharmazie, Arnimallee 22, 14195 Berlin, H\u00f6rsaal B; <strong>Ausnahme Auftaktveranstaltung <\/strong> (20.10.2023, Vortrag von Prof. Dr. Londa Schiebinger): Habelschwerdter Allee 45 (Rost- und Silberlaube), H\u00f6rsaal 1B<\/li><li><strong><a rel=\"noreferrer noopener\" href=\"https:\/\/www.fu-berlin.de\/sites\/offenerhoersaal\/wise-23-24-vielfalt\/livestream\/index.html\" target=\"_blank\">Livestream<\/a><\/strong><\/li><li><strong>Konzeption:<\/strong> Prof. Dr. Martina Erlemann, Dr. Tanja Kubes, FB Physik; Prof. Dr. Petra Lucht, Dr. Sarah Huch, FB Biologie\/Chemie\/Pharmazie; Dr. Anina Mischau, Sera-Ren\u00e9e Zentiks, FB Mathematik\/Informatik<\/li><li><strong>Kontakt:<\/strong> <a rel=\"noreferrer noopener\" href=\"https:\/\/www.physik.fu-berlin.de\/einrichtungen\/ag\/ag-erlemann\" target=\"_blank\">Prof. Dr. Martina Erlemann, FB Physik, Research Group of Gender &amp; Science Studies in Physics<\/a>, E-Mail (Sekretariat Angelin See): <a rel=\"noreferrer noopener\" href=\"mailto:a.see@fu-berlin.de\" target=\"_blank\">a.see@fu-berlin.de<\/a> <\/li><\/ul>\n\n\n\n<hr class=\"wp-block-separator has-alpha-channel-opacity\" \/>\n","protected":false},"excerpt":{"rendered":"<p>Ringvorlesung, 20.10.2023 bis 15.02.2024 \u2013 Dieses Wintersemester bietet der Offene H\u00f6rsaal einem breiten Publikum Einblicke in die Gender- und Diversityforschung in MINT. Die \u00f6ffentliche Vorlesungsreihe &#8222;Vielfalt schafft Wissenschaft \u2013 Wissenschaft schafft Vielfalt&#8220; beleuchtet vielfaltsorientierte mathematisch-naturwissenschaftliche Perspektiven auf aktuelle gesellschaftliche Herausforderungen.<\/p>\n","protected":false},"author":7742,"featured_media":7040,"comment_status":"open","ping_status":"open","sticky":false,"template":"","format":"standard","meta":{"footnotes":""},"categories":[428608],"tags":[423731,305170,57446],"class_list":["post-6822","post","type-post","status-publish","format-standard","has-post-thumbnail","hentry","category-informiert","tag-mintoring","tag-diversity","tag-geschlechterforschung"],"_links":{"self":[{"href":"https:\/\/blogs.fu-berlin.de\/frauenbeauftragte\/wp-json\/wp\/v2\/posts\/6822","targetHints":{"allow":["GET"]}}],"collection":[{"href":"https:\/\/blogs.fu-berlin.de\/frauenbeauftragte\/wp-json\/wp\/v2\/posts"}],"about":[{"href":"https:\/\/blogs.fu-berlin.de\/frauenbeauftragte\/wp-json\/wp\/v2\/types\/post"}],"author":[{"embeddable":true,"href":"https:\/\/blogs.fu-berlin.de\/frauenbeauftragte\/wp-json\/wp\/v2\/users\/7742"}],"replies":[{"embeddable":true,"href":"https:\/\/blogs.fu-berlin.de\/frauenbeauftragte\/wp-json\/wp\/v2\/comments?post=6822"}],"version-history":[{"count":64,"href":"https:\/\/blogs.fu-berlin.de\/frauenbeauftragte\/wp-json\/wp\/v2\/posts\/6822\/revisions"}],"predecessor-version":[{"id":7047,"href":"https:\/\/blogs.fu-berlin.de\/frauenbeauftragte\/wp-json\/wp\/v2\/posts\/6822\/revisions\/7047"}],"wp:featuredmedia":[{"embeddable":true,"href":"https:\/\/blogs.fu-berlin.de\/frauenbeauftragte\/wp-json\/wp\/v2\/media\/7040"}],"wp:attachment":[{"href":"https:\/\/blogs.fu-berlin.de\/frauenbeauftragte\/wp-json\/wp\/v2\/media?parent=6822"}],"wp:term":[{"taxonomy":"category","embeddable":true,"href":"https:\/\/blogs.fu-berlin.de\/frauenbeauftragte\/wp-json\/wp\/v2\/categories?post=6822"},{"taxonomy":"post_tag","embeddable":true,"href":"https:\/\/blogs.fu-berlin.de\/frauenbeauftragte\/wp-json\/wp\/v2\/tags?post=6822"}],"curies":[{"name":"wp","href":"https:\/\/api.w.org\/{rel}","templated":true}]}}