{"id":6852,"date":"2023-09-15T15:20:03","date_gmt":"2023-09-15T13:20:03","guid":{"rendered":"https:\/\/blogs.fu-berlin.de\/frauenbeauftragte\/?p=6852"},"modified":"2023-09-15T15:31:09","modified_gmt":"2023-09-15T13:31:09","slug":"diversity-turn-in-der-forschungspolitik","status":"publish","type":"post","link":"https:\/\/blogs.fu-berlin.de\/frauenbeauftragte\/2023\/09\/15\/diversity-turn-in-der-forschungspolitik\/","title":{"rendered":"&#8222;Diversity Turn&#8220; in der Forschungspolitik"},"content":{"rendered":"\n<div class=\"wp-block-media-text alignwide is-stacked-on-mobile\"><figure class=\"wp-block-media-text__media\"><img loading=\"lazy\" decoding=\"async\" width=\"500\" height=\"333\" src=\"https:\/\/blogs.fu-berlin.de\/frauenbeauftragte\/files\/2023\/09\/Logo_Scripts_mit_Zusatz_RGB_NEU_150dpi.jpg\" alt=\"\" class=\"wp-image-6854 size-full\" srcset=\"https:\/\/blogs.fu-berlin.de\/frauenbeauftragte\/files\/2023\/09\/Logo_Scripts_mit_Zusatz_RGB_NEU_150dpi.jpg 500w, https:\/\/blogs.fu-berlin.de\/frauenbeauftragte\/files\/2023\/09\/Logo_Scripts_mit_Zusatz_RGB_NEU_150dpi-300x200.jpg 300w\" sizes=\"auto, (max-width: 500px) 85vw, 500px\" \/><\/figure><div class=\"wp-block-media-text__content\">\n<p><strong>Podiumsdiskussion: 17. Oktober 2023 | 14-16 Uhr<\/strong> &#8211; Das <a rel=\"noreferrer noopener\" href=\"https:\/\/www.scripts-berlin.eu\/de\/index.html\" data-type=\"URL\" data-id=\"https:\/\/www.scripts-berlin.eu\/de\/index.html\" target=\"_blank\">Exzellenzcluster SCRIPTS<\/a> l\u00e4dt zur Veranstaltung mit dem Thema &#8222;Diversity Turn&#8220; ein. Diskutiert werden die Herausforderungen und Chancen, die sich daraus f\u00fcr die deutsche Forschungspolitik ergeben, und welche  Auswirkungen Diversit\u00e4t auf akademische Exzellenz und Inklusion hat.<\/p>\n\n\n\n<!--more-->\n<\/div><\/div>\n\n\n\n<p>Die SCRIPTS-Projektleiterinnen G\u00fclay \u00c7a\u011flar und Kathrin Zippel, beide Professorinnen an der Freien Universit\u00e4t, diskutieren mit  Prof. Andrea D. B\u00fchrmann, Georg-August-Universit\u00e4t G\u00f6ttingen, und Prof. Thomas Hinz, Universit\u00e4t Konstanz, zum &#8222;Diversity Turn&#8220; die Fragen: Wie l\u00e4sst sich Diversit\u00e4t in deutschen Forschungskontexten verwirklichen? Wie funktionieren  Exzellenzcluster nach diesem Prinzip? Wie schaffen Exzellenzcluster ein Gleichgewicht zwischen Vielfalt, Exzellenz und Verdienst? Wie und wo k\u00f6nnen Erfahrungen aus vergleichbaren internationalen Kontexten auf dieses Format \u00fcbertragen werden? <\/p>\n\n\n\n<p class=\"has-medium-font-size\">Hintergrund und Kontroverse <\/p>\n\n\n\n<p>In der wissenschaftlichen Gemeinschaft sind die Einrichtung von Diversity-B\u00fcros und  die forschungsorientierten Gleichstellungs- und Diversity-Standards der Deutschen Forschungsgemeinschaft (DFG) kontrovers aufgenommen worden. Die Kritik am &#8222;Diversity Turn&#8220; konzentriert sich auf eine angeblich leistungsfeindliche Diversity-Politik, die dem Streben nach Exzellenz entgegenwirke. Bef\u00fcrworter*innen Wende hingegen setzen sich kritisch mit der f\u00fcr sie offensichtlichen Meritokratie der Universit\u00e4t auseinander und schlagen einen umfassenderen Begriff von Exzellenz vor. <\/p>\n\n\n\n<p class=\"has-medium-font-size\">Podium<\/p>\n\n\n\n<ul class=\"wp-block-list\"><li><strong><a href=\"https:\/\/www.uni-goettingen.de\/de\/446519.html\" target=\"_blank\" rel=\"noreferrer noopener\">Prof. Dr. Andrea D. B\u00fchrmann<\/a><\/strong> ist Soziologin an der Fakult\u00e4t f\u00fcr Sozialwissenschaften der Universit\u00e4t G\u00f6ttingen. Sie ist Gr\u00fcndungsdirektorin des G\u00f6ttinger Instituts f\u00fcr Diversit\u00e4tsforschung. Ihre Arbeitsschwerpunkte sind Gender und Diversity Studies, Arbeits- und Wirtschaftssoziologie sowie qualitative Methoden der Sozialforschung.<\/li><\/ul>\n\n\n\n<ul class=\"wp-block-list\"><li><strong><a rel=\"noreferrer noopener\" href=\"https:\/\/www.scripts-berlin.eu\/people\/caglar\/index.html\" data-type=\"URL\" data-id=\"https:\/\/www.scripts-berlin.eu\/people\/caglar\/index.html\" target=\"_blank\">Prof. Dr. G\u00fclay \u00c7a\u011flar<\/a><\/strong> ist Politikwissenschaftlerin am Otto-Suhr-Institut f\u00fcr Politikwissenschaft der Freien Universit\u00e4t Berlin. G\u00fclay \u00c7a\u011flar ist Leiterin der Forschungsstelle Gender &amp; Diversity sowie Vorstandsmitglied des Margarita von Brentano-Zentrums. \u00c7a\u011flars Arbeitsschwerpunkte sind Gender Studies und feministische Theorien, Ern\u00e4hrungspolitik, Global Governance und politischer Widerstand.<\/li><\/ul>\n\n\n\n<ul class=\"wp-block-list\"><li><strong><a href=\"https:\/\/www.soziologie.uni-konstanz.de\/hinz\/team\/prof-dr-thomas-hinz\/\" target=\"_blank\" rel=\"noreferrer noopener\">Prof. Dr. Thomas Hinz<\/a><\/strong> ist Soziologe am Institut f\u00fcr Soziologie der Universit\u00e4t Konstanz. Thomas Hinz ist Forschungsleiter und Vorstandsmitglied des Exzellenzclusters &#8222;Politik der Ungleichheit&#8220;. Hinz&#8216; Forschungsschwerpunkte sind Befragungsexperimente, Methoden der empirischen Sozialforschung, Arbeitsmarktsoziologie, Organisations- und Wirtschaftssoziologie sowie soziale Ungleichheit.<\/li><\/ul>\n\n\n\n<ul class=\"wp-block-list\"><li><strong><a rel=\"noreferrer noopener\" href=\"https:\/\/www.scripts-berlin.eu\/people\/Zippel\/index.html\" data-type=\"URL\" data-id=\"https:\/\/www.scripts-berlin.eu\/people\/Zippel\/index.html\" target=\"_blank\">Prof. Dr. Katrin Zippel<\/a><\/strong> ist Soziologin am Fachbereich Politik- und Sozialwissenschaften der Freien Universit\u00e4t Berlin. Katrin Zippel ist Einstein-Strategieprofessorin f\u00fcr Soziologie mit dem Schwerpunkt Gender Studies. Zippels Forschungsschwerpunkte sind Gleichstellungs- und Diversit\u00e4tsma\u00dfnahmen sowie Genderaspekte globaler Ver\u00e4nderungsprozesse in Wissenschaft und Bildung.<\/li><\/ul>\n\n\n\n<hr class=\"wp-block-separator has-alpha-channel-opacity\" \/>\n\n\n\n<p class=\"has-medium-font-size\">Im \u00dcberblick<\/p>\n\n\n\n<ul class=\"wp-block-list\"><li><strong>Wann:<\/strong> 17. Oktober 2023 | 14-16 Uhr<\/li><li><strong>Wo:<\/strong> online auf dem <a rel=\"noreferrer noopener\" href=\"https:\/\/www.youtube.com\/channel\/UCtBdM-yb90E7F7WifCgoPAA\" data-type=\"URL\" data-id=\"https:\/\/www.youtube.com\/channel\/UCtBdM-yb90E7F7WifCgoPAA\" target=\"_blank\">YouTube-Kanal von SCRIPTS<\/a><\/li><li><strong>Keine Anmeldung n\u00f6tig<\/strong><\/li><li><strong><a rel=\"noreferrer noopener\" href=\"https:\/\/www.scripts-berlin.eu\/de\/news-events-media\/events\/2023_Diversity-Turn-Roundtable.html\" data-type=\"URL\" data-id=\"https:\/\/www.scripts-berlin.eu\/de\/news-events-media\/events\/2023_Diversity-Turn-Roundtable.html\" target=\"_blank\">Informationen zur Veranstaltung auf Englisch<\/a><\/strong><\/li><\/ul>\n","protected":false},"excerpt":{"rendered":"<p>Podiumsdiskussion: 17. Oktober 2023 | 14-16 Uhr &#8211; Das Exzellenzcluster SCRIPTS l\u00e4dt zur Veranstaltung mit dem Thema &#8222;Diversity Turn&#8220; ein. Diskutiert werden die Herausforderungen und Chancen, die sich daraus f\u00fcr die deutsche Forschungspolitik ergeben, und welche Auswirkungen Diversit\u00e4t auf akademische Exzellenz und Inklusion hat.<\/p>\n","protected":false},"author":7742,"featured_media":6855,"comment_status":"open","ping_status":"open","sticky":false,"template":"","format":"standard","meta":{"footnotes":""},"categories":[428608],"tags":[305170,2478,437124],"class_list":["post-6852","post","type-post","status-publish","format-standard","has-post-thumbnail","hentry","category-informiert","tag-diversity","tag-exzellenz","tag-wissenschaftlerinnen"],"_links":{"self":[{"href":"https:\/\/blogs.fu-berlin.de\/frauenbeauftragte\/wp-json\/wp\/v2\/posts\/6852","targetHints":{"allow":["GET"]}}],"collection":[{"href":"https:\/\/blogs.fu-berlin.de\/frauenbeauftragte\/wp-json\/wp\/v2\/posts"}],"about":[{"href":"https:\/\/blogs.fu-berlin.de\/frauenbeauftragte\/wp-json\/wp\/v2\/types\/post"}],"author":[{"embeddable":true,"href":"https:\/\/blogs.fu-berlin.de\/frauenbeauftragte\/wp-json\/wp\/v2\/users\/7742"}],"replies":[{"embeddable":true,"href":"https:\/\/blogs.fu-berlin.de\/frauenbeauftragte\/wp-json\/wp\/v2\/comments?post=6852"}],"version-history":[{"count":27,"href":"https:\/\/blogs.fu-berlin.de\/frauenbeauftragte\/wp-json\/wp\/v2\/posts\/6852\/revisions"}],"predecessor-version":[{"id":6887,"href":"https:\/\/blogs.fu-berlin.de\/frauenbeauftragte\/wp-json\/wp\/v2\/posts\/6852\/revisions\/6887"}],"wp:featuredmedia":[{"embeddable":true,"href":"https:\/\/blogs.fu-berlin.de\/frauenbeauftragte\/wp-json\/wp\/v2\/media\/6855"}],"wp:attachment":[{"href":"https:\/\/blogs.fu-berlin.de\/frauenbeauftragte\/wp-json\/wp\/v2\/media?parent=6852"}],"wp:term":[{"taxonomy":"category","embeddable":true,"href":"https:\/\/blogs.fu-berlin.de\/frauenbeauftragte\/wp-json\/wp\/v2\/categories?post=6852"},{"taxonomy":"post_tag","embeddable":true,"href":"https:\/\/blogs.fu-berlin.de\/frauenbeauftragte\/wp-json\/wp\/v2\/tags?post=6852"}],"curies":[{"name":"wp","href":"https:\/\/api.w.org\/{rel}","templated":true}]}}