{"id":6888,"date":"2023-09-22T14:13:22","date_gmt":"2023-09-22T12:13:22","guid":{"rendered":"https:\/\/blogs.fu-berlin.de\/frauenbeauftragte\/?p=6888"},"modified":"2023-09-22T14:13:22","modified_gmt":"2023-09-22T12:13:22","slug":"berliner-frauenpreis-2024","status":"publish","type":"post","link":"https:\/\/blogs.fu-berlin.de\/frauenbeauftragte\/2023\/09\/22\/berliner-frauenpreis-2024\/","title":{"rendered":"Berliner Frauenpreis 2024"},"content":{"rendered":"\n<div class=\"wp-block-media-text alignwide is-stacked-on-mobile\"><figure class=\"wp-block-media-text__media\"><img loading=\"lazy\" decoding=\"async\" width=\"734\" height=\"489\" src=\"https:\/\/blogs.fu-berlin.de\/frauenbeauftragte\/files\/2023\/09\/frauenpreis_skulptur.png\" alt=\"\" class=\"wp-image-6933 size-full\" srcset=\"https:\/\/blogs.fu-berlin.de\/frauenbeauftragte\/files\/2023\/09\/frauenpreis_skulptur.png 734w, https:\/\/blogs.fu-berlin.de\/frauenbeauftragte\/files\/2023\/09\/frauenpreis_skulptur-300x200.png 300w\" sizes=\"auto, (max-width: 709px) 85vw, (max-width: 909px) 67vw, (max-width: 984px) 61vw, (max-width: 1362px) 45vw, 600px\" \/><\/figure><div class=\"wp-block-media-text__content\">\n<p><strong>Ausschreibungsfrist: 20. Oktober 2023<\/strong> &#8211; F\u00fcr den <a rel=\"noreferrer noopener\" href=\"https:\/\/www.berlin.de\/sen\/frauen\/oeffentlichkeit\/berliner-frauenpreis\/\" data-type=\"URL\" data-id=\"https:\/\/www.berlin.de\/sen\/frauen\/oeffentlichkeit\/berliner-frauenpreis\/\" target=\"_blank\">Berliner Frauenpreis 2024<\/a> k\u00f6nnen Frauen nominiert werden, die sich durch ihr Engagement in herausragender Weise f\u00fcr die Gleichstellung und Chancengleichheit der Geschlechter eingesetzt haben und einsetzen. Besondere Ber\u00fccksichtigung finden zukunftsweisende und innovative Beitr\u00e4ge. Der Preis wird ausschlie\u00dflich an in Berlin wirkende Frauen vergeben.<\/p>\n\n\n\n<!--more-->\n<\/div><\/div>\n\n\n\n<p>J\u00e4hrlich vergibt die <a href=\"https:\/\/www.berlin.de\/sen\/ias\/\" data-type=\"URL\" data-id=\"https:\/\/www.berlin.de\/sen\/ias\/\" target=\"_blank\" rel=\"noreferrer noopener\">Senatsverwaltung f\u00fcr Arbeit, Soziales, Gleichstellung, Integration, Vielfalt und Antidiskriminierung<\/a> den mit 5.000 \u20ac dotierten Berliner Frauenpreis. Es werden B\u00fcrgerinnen ausgezeichnet, die<\/p>\n\n\n\n<ul class=\"wp-block-list\"><li>sich auf unterschiedliche Weise f\u00fcr Emanzipation von Frauen in Berlin engagieren<\/li><li>zukunftsweisende und innovative Ideen und Konzepte in Wissenschaft und Gleichstellungsprojekten verwirklichen<\/li><li>Positionen als Vorreiterinnen in einem frauenpolitischen T\u00e4tigkeitsbereich innehaben<\/li><li>sich besonders f\u00fcr soziale Gerechtigkeit, Menschenrechte, gegen Rassismus, Antisemitismus und Ausgrenzung aller Art einsetzen<\/li><\/ul>\n\n\n\n<p>Unter anderem geht es um die Gleichstellung in Wirtschaft oder Kunst, gegen Gewalt an Frauen, Frauengesundheit oder f\u00fcr mehr Frauen in Entscheidungspositionen. Eine ausf\u00fchrliche Liste der Auswahlkriterien und das Anmeldeformular finden sich <a rel=\"noreferrer noopener\" href=\"https:\/\/www.berlin.de\/sen\/frauen\/oeffentlichkeit\/berliner-frauenpreis\/ausschreibung\/\" data-type=\"URL\" data-id=\"https:\/\/www.berlin.de\/sen\/frauen\/oeffentlichkeit\/berliner-frauenpreis\/ausschreibung\/\" target=\"_blank\">hier<\/a>.<\/p>\n\n\n\n<p>Der Berliner Frauenpreis wird seit 1987 verliehen. Die Verleihung findet anl\u00e4sslich des Internationalen Frauentages im M\u00e4rz 2024 statt. <\/p>\n\n\n\n<p class=\"has-medium-font-size\">Kleine Geschichte zur Preisskulptur<\/p>\n\n\n\n<p>Neben dem Preisgeld erh\u00e4lt die Ausgezeichnete eine Skulptur der K\u00fcnstlerin <a rel=\"noreferrer noopener\" href=\"https:\/\/estherjanshen.wordpress.com\/2015\/03\/10\/berliner-frauenpreis-2013\/\" data-type=\"URL\" data-id=\"https:\/\/estherjanshen.wordpress.com\/2015\/03\/10\/berliner-frauenpreis-2013\/\" target=\"_blank\">Esther Janshen<\/a>. In der Vorderansicht entspricht die Muschelschale der Silhouette Berlins, die in der Mitte platzierte Perle steht f\u00fcr die Preistr\u00e4gerin. Inspirieren lie\u00df sich die K\u00fcnstlerin daf\u00fcr von einer Perle, die einst ein Sandkorn war, welches nur durch viel Reibung in der Muschel zu dem geworden ist, was heute kostbar ist und bewundert wird.<\/p>\n\n\n\n<hr class=\"wp-block-separator has-alpha-channel-opacity\" \/>\n\n\n\n<p class=\"has-medium-font-size\">Im \u00dcberblick<\/p>\n\n\n\n<ul class=\"wp-block-list\"><li><strong>Ausschreibungsfrist: <\/strong>20. Oktober 2023<\/li><li><strong>Post: <\/strong>Senatsverwaltung f\u00fcr Arbeit, Soziales, Gleichstellung, Integration, Vielfalt und Antidiskriminierung, Abteilung Frauen und Gleichstellung, Dominicusstr. 12-14 | 10823 Berlin<\/li><li><strong>E-Mail:<\/strong> <a rel=\"noreferrer noopener\" href=\"mailto:Frauenpreis@SenWGPG.Berlin.de\" target=\"_blank\">Frauenpreis@SenWGPG.Berlin.de<\/a><\/li><\/ul>\n","protected":false},"excerpt":{"rendered":"<p>Ausschreibungsfrist: 20. Oktober 2023 &#8211; F\u00fcr den Berliner Frauenpreis 2024 k\u00f6nnen Frauen nominiert werden, die sich durch ihr Engagement in herausragender Weise f\u00fcr die Gleichstellung und Chancengleichheit der Geschlechter eingesetzt haben und einsetzen. Besondere Ber\u00fccksichtigung finden zukunftsweisende und innovative Beitr\u00e4ge. Der Preis wird ausschlie\u00dflich an in Berlin wirkende Frauen vergeben.<\/p>\n","protected":false},"author":7742,"featured_media":6934,"comment_status":"open","ping_status":"open","sticky":false,"template":"","format":"standard","meta":{"footnotes":""},"categories":[428608],"tags":[301208,433454,437124],"class_list":["post-6888","post","type-post","status-publish","format-standard","has-post-thumbnail","hentry","category-informiert","tag-frauenfoerderung","tag-gleichstellungspolitik","tag-wissenschaftlerinnen"],"_links":{"self":[{"href":"https:\/\/blogs.fu-berlin.de\/frauenbeauftragte\/wp-json\/wp\/v2\/posts\/6888","targetHints":{"allow":["GET"]}}],"collection":[{"href":"https:\/\/blogs.fu-berlin.de\/frauenbeauftragte\/wp-json\/wp\/v2\/posts"}],"about":[{"href":"https:\/\/blogs.fu-berlin.de\/frauenbeauftragte\/wp-json\/wp\/v2\/types\/post"}],"author":[{"embeddable":true,"href":"https:\/\/blogs.fu-berlin.de\/frauenbeauftragte\/wp-json\/wp\/v2\/users\/7742"}],"replies":[{"embeddable":true,"href":"https:\/\/blogs.fu-berlin.de\/frauenbeauftragte\/wp-json\/wp\/v2\/comments?post=6888"}],"version-history":[{"count":16,"href":"https:\/\/blogs.fu-berlin.de\/frauenbeauftragte\/wp-json\/wp\/v2\/posts\/6888\/revisions"}],"predecessor-version":[{"id":6948,"href":"https:\/\/blogs.fu-berlin.de\/frauenbeauftragte\/wp-json\/wp\/v2\/posts\/6888\/revisions\/6948"}],"wp:featuredmedia":[{"embeddable":true,"href":"https:\/\/blogs.fu-berlin.de\/frauenbeauftragte\/wp-json\/wp\/v2\/media\/6934"}],"wp:attachment":[{"href":"https:\/\/blogs.fu-berlin.de\/frauenbeauftragte\/wp-json\/wp\/v2\/media?parent=6888"}],"wp:term":[{"taxonomy":"category","embeddable":true,"href":"https:\/\/blogs.fu-berlin.de\/frauenbeauftragte\/wp-json\/wp\/v2\/categories?post=6888"},{"taxonomy":"post_tag","embeddable":true,"href":"https:\/\/blogs.fu-berlin.de\/frauenbeauftragte\/wp-json\/wp\/v2\/tags?post=6888"}],"curies":[{"name":"wp","href":"https:\/\/api.w.org\/{rel}","templated":true}]}}