{"id":709,"date":"2021-11-24T14:00:00","date_gmt":"2021-11-24T13:00:00","guid":{"rendered":"https:\/\/blogs.fu-berlin.de\/frauenbeauftragte\/?p=709"},"modified":"2025-01-03T11:19:14","modified_gmt":"2025-01-03T10:19:14","slug":"feministische-anti-gewalt-demo-am-25-11","status":"publish","type":"post","link":"https:\/\/blogs.fu-berlin.de\/frauenbeauftragte\/2021\/11\/24\/feministische-anti-gewalt-demo-am-25-11\/","title":{"rendered":"Feministische Anti-Gewalt-Demo am 25.11."},"content":{"rendered":"\n<div class=\"wp-block-media-text alignwide is-stacked-on-mobile\"><figure class=\"wp-block-media-text__media\"><img loading=\"lazy\" decoding=\"async\" width=\"1024\" height=\"683\" src=\"https:\/\/blogs.fu-berlin.de\/frauenbeauftragte\/files\/2021\/10\/SDGB_Blog_Teaser-1024x683.png\" alt=\"\" class=\"wp-image-336 size-full\" srcset=\"https:\/\/blogs.fu-berlin.de\/frauenbeauftragte\/files\/2021\/10\/SDGB_Blog_Teaser-1024x683.png 1024w, https:\/\/blogs.fu-berlin.de\/frauenbeauftragte\/files\/2021\/10\/SDGB_Blog_Teaser-300x200.png 300w, https:\/\/blogs.fu-berlin.de\/frauenbeauftragte\/files\/2021\/10\/SDGB_Blog_Teaser-768x512.png 768w, https:\/\/blogs.fu-berlin.de\/frauenbeauftragte\/files\/2021\/10\/SDGB_Blog_Teaser.png 1200w\" sizes=\"auto, (max-width: 709px) 85vw, (max-width: 909px) 67vw, (max-width: 1362px) 62vw, 840px\" \/><\/figure><div class=\"wp-block-media-text__content\">\n<p><strong>Demonstration: 25. November 2021 | 09 Uhr<em> <\/em><\/strong>Frauen*Organisationen, Anti-Gewalt-Projekte und feministische Zentren rufen am Internationalen Tag gegen Gewalt gegen Frauen* und M\u00e4dchen zur Demonstration auf. Sie pl\u00e4dieren f\u00fcr die konsequente Durchsetzung der <a rel=\"noreferrer noopener\" href=\"https:\/\/www.unwomen.de\/informieren\/internationale-vereinbarungen\/die-istanbulkonvention.html\" target=\"_blank\">Istanbul-Konvention<\/a> und protestieren gegen die prek\u00e4re finanzielle Lage feministischer Projekte in Berlin. <\/p>\n\n\n\n<!--more-->\n<\/div><\/div>\n\n\n<div class=\"wp-block-image is-style-default\">\n<figure class=\"alignright size-large is-resized\"><img loading=\"lazy\" decoding=\"async\" src=\"https:\/\/blogs.fu-berlin.de\/frauenbeauftragte\/files\/2021\/11\/Femprojekt-569x1024.jpg\" alt=\"\" class=\"wp-image-712\" width=\"285\" height=\"512\" srcset=\"https:\/\/blogs.fu-berlin.de\/frauenbeauftragte\/files\/2021\/11\/Femprojekt-569x1024.jpg 569w, https:\/\/blogs.fu-berlin.de\/frauenbeauftragte\/files\/2021\/11\/Femprojekt-167x300.jpg 167w, https:\/\/blogs.fu-berlin.de\/frauenbeauftragte\/files\/2021\/11\/Femprojekt-768x1383.jpg 768w, https:\/\/blogs.fu-berlin.de\/frauenbeauftragte\/files\/2021\/11\/Femprojekt-853x1536.jpg 853w, https:\/\/blogs.fu-berlin.de\/frauenbeauftragte\/files\/2021\/11\/Femprojekt-1138x2048.jpg 1138w, https:\/\/blogs.fu-berlin.de\/frauenbeauftragte\/files\/2021\/11\/Femprojekt.jpg 1181w\" sizes=\"auto, (max-width: 285px) 85vw, 285px\" \/><figcaption>Bildquelle: FemProjekt<\/figcaption><\/figure><\/div>\n\n\n<p>Unter dem Motto &#8222;<a rel=\"noreferrer noopener\" href=\"https:\/\/www.big-berlin.info\/sites\/default\/files\/uploads\/2111_bfn_Pressemitteilung_Demo_25.11.2021.pdf\" target=\"_blank\">Gleichstellung und Gewaltschutz in Berlin &#8211; aber sicher!<\/a>&#8220; rufen die im Berliner Frauennetzwerk (bfn) zusammengeschlossenen Organisationen, die Gleichstellungsbeauftragten des Landes Berlin sowie weitere Unterst\u00fctzer*innen und Institutionen  zur Demonstration auf. Sie findet am Donnerstag, 25.11.2021, von 9 bis 12 Uhr vor dem Roten Rathaus statt.<\/p>\n\n\n\n<p>Ein Anliegen der Organisator*innen ist es, die Finanzierung feministischer Projekte in Berlin zu sichern und zu verstetigen. Diese fordern sie sowohl f\u00fcr Einrichtungen, die betroffene Frauen betreuen, als auch solche, die Pr\u00e4ventionsarbeit leisten. Musikalisch begleitet wird die Demonstration von der Percussiongruppe &#8222;Omas gegen Rechts&#8220;. Eine vollst\u00e4ndige Liste der teilnehmenden Einrichtungen findet sich im <a href=\"https:\/\/www.facebook.com\/events\/1029789010923884\" target=\"_blank\" rel=\"noreferrer noopener\">Facebook<\/a>-Aufruf zur Veranstaltung. Folgen kann man den Organisator*innen auch auf <a href=\"https:\/\/www.instagram.com\/FemProjekteSichern\/\" target=\"_blank\" rel=\"noreferrer noopener\">Instagram <\/a>und <a href=\"https:\/\/twitter.com\/femprojekte\" target=\"_blank\" rel=\"noreferrer noopener\">Twitter<\/a>. <\/p>\n\n\n\n<p>Zahlreiche Berliner Hochschulen beteiligen sich ebenfalls am Aktionstag. Eine <a rel=\"noreferrer noopener\" href=\"https:\/\/www.lakof-berlin.de\/publikationen\/lakof_25-11-21.pdf\" target=\"_blank\">\u00dcbersicht<\/a> \u00fcber deren Aktionen sowie weitere Informationen rund um den Tag hat die <a rel=\"noreferrer noopener\" href=\"https:\/\/www.lakof-berlin.de\/_aktuelles\/25_11_21.html\" target=\"_blank\">Landeskonferenz Frauen- und Gleichstellungsbeauftragte der Berliner Hochschulen <\/a>zusammengestellt.<\/p>\n\n\n\n<p><\/p>\n","protected":false},"excerpt":{"rendered":"<p>Demonstration: 25. November 2021 | 09 Uhr Frauen*Organisationen, Anti-Gewalt-Projekte und feministische Zentren rufen am Internationalen Tag gegen Gewalt gegen Frauen* und M\u00e4dchen zur Demonstration auf. Sie pl\u00e4dieren f\u00fcr die konsequente Durchsetzung der Istanbul-Konvention und protestieren gegen die prek\u00e4re finanzielle Lage feministischer Projekte in Berlin.<\/p>\n","protected":false},"author":6431,"featured_media":3819,"comment_status":"open","ping_status":"open","sticky":false,"template":"","format":"standard","meta":{"footnotes":""},"categories":[428608],"tags":[433140,215230,433454,433967,437425],"class_list":["post-709","post","type-post","status-publish","format-standard","has-post-thumbnail","hentry","category-informiert","tag-sbdg","tag-gewalt","tag-gleichstellungspolitik","tag-nomeansno","tag-belaestigung"],"_links":{"self":[{"href":"https:\/\/blogs.fu-berlin.de\/frauenbeauftragte\/wp-json\/wp\/v2\/posts\/709","targetHints":{"allow":["GET"]}}],"collection":[{"href":"https:\/\/blogs.fu-berlin.de\/frauenbeauftragte\/wp-json\/wp\/v2\/posts"}],"about":[{"href":"https:\/\/blogs.fu-berlin.de\/frauenbeauftragte\/wp-json\/wp\/v2\/types\/post"}],"author":[{"embeddable":true,"href":"https:\/\/blogs.fu-berlin.de\/frauenbeauftragte\/wp-json\/wp\/v2\/users\/6431"}],"replies":[{"embeddable":true,"href":"https:\/\/blogs.fu-berlin.de\/frauenbeauftragte\/wp-json\/wp\/v2\/comments?post=709"}],"version-history":[{"count":35,"href":"https:\/\/blogs.fu-berlin.de\/frauenbeauftragte\/wp-json\/wp\/v2\/posts\/709\/revisions"}],"predecessor-version":[{"id":6481,"href":"https:\/\/blogs.fu-berlin.de\/frauenbeauftragte\/wp-json\/wp\/v2\/posts\/709\/revisions\/6481"}],"wp:featuredmedia":[{"embeddable":true,"href":"https:\/\/blogs.fu-berlin.de\/frauenbeauftragte\/wp-json\/wp\/v2\/media\/3819"}],"wp:attachment":[{"href":"https:\/\/blogs.fu-berlin.de\/frauenbeauftragte\/wp-json\/wp\/v2\/media?parent=709"}],"wp:term":[{"taxonomy":"category","embeddable":true,"href":"https:\/\/blogs.fu-berlin.de\/frauenbeauftragte\/wp-json\/wp\/v2\/categories?post=709"},{"taxonomy":"post_tag","embeddable":true,"href":"https:\/\/blogs.fu-berlin.de\/frauenbeauftragte\/wp-json\/wp\/v2\/tags?post=709"}],"curies":[{"name":"wp","href":"https:\/\/api.w.org\/{rel}","templated":true}]}}