{"id":7102,"date":"2023-11-24T15:27:22","date_gmt":"2023-11-24T14:27:22","guid":{"rendered":"https:\/\/blogs.fu-berlin.de\/frauenbeauftragte\/?p=7102"},"modified":"2024-06-12T14:47:18","modified_gmt":"2024-06-12T12:47:18","slug":"gleichstellung-unter-der-lupe","status":"publish","type":"post","link":"https:\/\/blogs.fu-berlin.de\/frauenbeauftragte\/2023\/11\/24\/gleichstellung-unter-der-lupe\/","title":{"rendered":"Gleichstellung unter der Lupe"},"content":{"rendered":"\n<div class=\"wp-block-media-text alignwide is-stacked-on-mobile\"><figure class=\"wp-block-media-text__media\"><img loading=\"lazy\" decoding=\"async\" width=\"1024\" height=\"683\" src=\"https:\/\/blogs.fu-berlin.de\/frauenbeauftragte\/files\/2023\/11\/Gleichstellungsstrukturen_Lupe-1024x683.jpg\" alt=\"\" class=\"wp-image-7201 size-full\" srcset=\"https:\/\/blogs.fu-berlin.de\/frauenbeauftragte\/files\/2023\/11\/Gleichstellungsstrukturen_Lupe-1024x683.jpg 1024w, https:\/\/blogs.fu-berlin.de\/frauenbeauftragte\/files\/2023\/11\/Gleichstellungsstrukturen_Lupe-300x200.jpg 300w, https:\/\/blogs.fu-berlin.de\/frauenbeauftragte\/files\/2023\/11\/Gleichstellungsstrukturen_Lupe-768x512.jpg 768w, https:\/\/blogs.fu-berlin.de\/frauenbeauftragte\/files\/2023\/11\/Gleichstellungsstrukturen_Lupe-1536x1024.jpg 1536w, https:\/\/blogs.fu-berlin.de\/frauenbeauftragte\/files\/2023\/11\/Gleichstellungsstrukturen_Lupe-2048x1366.jpg 2048w, https:\/\/blogs.fu-berlin.de\/frauenbeauftragte\/files\/2023\/11\/Gleichstellungsstrukturen_Lupe-1200x800.jpg 1200w\" sizes=\"auto, (max-width: 709px) 85vw, (max-width: 909px) 67vw, (max-width: 1362px) 62vw, 840px\" \/><\/figure><div class=\"wp-block-media-text__content\">\n<p><strong>Hybride Veranstaltung: 7. Dezember 2023 | 16-18 Uhr &#8211;<\/strong> Wie konsistent sind die Gleichstellungsstrukturen der Freien Universit\u00e4t? Wie wirksam sind ihre Gleichstellungsinstrumente? Die  Evaluationsergebnisse von CHE Consult werden in der Veranstaltung von Gleichstellungsexpertinnen diskutiert. Im Anschluss laden wir zu einem Get-together ein.<\/p>\n\n\n\n<!--more-->\n<\/div><\/div>\n\n\n\n<p>Im Auftrag der Hochschulleitung untersuchte das Beratungsunternehmen CHE Consult von November 2022 bis September 2023 die Gleichstellungsstrukturen und -instrumente der Freien Universit\u00e4t. Anhand einer Dokumentenanalyse, Einzel- und Gruppeninterviews mit Gleichstellungsakteur*innen sowie Prozessanalysen bilanzierte das Beratungsunternehmen den Status quo und arbeitete Empfehlungen aus, um die strukturelle Verankerung von Gleichstellung zu st\u00e4rken und weiterzuentwickeln.  <\/p>\n\n\n\n<p>In der hochschul\u00f6ffentlichen Veranstaltung wird die Erste Vizepr\u00e4sidentin der Freien Universit\u00e4t, zust\u00e4ndig f\u00fcr Gleichstellung, in das Thema einf\u00fchren. Die Projektleiterin von CHE Consult pr\u00e4sentiert die Ergebnisse und Empfehlungen der Evaluation. Anschlie\u00dfend werden die zentrale Frauen- und Gleichstellungsbeauftragte sowie dezentrale Frauen- und Gleichstellungsbeauftragte aus unterschiedlichen Bereichen die Ergebnisse kommentieren und diskutierten. Gelegenheit zum Austausch und zur Vernetzung von Gleichstellungsakteur*innen  bietet das anschlie\u00dfende Get-together. <\/p>\n\n\n\n<hr class=\"wp-block-separator has-alpha-channel-opacity\" \/>\n\n\n\n<p class=\"has-medium-font-size\">Rednerinnen<\/p>\n\n\n\n<ul class=\"wp-block-list\"><li><strong>Prof. Dr. Verena Blechinger-Talcott<\/strong>, Erste Vizepr\u00e4sidentin, FU Berlin<\/li><li><strong>Anna Gehlke<\/strong>, Senior Consultant, CHE Consult<\/li><li><strong>Dr. Corinna Tomberger<\/strong>, zentrale Frauen- und Gleichstellungsbeauftragte, FU Berlin<\/li><li><strong>Nadine Burda-Martin<\/strong>, Frauen- und Gleichstellungsbeauftragte der Zentralen Universit\u00e4tsverwaltung, FU Berlin<\/li><li><strong>Dr. Beate Schattat<\/strong>, Frauen- und Gleichstellungsbeauftragte des Fachbereichs Physik, FU Berlin<\/li><li><strong>Ellinor Trenczek<\/strong>, Frauen- und Gleichstellungsbeauftragte des Fachbereichs Geschichts- und Kulturwissenschaften, FU Berlin<\/li><\/ul>\n\n\n\n<hr class=\"wp-block-separator has-alpha-channel-opacity\" \/>\n\n\n\n<p class=\"has-medium-font-size\">Zeit &amp; Ort <\/p>\n\n\n\n<p><strong>Wann?<\/strong> Donnerstag, 7. Dezember 2023 | 16:00 &#8211; 18:00 Uhr, anschlie\u00dfend Get-together mit Umtrunk und Imbiss <br><strong>Wo?<\/strong> Freie Universit\u00e4t Berlin | Habelschwerdter Allee 45 (Rostlaube) | KL 29\/223 H\u00f6rsaal 2 (barrierefrei) | 14195 Berlin, <a rel=\"noreferrer noopener\" href=\"https:\/\/ssl2.cms.fu-berlin.de\/fu-berlin\/sites\/frauenbeauftragte\/Veranstaltungen\/Gleichstellung-unter-der-Lupe\/PM-Anmeldung\/index.html\" target=\"_blank\">Anmeldung<\/a> bis<strong> 7.12.2023 | 13:00 Uhr<\/strong> <a rel=\"noreferrer noopener\" href=\"https:\/\/www.fu-berlin.de\/sites\/rosila\/media\/191203RoSiHoLaPlan.pdf\" target=\"_blank\">Lageplan<\/a><br><strong>Online:<\/strong> via Webex, <a rel=\"noreferrer noopener\" href=\"https:\/\/ssl2.cms.fu-berlin.de\/fu-berlin\/sites\/frauenbeauftragte\/Veranstaltungen\/Gleichstellung-unter-der-Lupe\/PM-Anmeldung-Webex\/index.html\" target=\"_blank\">Anmeldung<\/a> bis <strong>7.12.2023 | 13:00 Uhr<\/strong><\/p>\n\n\n\n<p>Bitte beachten Sie: W\u00e4hrend der Veranstaltung werden Filmaufnahmen und Fotos zu Zwecken der Dokumentation und \u00d6ffentlichkeitsarbeit gemacht.<\/p>\n\n\n\n<hr class=\"wp-block-separator has-alpha-channel-opacity\" \/>\n\n\n\n<figure class=\"wp-block-image size-large\"><img loading=\"lazy\" decoding=\"async\" width=\"724\" height=\"1024\" src=\"https:\/\/blogs.fu-berlin.de\/frauenbeauftragte\/files\/2023\/11\/Gleichstellung-Lupe_A4_WEB-2-724x1024.jpg\" alt=\"\" class=\"wp-image-7245\" srcset=\"https:\/\/blogs.fu-berlin.de\/frauenbeauftragte\/files\/2023\/11\/Gleichstellung-Lupe_A4_WEB-2-724x1024.jpg 724w, https:\/\/blogs.fu-berlin.de\/frauenbeauftragte\/files\/2023\/11\/Gleichstellung-Lupe_A4_WEB-2-212x300.jpg 212w, https:\/\/blogs.fu-berlin.de\/frauenbeauftragte\/files\/2023\/11\/Gleichstellung-Lupe_A4_WEB-2-768x1086.jpg 768w, https:\/\/blogs.fu-berlin.de\/frauenbeauftragte\/files\/2023\/11\/Gleichstellung-Lupe_A4_WEB-2-1086x1536.jpg 1086w, https:\/\/blogs.fu-berlin.de\/frauenbeauftragte\/files\/2023\/11\/Gleichstellung-Lupe_A4_WEB-2-1448x2048.jpg 1448w, https:\/\/blogs.fu-berlin.de\/frauenbeauftragte\/files\/2023\/11\/Gleichstellung-Lupe_A4_WEB-2-1200x1697.jpg 1200w, https:\/\/blogs.fu-berlin.de\/frauenbeauftragte\/files\/2023\/11\/Gleichstellung-Lupe_A4_WEB-2-scaled.jpg 1811w\" sizes=\"auto, (max-width: 709px) 85vw, (max-width: 909px) 67vw, (max-width: 984px) 61vw, (max-width: 1362px) 45vw, 600px\" \/><\/figure>\n\n\n\n<hr class=\"wp-block-separator has-alpha-channel-opacity\" \/>\n","protected":false},"excerpt":{"rendered":"<p>Hybride Veranstaltung: 7. Dezember 2023 | 16-18 Uhr &#8211; Wie konsistent sind die Gleichstellungsstrukturen der Freien Universit\u00e4t? Wie wirksam sind ihre Gleichstellungsinstrumente? Die Evaluationsergebnisse von CHE Consult werden in der Veranstaltung von Gleichstellungsexpertinnen diskutiert. Im Anschluss laden wir zu einem Get-together ein.<\/p>\n","protected":false},"author":7120,"featured_media":7228,"comment_status":"open","ping_status":"open","sticky":false,"template":"","format":"standard","meta":{"footnotes":""},"categories":[428608],"tags":[433454,437402,145],"class_list":["post-7102","post","type-post","status-publish","format-standard","has-post-thumbnail","hentry","category-informiert","tag-gleichstellungspolitik","tag-frauenbeauftragte","tag-evaluation"],"_links":{"self":[{"href":"https:\/\/blogs.fu-berlin.de\/frauenbeauftragte\/wp-json\/wp\/v2\/posts\/7102","targetHints":{"allow":["GET"]}}],"collection":[{"href":"https:\/\/blogs.fu-berlin.de\/frauenbeauftragte\/wp-json\/wp\/v2\/posts"}],"about":[{"href":"https:\/\/blogs.fu-berlin.de\/frauenbeauftragte\/wp-json\/wp\/v2\/types\/post"}],"author":[{"embeddable":true,"href":"https:\/\/blogs.fu-berlin.de\/frauenbeauftragte\/wp-json\/wp\/v2\/users\/7120"}],"replies":[{"embeddable":true,"href":"https:\/\/blogs.fu-berlin.de\/frauenbeauftragte\/wp-json\/wp\/v2\/comments?post=7102"}],"version-history":[{"count":32,"href":"https:\/\/blogs.fu-berlin.de\/frauenbeauftragte\/wp-json\/wp\/v2\/posts\/7102\/revisions"}],"predecessor-version":[{"id":8949,"href":"https:\/\/blogs.fu-berlin.de\/frauenbeauftragte\/wp-json\/wp\/v2\/posts\/7102\/revisions\/8949"}],"wp:featuredmedia":[{"embeddable":true,"href":"https:\/\/blogs.fu-berlin.de\/frauenbeauftragte\/wp-json\/wp\/v2\/media\/7228"}],"wp:attachment":[{"href":"https:\/\/blogs.fu-berlin.de\/frauenbeauftragte\/wp-json\/wp\/v2\/media?parent=7102"}],"wp:term":[{"taxonomy":"category","embeddable":true,"href":"https:\/\/blogs.fu-berlin.de\/frauenbeauftragte\/wp-json\/wp\/v2\/categories?post=7102"},{"taxonomy":"post_tag","embeddable":true,"href":"https:\/\/blogs.fu-berlin.de\/frauenbeauftragte\/wp-json\/wp\/v2\/tags?post=7102"}],"curies":[{"name":"wp","href":"https:\/\/api.w.org\/{rel}","templated":true}]}}