{"id":7128,"date":"2023-11-08T09:19:55","date_gmt":"2023-11-08T08:19:55","guid":{"rendered":"https:\/\/blogs.fu-berlin.de\/frauenbeauftragte\/?p=7128"},"modified":"2025-01-03T11:11:04","modified_gmt":"2025-01-03T10:11:04","slug":"machtmissbrauch-in-der-wissenschaft","status":"publish","type":"post","link":"https:\/\/blogs.fu-berlin.de\/frauenbeauftragte\/2023\/11\/08\/machtmissbrauch-in-der-wissenschaft\/","title":{"rendered":"Machtmissbrauch in der Wissenschaft"},"content":{"rendered":"\n<div class=\"wp-block-media-text alignwide is-stacked-on-mobile\"><figure class=\"wp-block-media-text__media\"><img loading=\"lazy\" decoding=\"async\" width=\"1024\" height=\"683\" src=\"https:\/\/blogs.fu-berlin.de\/frauenbeauftragte\/files\/2023\/12\/fu-logo_bildschirm_RGB1_3zu2-1024x683.jpg\" alt=\"\" class=\"wp-image-7544 size-full\" srcset=\"https:\/\/blogs.fu-berlin.de\/frauenbeauftragte\/files\/2023\/12\/fu-logo_bildschirm_RGB1_3zu2-1024x683.jpg 1024w, https:\/\/blogs.fu-berlin.de\/frauenbeauftragte\/files\/2023\/12\/fu-logo_bildschirm_RGB1_3zu2-300x200.jpg 300w, https:\/\/blogs.fu-berlin.de\/frauenbeauftragte\/files\/2023\/12\/fu-logo_bildschirm_RGB1_3zu2-768x512.jpg 768w, https:\/\/blogs.fu-berlin.de\/frauenbeauftragte\/files\/2023\/12\/fu-logo_bildschirm_RGB1_3zu2-1536x1024.jpg 1536w, https:\/\/blogs.fu-berlin.de\/frauenbeauftragte\/files\/2023\/12\/fu-logo_bildschirm_RGB1_3zu2-1200x800.jpg 1200w, https:\/\/blogs.fu-berlin.de\/frauenbeauftragte\/files\/2023\/12\/fu-logo_bildschirm_RGB1_3zu2.jpg 2008w\" sizes=\"auto, (max-width: 709px) 85vw, (max-width: 909px) 67vw, (max-width: 1362px) 62vw, 840px\" \/><\/figure><div class=\"wp-block-media-text__content\">\n<p><strong>Podiumsdiskussion: 17. November 2023 | 10 Uhr<\/strong> &#8211; Was ist Machtmissbrauch und welche Faktoren wirken beg\u00fcnstigend? Ist Machtmissbrauch im Hochschulsystem als wissenschaftliches Fehlverhalten zu bewerten? Welche Sanktionsm\u00f6glichkeiten gibt es? Diese und weitere Fragen werden Expert*innen an der FU diskutieren. Eine Anmeldung ist nicht erforderlich.<\/p>\n\n\n\n<!--more-->\n<\/div><\/div>\n\n\n\n<p>Die <a href=\"https:\/\/www.fu-berlin.de\/sites\/gwp\/ansprechpersonen\/koordination\/index.html\" target=\"_blank\" rel=\"noreferrer noopener\">Koordinationsstelle f\u00fcr wissenschaftliche Integrit\u00e4t<\/a> der Freien Universit\u00e4t l\u00e4dt zur Podiumsdiskussion mit dem Titel <a href=\"https:\/\/www.fu-berlin.de\/sites\/gwp\/wdgwp2023\/programm\/20231117-podiumsdiskussion.html\" target=\"_blank\" rel=\"noreferrer noopener\">Machtmissbrauch in der Wissenschaft: Ein Versto\u00df gegen die gute wissenschaftliche Praxis?<\/a> ein. <\/p>\n\n\n\n<p>Nach einer Einf\u00fchrung in das Thema und der Vorstellung der Podiumsg\u00e4ste, wird zun\u00e4chst gekl\u00e4rt, was Machtmissbrauch ist und wie sich dieser definieren l\u00e4sst. Darauf aufbauend diskutieren die Beteiligten, ob und unter welchen Voraussetzungen Machtmissbrauch in der Wissenschaft als wissenschaftliches Fehlverhalten gilt. Insbesondere beg\u00fcnstigende Faktoren sowie Ursachen f\u00fcr Machtmissbrauch in der Wissenschaft werden beleuchtet. Vor diesem Hintergrund werden Sanktionsm\u00f6glichkeiten und pr\u00e4ventive Ma\u00dfnahmen an der FU in den Blick genommen und in die \u00f6ffentliche Debatte eingeordnet. <\/p>\n\n\n\n<hr class=\"wp-block-separator has-alpha-channel-opacity\" \/>\n\n\n\n<p>Dem Thema Machtmissbrauch im Hochschulkontext widmeten sich auch die Journalistinnen Olivia Samnick und Friederike R\u00f6hreke. In der ZDF-Dokumentation <a rel=\"noreferrer noopener\" href=\"https:\/\/www.zdf.de\/dokumentation\/die-spur\/diespur-metoo-machtmissbrauch-tatort-uni-102.html\" target=\"_blank\">Tatort Uni &#8211; #MeToo und Machtmissbrauch an Hochschulen<\/a> (2023) sprachen sie mit betroffenen Postdocs und Doktorandinnen \u00fcber deren Erfahrungen mit \u00dcbergriffen, Gewalt und Abh\u00e4ngigkeiten im Wissenschaftssystem. In der Dokumentation wird auch der Frage nach den (fehlenden) Konsequenzen nach Bekanntwerden von Missbrauchsvorw\u00fcrfen nachgegangen. <\/p>\n\n\n\n<p>In einem offenen Brief haben sich im April 2023 <a rel=\"noreferrer noopener\" href=\"https:\/\/zeitgeschichte-online.de\/themen\/professorinnen-gegen-machtmissbrauch-universitaeten\" target=\"_blank\">Professor*innen gegen Machtmissbrauch an Hochschulen<\/a> positioniert. Initiatorin Martina Winkler, Professorin  an der Christian-Albrechts-Universit\u00e4t zu Kiel, appellierte an die Verantwortlichen in den Ministerien und den Pr\u00e4sidien der Hochschulen: &#8222;Benennen Sie das Problem, gehen Sie konsequent dagegen an. Wir m\u00fcssen die Machtstrukturen grundlegend \u00fcberdenken und gleichzeitig wirksame Kontrollmechanismen und Unterst\u00fctzungsma\u00dfnahmen f\u00fcr die Opfer von Machtmissbrauch schaffen.&#8220; <\/p>\n\n\n\n<hr class=\"wp-block-separator has-alpha-channel-opacity\" \/>\n\n\n\n<p class=\"has-medium-font-size\">Podiumsg\u00e4ste<\/p>\n\n\n\n<ul class=\"wp-block-list\"><li>Joachim Heberle, Physikprofessor und zentrale Ombudsperson der FU Berlin<\/li><li>Marianne Braig, Professorin am LAI und ehemalige Vizepr\u00e4sidentin f\u00fcr Forschung der FU Berlin<\/li><li>Steffi Pohl, Professorin und Ombudsperson am FB Erziehungswissenschaft und Psychologie<\/li><li>Alette Winter, Koordinatorin Graduiertenzentrum und Promotionsprogramm Natural Sciences am Fachbereich Biologie, Chemie, Pharmazie<\/li><li>Rebecca Mak, Kommissarische Leitung Stabsstelle&nbsp;Diversity und Antidiskriminierung<\/li><li>Grace Klass, Doktorandin am Fachbereich Veterin\u00e4rmedizin und Promovierendenvertretung des GRK 2046<\/li><li>Moderation: Britta Anst\u00f6tz, Koordinationsstelle f\u00fcr wissenschaftliche Integrit\u00e4t<\/li><\/ul>\n\n\n\n<hr class=\"wp-block-separator has-alpha-channel-opacity\" \/>\n\n\n\n<p class=\"has-medium-font-size\">Ort &amp; Zeit <\/p>\n\n\n\n<ul class=\"wp-block-list\"><li>17. November 2023 | 10 &#8211; 11:30 Uhr<\/li><li>Holzlaube, Raum 2.059, Fabeckstra\u00dfe 23-25, 14195 Berlin<\/li><li>Kontakt: Dr. Britta Anst\u00f6tz, <a href=\"mailto:britta.anstoetz@fu-berlin.de\">britta.anstoetz@fu-berlin.de<\/a><\/li><li>Anmeldung ist nicht erforderlich<\/li><\/ul>\n","protected":false},"excerpt":{"rendered":"<p>Podiumsdiskussion: 17. November 2023 | 10 Uhr &#8211; Was ist Machtmissbrauch und welche Faktoren wirken beg\u00fcnstigend? Ist Machtmissbrauch im Hochschulsystem als wissenschaftliches Fehlverhalten zu bewerten? Welche Sanktionsm\u00f6glichkeiten gibt es? Diese und weitere Fragen werden Expert*innen an der FU diskutieren. Eine Anmeldung ist nicht erforderlich.<\/p>\n","protected":false},"author":7120,"featured_media":7262,"comment_status":"open","ping_status":"open","sticky":false,"template":"","format":"standard","meta":{"footnotes":""},"categories":[428608],"tags":[215230,437124,91,233545,437425],"class_list":["post-7128","post","type-post","status-publish","format-standard","has-post-thumbnail","hentry","category-informiert","tag-gewalt","tag-wissenschaftlerinnen","tag-beratung","tag-studierende","tag-belaestigung"],"_links":{"self":[{"href":"https:\/\/blogs.fu-berlin.de\/frauenbeauftragte\/wp-json\/wp\/v2\/posts\/7128","targetHints":{"allow":["GET"]}}],"collection":[{"href":"https:\/\/blogs.fu-berlin.de\/frauenbeauftragte\/wp-json\/wp\/v2\/posts"}],"about":[{"href":"https:\/\/blogs.fu-berlin.de\/frauenbeauftragte\/wp-json\/wp\/v2\/types\/post"}],"author":[{"embeddable":true,"href":"https:\/\/blogs.fu-berlin.de\/frauenbeauftragte\/wp-json\/wp\/v2\/users\/7120"}],"replies":[{"embeddable":true,"href":"https:\/\/blogs.fu-berlin.de\/frauenbeauftragte\/wp-json\/wp\/v2\/comments?post=7128"}],"version-history":[{"count":10,"href":"https:\/\/blogs.fu-berlin.de\/frauenbeauftragte\/wp-json\/wp\/v2\/posts\/7128\/revisions"}],"predecessor-version":[{"id":7545,"href":"https:\/\/blogs.fu-berlin.de\/frauenbeauftragte\/wp-json\/wp\/v2\/posts\/7128\/revisions\/7545"}],"wp:featuredmedia":[{"embeddable":true,"href":"https:\/\/blogs.fu-berlin.de\/frauenbeauftragte\/wp-json\/wp\/v2\/media\/7262"}],"wp:attachment":[{"href":"https:\/\/blogs.fu-berlin.de\/frauenbeauftragte\/wp-json\/wp\/v2\/media?parent=7128"}],"wp:term":[{"taxonomy":"category","embeddable":true,"href":"https:\/\/blogs.fu-berlin.de\/frauenbeauftragte\/wp-json\/wp\/v2\/categories?post=7128"},{"taxonomy":"post_tag","embeddable":true,"href":"https:\/\/blogs.fu-berlin.de\/frauenbeauftragte\/wp-json\/wp\/v2\/tags?post=7128"}],"curies":[{"name":"wp","href":"https:\/\/api.w.org\/{rel}","templated":true}]}}