{"id":7148,"date":"2023-11-03T14:06:12","date_gmt":"2023-11-03T13:06:12","guid":{"rendered":"https:\/\/blogs.fu-berlin.de\/frauenbeauftragte\/?p=7148"},"modified":"2023-11-03T17:34:34","modified_gmt":"2023-11-03T16:34:34","slug":"einladung-marthe-vogt-preisverleihung","status":"publish","type":"post","link":"https:\/\/blogs.fu-berlin.de\/frauenbeauftragte\/2023\/11\/03\/einladung-marthe-vogt-preisverleihung\/","title":{"rendered":"Einladung: Marthe-Vogt-Preisverleihung"},"content":{"rendered":"\n<div class=\"wp-block-media-text alignwide is-stacked-on-mobile\"><figure class=\"wp-block-media-text__media\"><img loading=\"lazy\" decoding=\"async\" width=\"1020\" height=\"680\" src=\"https:\/\/blogs.fu-berlin.de\/frauenbeauftragte\/files\/2022\/10\/csm_Logo_MartheVogt_farbe_web_d4471308a6.jpg\" alt=\"\" class=\"wp-image-3687 size-full\" srcset=\"https:\/\/blogs.fu-berlin.de\/frauenbeauftragte\/files\/2022\/10\/csm_Logo_MartheVogt_farbe_web_d4471308a6.jpg 1020w, https:\/\/blogs.fu-berlin.de\/frauenbeauftragte\/files\/2022\/10\/csm_Logo_MartheVogt_farbe_web_d4471308a6-300x200.jpg 300w, https:\/\/blogs.fu-berlin.de\/frauenbeauftragte\/files\/2022\/10\/csm_Logo_MartheVogt_farbe_web_d4471308a6-768x512.jpg 768w\" sizes=\"auto, (max-width: 709px) 85vw, (max-width: 909px) 67vw, (max-width: 1362px) 62vw, 840px\" \/><\/figure><div class=\"wp-block-media-text__content\">\n<p><strong>Preisverleihung: 8. November 2023 | 18:00 Uhr <\/strong>&#8211; Der Leibniz Forschungsverband Berlin e. V. ehrt mit dem diesj\u00e4hrigen Marthe-Vogt-Preis die Nachwuchswissenschaftlerinnen Dr. Nasibeh Haghighi und FU-Alumna Dr. Carla Kirschbaum. Dazu l\u00e4dt der Verband Interessierte zur Preisverleihung im Rahmen der Berlin Science Week ein. Im Anschluss der Verleihung findet ein Get-together statt.<\/p>\n\n\n\n<!--more-->\n<\/div><\/div>\n\n\n\n<p>Jedes Jahr w\u00fcrdigt der Forschungsverband Berlin (FVB) besondere wissenschaftliche Leistungen von Nachwuchswissenschaftlerinnen aus den Bereichen Informations- und Kommunikationstechnik, Strukturforschung, Optoelektronik (Lichtforschung) und Laserforschung, Mikrosystemtechnik, Neue Materialien, Angewandte Mathematik, Molekulare Medizin und Biologie, Veterin\u00e4rmedizin, Biotechnologie und Umweltforschung. Die Auszeichnung ist mir 3.000 Euro dotiert und soll dazu beitragen, den Anteil von Wissenschaftlerinnen in der Forschung zu erh\u00f6hen und Forschungsgebieten neue Impulse zu geben. Dieses Jahr geht der Marthe-Vogt-Preis an gleich zwei Forscherinnen.<\/p>\n\n\n\n<p class=\"has-medium-font-size\">Die Preistr\u00e4gerinnen<\/p>\n\n\n\n<p><strong>Dr. Nasibeh Haghighi <\/strong>studierte Chemie im Iran. Darauf folgte eine Stelle als Wissenschaftlerin am Ferdinand-Braun-Institut in Berlin. Heute arbeitet sie als Projektleiterin bei ams-Osram an der Entwicklung von Laserchips. W\u00e4hrend der Forschungsarbeiten zu ihrer Doktorarbeit entdeckte sie neue physikalische Ger\u00e4teeigenschaften und Herstellungsmethoden von oberfl\u00e4chenemittierenden Halbleiter-Laserarrays mit vertikalem Resonator und stellte dabei neue Rekorde in Bezug auf Geschwindigkeit, Leistung und Energieeffizienz auf. <\/p>\n\n\n\n<p><strong>Dr. Carla Kirschbaum<\/strong> studierte Chemie an der Freien Universit\u00e4t Berlin und in Paris. Interesse an der Analyse von Biomolek\u00fclen entwickelte sie bereits w\u00e4hrend ihres Studiums. Heute forscht sie an der Universit\u00e4t Oxford zu der Wechselwirkung zwischen Membranproteinen und Lipiden. In ihrer Doktorarbeit zeigte sie, dass kleinste, oft biologisch relevante Strukturunterschiede in Lipiden mittels Massenspektrometrie-basierter Infrarotspektroskopie sichtbar gemacht werden k\u00f6nnen. <\/p>\n\n\n\n<p>Namensgeberin des Preises ist <a rel=\"noreferrer noopener\" href=\"https:\/\/royalsocietypublishing.org\/doi\/pdf\/10.1098\/rsbm.2005.0027\" target=\"_blank\">Marthe Louise Vogt<\/a> (1903-2003), eine der f\u00fchrenden Neurowissenschaftler*innen und Pharmakolog*innen des 20. Jahrhunderts. W\u00e4hrend ihrer \u00fcber 50-j\u00e4hrigen Forschungslaufbahn ebnete sie unter anderem den Weg f\u00fcr die pharmakologische Behandlung psychischer Erkrankungen.<\/p>\n\n\n\n<hr class=\"wp-block-separator has-alpha-channel-opacity\" \/>\n\n\n\n<p class=\"has-medium-font-size\">Marthe-Vogt-Preisverleihung im \u00dcberblick<\/p>\n\n\n\n<ul class=\"wp-block-list\"><li><strong>Anmeldung:<\/strong> per E-Mail an <a rel=\"noreferrer noopener\" href=\"https:\/\/www.fv-berlin.de\/infos-fuer\/medien-und-oeffentlichkeit\/news\/einladung-zur-marthe-vogt-preisverleihung-2023#\" target=\"_blank\">preisverleihung<\/a><a rel=\"noreferrer noopener\" href=\"https:\/\/www.fv-berlin.de\/infos-fuer\/medien-und-oeffentlichkeit\/news\/einladung-zur-marthe-vogt-preisverleihung-2023#\" target=\"_blank\">@<\/a><a rel=\"noreferrer noopener\" href=\"https:\/\/www.fv-berlin.de\/infos-fuer\/medien-und-oeffentlichkeit\/news\/einladung-zur-marthe-vogt-preisverleihung-2023#\" target=\"_blank\">fv-berlin.de<\/a><\/li><li><strong>Wann:<\/strong> Mittwoch, den 8. November 2023, 18:00-20:00 Uhr<\/li><li><strong>Wo:<\/strong> Leibniz-Gesch\u00e4ftsstelle, Chausseestra\u00dfe 111, 10115 Berlin<\/li><li><a rel=\"noreferrer noopener\" href=\"https:\/\/www.fv-berlin.de\/fileadmin\/user_upload\/Pressemitteilungen_Bilder\/FVB\/2023-11-08_FVB_Einladung_Marthe-Vogt-Preis_2023.pdf\" data-type=\"URL\" data-id=\"https:\/\/www.fv-berlin.de\/fileadmin\/user_upload\/Pressemitteilungen_Bilder\/FVB\/2023-11-08_FVB_Einladung_Marthe-Vogt-Preis_2023.pdf\" target=\"_blank\"><strong>Einladung<\/strong><\/a> zum Download<\/li><\/ul>\n\n\n\n<hr class=\"wp-block-separator has-alpha-channel-opacity\" \/>\n","protected":false},"excerpt":{"rendered":"<p>Preisverleihung: 8. November 2023 | 18:00 Uhr &#8211; Der Leibniz Forschungsverband Berlin e. V. ehrt mit dem diesj\u00e4hrigen Marthe-Vogt-Preis die Nachwuchswissenschaftlerinnen Dr. Nasibeh Haghighi und FU-Alumna Dr. Carla Kirschbaum. Dazu l\u00e4dt der Verband Interessierte zur Preisverleihung im Rahmen der Berlin Science Week ein. Im Anschluss der Verleihung findet ein Get-together statt.<\/p>\n","protected":false},"author":7742,"featured_media":3687,"comment_status":"open","ping_status":"open","sticky":false,"template":"","format":"standard","meta":{"footnotes":""},"categories":[428608],"tags":[423731,301208,437124],"class_list":["post-7148","post","type-post","status-publish","format-standard","has-post-thumbnail","hentry","category-informiert","tag-mintoring","tag-frauenfoerderung","tag-wissenschaftlerinnen"],"_links":{"self":[{"href":"https:\/\/blogs.fu-berlin.de\/frauenbeauftragte\/wp-json\/wp\/v2\/posts\/7148","targetHints":{"allow":["GET"]}}],"collection":[{"href":"https:\/\/blogs.fu-berlin.de\/frauenbeauftragte\/wp-json\/wp\/v2\/posts"}],"about":[{"href":"https:\/\/blogs.fu-berlin.de\/frauenbeauftragte\/wp-json\/wp\/v2\/types\/post"}],"author":[{"embeddable":true,"href":"https:\/\/blogs.fu-berlin.de\/frauenbeauftragte\/wp-json\/wp\/v2\/users\/7742"}],"replies":[{"embeddable":true,"href":"https:\/\/blogs.fu-berlin.de\/frauenbeauftragte\/wp-json\/wp\/v2\/comments?post=7148"}],"version-history":[{"count":13,"href":"https:\/\/blogs.fu-berlin.de\/frauenbeauftragte\/wp-json\/wp\/v2\/posts\/7148\/revisions"}],"predecessor-version":[{"id":7241,"href":"https:\/\/blogs.fu-berlin.de\/frauenbeauftragte\/wp-json\/wp\/v2\/posts\/7148\/revisions\/7241"}],"wp:featuredmedia":[{"embeddable":true,"href":"https:\/\/blogs.fu-berlin.de\/frauenbeauftragte\/wp-json\/wp\/v2\/media\/3687"}],"wp:attachment":[{"href":"https:\/\/blogs.fu-berlin.de\/frauenbeauftragte\/wp-json\/wp\/v2\/media?parent=7148"}],"wp:term":[{"taxonomy":"category","embeddable":true,"href":"https:\/\/blogs.fu-berlin.de\/frauenbeauftragte\/wp-json\/wp\/v2\/categories?post=7148"},{"taxonomy":"post_tag","embeddable":true,"href":"https:\/\/blogs.fu-berlin.de\/frauenbeauftragte\/wp-json\/wp\/v2\/tags?post=7148"}],"curies":[{"name":"wp","href":"https:\/\/api.w.org\/{rel}","templated":true}]}}