{"id":7169,"date":"2023-11-10T15:22:13","date_gmt":"2023-11-10T14:22:13","guid":{"rendered":"https:\/\/blogs.fu-berlin.de\/frauenbeauftragte\/?p=7169"},"modified":"2025-01-03T11:10:13","modified_gmt":"2025-01-03T10:10:13","slug":"aufstehen-gegen-sexualisierte-gewalt","status":"publish","type":"post","link":"https:\/\/blogs.fu-berlin.de\/frauenbeauftragte\/2023\/11\/10\/aufstehen-gegen-sexualisierte-gewalt\/","title":{"rendered":"Aufstehen gegen sexualisierte Gewalt!"},"content":{"rendered":"\n<div class=\"wp-block-media-text alignwide is-stacked-on-mobile\"><figure class=\"wp-block-media-text__media\"><img loading=\"lazy\" decoding=\"async\" width=\"1024\" height=\"683\" src=\"https:\/\/blogs.fu-berlin.de\/frauenbeauftragte\/files\/2022\/11\/My-project-1-1024x683.jpg\" alt=\"\" class=\"wp-image-3762 size-full\" srcset=\"https:\/\/blogs.fu-berlin.de\/frauenbeauftragte\/files\/2022\/11\/My-project-1-1024x683.jpg 1024w, https:\/\/blogs.fu-berlin.de\/frauenbeauftragte\/files\/2022\/11\/My-project-1-300x200.jpg 300w, https:\/\/blogs.fu-berlin.de\/frauenbeauftragte\/files\/2022\/11\/My-project-1-768x512.jpg 768w, https:\/\/blogs.fu-berlin.de\/frauenbeauftragte\/files\/2022\/11\/My-project-1-1536x1024.jpg 1536w, https:\/\/blogs.fu-berlin.de\/frauenbeauftragte\/files\/2022\/11\/My-project-1-2048x1365.jpg 2048w, https:\/\/blogs.fu-berlin.de\/frauenbeauftragte\/files\/2022\/11\/My-project-1-1200x800.jpg 1200w\" sizes=\"auto, (max-width: 709px) 85vw, (max-width: 909px) 67vw, (max-width: 1362px) 62vw, 840px\" \/><\/figure><div class=\"wp-block-media-text__content\">\n<p><strong>Aktionstage: 21.-29. November 2023 &#8211;<\/strong> Zum Internationalen Tag zur Beseitigung von Gewalt gegen Frauen (25.11.) organisiert das Team Zentrale Frauenbeauftragte auch in diesem Jahr Anti-Gewalt-Aktionstage. <a rel=\"noreferrer noopener\" href=\"https:\/\/www.fu-berlin.de\/sites\/nein-heisst-nein\/Anti-Gewalt-Aktionstage\/Aktionstage-2023\/index.html\" target=\"_blank\">Aufstehen gegen sexualisierte Gewalt!<\/a> &#8211; unter diesem Motto laden vielf\u00e4ltige Angebote, wie ein Expertinnen-Forum, ein Theaterst\u00fcck und diverse Workshops zur Auseinandersetzung mit dem Thema ein.<\/p>\n\n\n\n<!--more-->\n<\/div><\/div>\n\n\n\n<p>Mit den <a rel=\"noreferrer noopener\" href=\"https:\/\/www.fu-berlin.de\/sites\/nein-heisst-nein\/Anti-Gewalt-Aktionstage\/Aktionstage-2023\/index.html\" target=\"_blank\">Anti-Gewalt-Aktionstagen 2023<\/a> an der Freien Universit\u00e4t m\u00f6chten wir das Bewusstsein daf\u00fcr sch\u00e4rfen, dass Menschen nach wie vor aufgrund ihres Geschlechts oder ihrer Geschlechtsidentit\u00e4t herabgew\u00fcrdigt, benachteiligt und diskriminiert werden. Auch an Hochschulen werden pers\u00f6nliche Grenzen von Studierenden, Besch\u00e4ftigten oder G\u00e4sten durch verbale, visuelle und k\u00f6rperliche Bel\u00e4stigungen und Angriffe verletzt. <\/p>\n\n\n\n<p>Das Programm bietet vom 21. bis 29. November zielgruppenorientierte Veranstaltungen an. Unter dem Motto <a rel=\"noreferrer noopener\" href=\"https:\/\/www.fu-berlin.de\/sites\/nein-heisst-nein\/Aktuelles\/20231125_25N.html\" target=\"_blank\">Aufstehen gegen sexualisierte Gewalt!<\/a> adressieren die diesj\u00e4hrigen Aktionstage an der FU verschiedene Aspekte im Themenfeld sexualisierte Bel\u00e4stigung, Diskriminierung und Gewalt (SBDG). Konkrete Handlungsm\u00f6glichkeiten, um sich gegen verschiedene Formen von \u00dcbergriffen und Diskriminierungen zur Wehr zu setzen, werden ebenso beleuchtet wie Pr\u00e4ventions- und Schutzkonzepte f\u00fcr Hochschulen. Dar\u00fcber hinaus werden gesch\u00fctzte Gespr\u00e4chsr\u00e4ume f\u00fcr Personen angeboten, die selbst sexualisierte \u00dcbergriffe oder Grenzverletzungen erlebt haben. <\/p>\n\n\n\n<p>Zum Auftakt am 21.11. findet ein <a href=\"https:\/\/www.fu-berlin.de\/sites\/nein-heisst-nein\/Termine-SBDG\/Termine-25N-2023\/20231121_Austausch-zu-sexualisierter-Belaestigung_-Diskriminierung-und-Gewalt-an-der-Hochschule.html\">Austausch zu sexualisierter Bel\u00e4stigung, Diskriminierung und Gewalt an der Hochschule<\/a> f\u00fcr Betroffene statt. Zielgruppe sind Studierende und Nachwuchswissenschaftler*innen, da Betreuungs- und Abh\u00e4ngigkeitsverh\u00e4ltnisse an Hochschulen besonders anf\u00e4llig f\u00fcr Machtmissbrauch sind. In diesem gesch\u00fctzten Raum erhalten betroffene Personen die M\u00f6glichkeit, \u00fcber erfahrene Grenzverletzungen zu sprechen. Dieser Austausch wird erneut am 23.11. angeboten und ist sowohl auf Deutsch als auch auf Englisch m\u00f6glich. <\/p>\n\n\n\n<p class=\"has-medium-font-size\">Forum mit Kurzvortr\u00e4gen <\/p>\n\n\n\n<p>Konzepte und Perspektiven f\u00fcr die Institution Hochschule stehen im Fokus eines \u00f6ffentlichen <a rel=\"noreferrer noopener\" href=\"https:\/\/www.fu-berlin.de\/sites\/nein-heisst-nein\/Termine-SBDG\/Termine-25N-2023\/20231128_Forum-Umgang-mit-sexualisierter-Belaestigung-Diskriminierung-Gewalt-an-Hochschulen-Konzepte-und-Perspektiven.html\" target=\"_blank\">Forums mit Kurzvortr\u00e4gen zum Umgang mit sexualisierter Bel\u00e4stigung, Diskriminierung und Gewalt an Hochschulen<\/a> am 28.11. Neben der Ersten Vizepr\u00e4sidentin der Freien Universit\u00e4t sind verschiedene Expertinnen zu SBDG an Hochschulen an der Veranstaltung beteiligt. <\/p>\n\n\n<div class=\"wp-block-image\">\n<figure class=\"alignright size-full is-resized\"><img loading=\"lazy\" decoding=\"async\" src=\"https:\/\/blogs.fu-berlin.de\/frauenbeauftragte\/files\/2023\/08\/Buch_Pantelmann_Blackmore-1.jpg\" alt=\"\" class=\"wp-image-6684\" width=\"384\" height=\"256\" srcset=\"https:\/\/blogs.fu-berlin.de\/frauenbeauftragte\/files\/2023\/08\/Buch_Pantelmann_Blackmore-1.jpg 767w, https:\/\/blogs.fu-berlin.de\/frauenbeauftragte\/files\/2023\/08\/Buch_Pantelmann_Blackmore-1-300x200.jpg 300w\" sizes=\"auto, (max-width: 384px) 85vw, 384px\" \/><\/figure><\/div>\n\n\n<p>Im ersten Kurzvortrag stellen die Herausgeberinnen Dr. Sabine Blackmore und Dr. Heike Pantelmann ihr Handbuch <a rel=\"noreferrer noopener\" href=\"https:\/\/link.springer.com\/book\/10.1007\/978-3-658-40467-3\" target=\"_blank\">Sexualisierte Bel\u00e4stigung, Diskriminierung und Gewalt im Hochschulkontext. Herausforderungen, Umgangsweisen und Pr\u00e4vention<\/a> (2023) vor. <br>Eine der beteiligten Autor*innen, Dr. Ulrike Richter, erl\u00e4utert im zweiten Kurzvortrag das Schutzkonzept der Hochschule f\u00fcr Technik und Wirtschaft Berlin (HTW). Im dritten Kurzvortrag berichtet die Erste Vizepr\u00e4sidentin Prof. Dr. Verena Blechinger-Talcott \u00fcber Pr\u00e4ventionsma\u00dfnahmen gegen SBDG und Pl\u00e4ne f\u00fcr eine umfassende Beratungs- und Beschwerdestruktur an der Freien Universit\u00e4t. Wendy Stollberg, Referentin im Team Zentrale Frauenbeauftragte und Gesch\u00e4ftsf\u00fchrerin der <a rel=\"noreferrer noopener\" href=\"https:\/\/www.fu-berlin.de\/sites\/nein-heisst-nein\/kontakt\/index.html\" target=\"_blank\">AG SBDG<\/a>, wird die Veranstaltung er\u00f6ffnen. <\/p>\n\n\n\n<p class=\"has-medium-font-size\">Theaterst\u00fcck MARTA<\/p>\n\n\n\n<p>Ein weiterer H\u00f6hepunkt der Aktionstage ist das <a rel=\"noreferrer noopener\" href=\"https:\/\/www.fu-berlin.de\/sites\/nein-heisst-nein\/Termine-SBDG\/Termine-25N-2023\/20231129_Theaterauffuehrung-MARTA-Theaterstueck-durch-den-Koerper-und-die-Biographie.html\" target=\"_blank\">Theaterst\u00fcck MARTA<\/a>, das sich mit geschlechtsbasierter Gewalt auseinandersetzt. Die Produktion von AQUItheater Berlin nutzt den K\u00f6rper als Hauptwerkzeug beim Erz\u00e4hlen einer Geschichte \u00fcber Feminismus, Identit\u00e4t, Geschlechterrollen und Migration. <\/p>\n\n\n<div class=\"wp-block-image\">\n<figure class=\"alignleft size-full is-resized\"><img loading=\"lazy\" decoding=\"async\" src=\"https:\/\/blogs.fu-berlin.de\/frauenbeauftragte\/files\/2023\/11\/marta.jpg\" alt=\"\" class=\"wp-image-7330\" width=\"480\" height=\"300\" srcset=\"https:\/\/blogs.fu-berlin.de\/frauenbeauftragte\/files\/2023\/11\/marta.jpg 960w, https:\/\/blogs.fu-berlin.de\/frauenbeauftragte\/files\/2023\/11\/marta-300x188.jpg 300w, https:\/\/blogs.fu-berlin.de\/frauenbeauftragte\/files\/2023\/11\/marta-768x480.jpg 768w\" sizes=\"auto, (max-width: 480px) 85vw, 480px\" \/><figcaption>Quelle: @Claudia Catal\u00e1n<\/figcaption><\/figure><\/div>\n\n\n<p>Im Theaterst\u00fcck MARTA werden tabuisierte und schwierige Themen, wie Gewalt gegen Frauen und Feminizide visualisiert. Durch MARTA wird den Frauen eine Stimme gegeben, die durch Gewalt get\u00f6tet wurden. Um das auf der B\u00fchne Gesehene und Erlebte aufzuarbeiten, laden die Schauspieler*innen und die Regisseurin im Anschluss an das St\u00fcck zu einem halbst\u00fcndigen Publikumsgespr\u00e4ch ein. FU-Mitglieder wie auch die interessierte \u00d6ffentlichkeit sind zu dieser Theaterauff\u00fchrung eingeladen und k\u00f6nnen gerne Freund*innen und Bekannte mitbringen. <\/p>\n\n\n\n<hr class=\"wp-block-separator has-alpha-channel-opacity\" \/>\n\n\n\n<p>Die Aktionstage laden FU-Angeh\u00f6rige sowie Externe ein, sich mit ihren Handlungsoptionen auseinanderzusetzen und damit aktiv ein Zeichen gegen Gewalt gegen Frauen zu setzen.<\/p>\n\n\n\n<p>Schon in einem<a rel=\"noreferrer noopener\" href=\"https:\/\/www.fu-berlin.de\/campusleben\/campus\/2022\/221118-aktionswoche-gewalt-gegen-frauen\/index.html\" target=\"_blank\">&nbsp;Interview mit campus.leben<\/a>&nbsp;im vergangenen Jahr betonten die Organisatorinnen der Aktionstage, Wendy Stollberg und Dr. Heike Pantelmann, Gesch\u00e4ftsf\u00fchrerin des Margherita-von-Brentano-Zentrums, wie wichtig es ist, dass alle Hochschulmitglieder bei sexualisierten \u00dcbergriffen jeglicher Art Verantwortung im eigenen Umfeld \u00fcbernehmen.<\/p>\n\n\n\n<hr class=\"wp-block-separator has-alpha-channel-opacity\" \/>\n\n\n\n<p class=\"has-medium-font-size\">Alle Veranstaltungen der Aktionstage im \u00dcberblick<\/p>\n\n\n\n<ul class=\"wp-block-list\"><li> 21.11.2023 | 15:30 &#8211; 17:30, <a href=\"https:\/\/www.fu-berlin.de\/sites\/nein-heisst-nein\/Termine-SBDG\/Termine-25N-2023\/20231121_Austausch-zu-sexualisierter-Belaestigung_-Diskriminierung-und-Gewalt-an-der-Hochschule.html\">Austausch zu sexualisierter Bel\u00e4stigung, Diskriminierung und Gewalt an der Hochschule<\/a> f\u00fcr Studierende und Nachwuchswissenschaftler*innen , keine Anmeldung erforderlich<\/li><li>21th Nov 2023 | 3.30 &#8211; 5.30 pm, <a rel=\"noreferrer noopener\" href=\"https:\/\/www.fu-berlin.de\/en\/sites\/nein-heisst-nein\/Anti-Gewalt-Aktionstage\/Aktionstage-2023\/index.html\" target=\"_blank\">Conversations about Sexualized Harassment, Discrimination, and Violence at the University<\/a> for students and early career researchers, no registration required <\/li><li>22.11.2023 | 10:00 &#8211; 13:00, Workshop <a rel=\"noreferrer noopener\" href=\"https:\/\/www.fu-berlin.de\/sites\/nein-heisst-nein\/Termine-SBDG\/Termine-25N-2023\/20231122_Workshop-Geschlechtsspezifische-digitale-Gewalt.html\" target=\"_blank\">Geschlechtsspezifische digitale Gewalt<\/a> f\u00fcr Studierende, Anmeldung erforderlich  <\/li><li>23.11.2023 | 10:00 &#8211; 12:00, <a href=\"https:\/\/www.fu-berlin.de\/sites\/nein-heisst-nein\/Termine-SBDG\/Termine-25N-2023\/20231121_Austausch-zu-sexualisierter-Belaestigung_-Diskriminierung-und-Gewalt-an-der-Hochschule.html\">Austausch zu sexualisierter Bel\u00e4stigung, Diskriminierung und Gewalt an der Hochschule<\/a> f\u00fcr Studierende und Nachwuchswissenschaftler*innen, keine Anmeldung erforderlich<\/li><li>23rd Nov 2023 | 10 am -12 pm, <a rel=\"noreferrer noopener\" href=\"https:\/\/www.fu-berlin.de\/en\/sites\/nein-heisst-nein\/Anti-Gewalt-Aktionstage\/Aktionstage-2023\/index.html\" target=\"_blank\">Conversations about Sexualized Harassment, Discrimination, and Violence at the University<\/a> for students and early career researchers, no registration required <\/li><li>23.11.2023 | 14:00 &#8211; 17:00, <a href=\"https:\/\/www.fu-berlin.de\/sites\/nein-heisst-nein\/Termine-SBDG\/Termine-25N-2023\/20231123_Workshop-Flirting-without-macho-behaviour.html\">Workshop &#8222;Flirting without Macho Behaviour&#8220;<\/a> f\u00fcr Studierende, Anmeldung erforderlich<\/li><li>24.11.2023 | 10:00 &#8211; 12:00, <a href=\"https:\/\/www.fu-berlin.de\/sites\/nein-heisst-nein\/Termine-SBDG\/Termine-25N-2023\/20231124_Workshop-Selbstverteidigung-Selbstbehauptung-Empowerment.html\">Workshop &#8222;Selbstverteidigung &#8211; Selbstbehauptung &#8211; Empowerment&#8220;<\/a> nur f\u00fcr Frauen*, Anmeldung erforderlich <\/li><li>24.11.2023 | 13:00 &#8211; 15:00, <a href=\"https:\/\/www.fu-berlin.de\/sites\/nein-heisst-nein\/Termine-SBDG\/Termine-25N-2023\/20231124_Workshop-Self-defence-Self-assertion-Empowerment.html\">Workshop &#8222;Self-defence &#8211; Self-assertion &#8211; Empowerment&#8220;<\/a> for women* only, regirstraion required<\/li><li>27.11.2023 | 10:00 &#8211; 13:00, <a href=\"https:\/\/www.fu-berlin.de\/sites\/nein-heisst-nein\/Termine-SBDG\/Termine-25N-2023\/20231127_Workshop-Wendo-Selbstbehauptung-und-Selbstverteidigung-fuer-Frauen_.html\">Workshop &#8222;Wendo &#8211; Selbstbehauptung und Selbstverteidigung f\u00fcr Frauen*&#8220;<\/a> f\u00fcr Frauen*, Anmeldung erforderlich<\/li><li>27.11.2023 | 16:00 &#8211; 18:00, <a href=\"https:\/\/www.fu-berlin.de\/sites\/nein-heisst-nein\/Termine-SBDG\/Termine-25N-2023\/20231127_Dialog-Kritische-Maennlichkeit-oder-Kritik-an-Maennlichkeit_.html\">Moderierter Dialog &#8222;Kritische M\u00e4nnlichkeit oder Kritik an M\u00e4nnlichkeit?&#8220; <\/a>nur f\u00fcr M\u00e4nner*\/Studierende, Anmeldung erforderlich<\/li><li>27th Nov 2023 | 4 &#8211; 6 pm, <a href=\"https:\/\/www.fu-berlin.de\/sites\/nein-heisst-nein\/Termine-SBDG\/Termine-25N-2023\/20231127_Dialog-Kritische-Maennlichkeit-oder-Kritik-an-Maennlichkeit_.html\">Moderated Discussion &#8222;Critical Masculinity or Criticisms of Masculinity?&#8220;<\/a> only for men* and male students, registration required<\/li><li>28.11.2023 | 09:00 &#8211; 13:00, <a href=\"https:\/\/www.fu-berlin.de\/sites\/nein-heisst-nein\/Termine-SBDG\/Termine-25N-2023\/20231128_Workshop-Geschlechterkonstruktionen-und-Koerper-Feministisches-Theater-der-Unterdrueckten.html\">Workshop &#8222;Geschlechterkonstruktionen und K\u00f6rper &#8211; Feministisches Theater der Unterdr\u00fcckten&#8220;<\/a>, nur f\u00fcr FLINTA*\/Studierende, Anmeldung erforderlich<\/li><li>28.11.2023 | 13:30 &#8211; 15:00, <a href=\"https:\/\/www.fu-berlin.de\/sites\/nein-heisst-nein\/Termine-SBDG\/Termine-25N-2023\/20231128_Forum-Umgang-mit-sexualisierter-Belaestigung-Diskriminierung-Gewalt-an-Hochschulen-Konzepte-und-Perspektiven.html\">Forum mit Kurzvortr\u00e4gen zum Umgang mit sexualisierter Bel\u00e4stigung, Diskriminierung und Gewalt an Hochschulen &#8211; Konzepte und Perspektiven<\/a>, offen f\u00fcr alle, keine Anmeldung erforderlich<\/li><li>29.11.2023 | 16:00 &#8211; 17:30, <a href=\"https:\/\/www.fu-berlin.de\/sites\/nein-heisst-nein\/Termine-SBDG\/Termine-25N-2023\/20231129_Theaterauffuehrung-MARTA-Theaterstueck-durch-den-Koerper-und-die-Biographie.html\">Theaterauff\u00fchrung &#8222;MARTA &#8211; Theaterst\u00fcck durch den K\u00f6rper und die Biographie&#8220;<\/a>, offen f\u00fcr alle, keine Anmeldung erforderlich <\/li><\/ul>\n\n\n\n<p>Besch\u00e4ftigte der Freien Universit\u00e4t k\u00f6nnen an den Veranstaltungen im Rahmen der Arbeitszeit teilnehmen, sofern keine dienstlichen Gr\u00fcnde entgegenstehen.<\/p>\n\n\n\n<p>Kontakt: <a rel=\"noreferrer noopener\" href=\"mailto:november25@campus.fu-berlin.de\" target=\"_blank\">november25@campus.fu-berlin.de<\/a>, Wendy Stollberg<\/p>\n\n\n<div class=\"wp-block-image\">\n<figure class=\"aligncenter size-large is-resized\"><img loading=\"lazy\" decoding=\"async\" src=\"https:\/\/blogs.fu-berlin.de\/frauenbeauftragte\/files\/2023\/11\/Plakat_A3_MARTA_FreieUni_page-0001-724x1024.jpg\" alt=\"\" class=\"wp-image-7296\" width=\"724\" height=\"1024\" srcset=\"https:\/\/blogs.fu-berlin.de\/frauenbeauftragte\/files\/2023\/11\/Plakat_A3_MARTA_FreieUni_page-0001-724x1024.jpg 724w, https:\/\/blogs.fu-berlin.de\/frauenbeauftragte\/files\/2023\/11\/Plakat_A3_MARTA_FreieUni_page-0001-212x300.jpg 212w, https:\/\/blogs.fu-berlin.de\/frauenbeauftragte\/files\/2023\/11\/Plakat_A3_MARTA_FreieUni_page-0001-768x1086.jpg 768w, https:\/\/blogs.fu-berlin.de\/frauenbeauftragte\/files\/2023\/11\/Plakat_A3_MARTA_FreieUni_page-0001-1086x1536.jpg 1086w, https:\/\/blogs.fu-berlin.de\/frauenbeauftragte\/files\/2023\/11\/Plakat_A3_MARTA_FreieUni_page-0001-1448x2048.jpg 1448w, https:\/\/blogs.fu-berlin.de\/frauenbeauftragte\/files\/2023\/11\/Plakat_A3_MARTA_FreieUni_page-0001-1200x1697.jpg 1200w, https:\/\/blogs.fu-berlin.de\/frauenbeauftragte\/files\/2023\/11\/Plakat_A3_MARTA_FreieUni_page-0001.jpg 1754w\" sizes=\"auto, (max-width: 709px) 85vw, (max-width: 909px) 67vw, (max-width: 984px) 61vw, (max-width: 1362px) 45vw, 600px\" \/><\/figure><\/div>\n\n\n<hr class=\"wp-block-separator has-alpha-channel-opacity\" \/>\n","protected":false},"excerpt":{"rendered":"<p>Aktionstage: 21.-29. November 2023 &#8211; Zum Internationalen Tag zur Beseitigung von Gewalt gegen Frauen (25.11.) organisiert das Team Zentrale Frauenbeauftragte auch in diesem Jahr Anti-Gewalt-Aktionstage. Aufstehen gegen sexualisierte Gewalt! &#8211; unter diesem Motto laden vielf\u00e4ltige Angebote, wie ein Expertinnen-Forum, ein Theaterst\u00fcck und diverse Workshops zur Auseinandersetzung mit dem Thema ein.<\/p>\n","protected":false},"author":7120,"featured_media":3762,"comment_status":"open","ping_status":"open","sticky":false,"template":"","format":"standard","meta":{"footnotes":""},"categories":[428608],"tags":[433140,215230,433967,437124,233545,437419,437425],"class_list":["post-7169","post","type-post","status-publish","format-standard","has-post-thumbnail","hentry","category-informiert","tag-sbdg","tag-gewalt","tag-nomeansno","tag-wissenschaftlerinnen","tag-studierende","tag-beschaeftigte","tag-belaestigung"],"_links":{"self":[{"href":"https:\/\/blogs.fu-berlin.de\/frauenbeauftragte\/wp-json\/wp\/v2\/posts\/7169","targetHints":{"allow":["GET"]}}],"collection":[{"href":"https:\/\/blogs.fu-berlin.de\/frauenbeauftragte\/wp-json\/wp\/v2\/posts"}],"about":[{"href":"https:\/\/blogs.fu-berlin.de\/frauenbeauftragte\/wp-json\/wp\/v2\/types\/post"}],"author":[{"embeddable":true,"href":"https:\/\/blogs.fu-berlin.de\/frauenbeauftragte\/wp-json\/wp\/v2\/users\/7120"}],"replies":[{"embeddable":true,"href":"https:\/\/blogs.fu-berlin.de\/frauenbeauftragte\/wp-json\/wp\/v2\/comments?post=7169"}],"version-history":[{"count":37,"href":"https:\/\/blogs.fu-berlin.de\/frauenbeauftragte\/wp-json\/wp\/v2\/posts\/7169\/revisions"}],"predecessor-version":[{"id":7337,"href":"https:\/\/blogs.fu-berlin.de\/frauenbeauftragte\/wp-json\/wp\/v2\/posts\/7169\/revisions\/7337"}],"wp:featuredmedia":[{"embeddable":true,"href":"https:\/\/blogs.fu-berlin.de\/frauenbeauftragte\/wp-json\/wp\/v2\/media\/3762"}],"wp:attachment":[{"href":"https:\/\/blogs.fu-berlin.de\/frauenbeauftragte\/wp-json\/wp\/v2\/media?parent=7169"}],"wp:term":[{"taxonomy":"category","embeddable":true,"href":"https:\/\/blogs.fu-berlin.de\/frauenbeauftragte\/wp-json\/wp\/v2\/categories?post=7169"},{"taxonomy":"post_tag","embeddable":true,"href":"https:\/\/blogs.fu-berlin.de\/frauenbeauftragte\/wp-json\/wp\/v2\/tags?post=7169"}],"curies":[{"name":"wp","href":"https:\/\/api.w.org\/{rel}","templated":true}]}}