{"id":7297,"date":"2023-11-15T10:00:00","date_gmt":"2023-11-15T09:00:00","guid":{"rendered":"https:\/\/blogs.fu-berlin.de\/frauenbeauftragte\/?p=7297"},"modified":"2023-11-26T16:14:46","modified_gmt":"2023-11-26T15:14:46","slug":"kandidieren-fuer-den-frauenrat","status":"publish","type":"post","link":"https:\/\/blogs.fu-berlin.de\/frauenbeauftragte\/2023\/11\/15\/kandidieren-fuer-den-frauenrat\/","title":{"rendered":"Kandidieren f\u00fcr den Frauenrat"},"content":{"rendered":"\n<div class=\"wp-block-media-text alignwide is-stacked-on-mobile\"><figure class=\"wp-block-media-text__media\"><img loading=\"lazy\" decoding=\"async\" width=\"600\" height=\"400\" src=\"https:\/\/blogs.fu-berlin.de\/frauenbeauftragte\/files\/2021\/12\/Frauenrat_Wahlaufruf_Blog.png\" alt=\"\" class=\"wp-image-992 size-full\" srcset=\"https:\/\/blogs.fu-berlin.de\/frauenbeauftragte\/files\/2021\/12\/Frauenrat_Wahlaufruf_Blog.png 600w, https:\/\/blogs.fu-berlin.de\/frauenbeauftragte\/files\/2021\/12\/Frauenrat_Wahlaufruf_Blog-300x200.png 300w\" sizes=\"auto, (max-width: 709px) 85vw, (max-width: 909px) 67vw, (max-width: 984px) 61vw, (max-width: 1362px) 45vw, 600px\" \/><\/figure><div class=\"wp-block-media-text__content\">\n<p><strong>Frist zur Kandidatur: 24. November 2023<\/strong> &#8211; Im Januar 2024 wird der zentrale Frauenrat neu gew\u00e4hlt. Aktuell l\u00e4uft die Frist zur Kandidatur f\u00fcr das gleichstellungspolitische Gremium, in dem Studentinnen, wissenschaftliche Mitarbeiterinnen, Professorinnen sowie Mitarbeiterinnen in Technik, Service und Verwaltung parit\u00e4tisch vertreten sind. Was hat es damit auf sich? Welche Gestaltungsm\u00f6glichkeiten bietet das Gremium?<\/p>\n\n\n\n<!--more-->\n<\/div><\/div>\n\n\n\n<p><em>Wahlgremium f\u00fcr die Wahl der hauptberuflichen Frauen- und Gleichstellungsbeauftragten und deren nebenberufliche Stellvertreterinnen<\/em> <strong>\u2013<\/strong> so lautet die eher sperrige offizielle Bezeichnung des Gremiums, das auch als zentraler Frauenrat firmiert, in der <a rel=\"noreferrer noopener\" href=\"https:\/\/www.fu-berlin.de\/sites\/abt-1\/referate\/1d\/wahlvorstand\/bekanntmachungen\/Frauenwahlgremium\/2023\/Bek__09_23_Neuwahl_WG_hbF.pdf\" target=\"_blank\">Wahlbekanntmachung<\/a>. Eine gewichtige Aufgabe ist in dieser Bezeichnung bereits enthalten: Das Gremium w\u00e4hlt alle sechs Jahre die zentrale Frauen- und Gleichstellungsbeauftragte und alle drei Jahre deren Stellvertreterinnen. Vor der Wahl der amtierenden zentralen Frauen- und Gleichstellungsbeauftragten hat das Wahlgremium z.B. mehrere Kandidatinnen f\u00fcr das Amt angeh\u00f6rt und befragt. Die n\u00e4chste Wahl steht bereits Ende Januar 2024 an, wenn der neu gew\u00e4hlte Frauenrat zum ersten Mal zusammentrifft. Dann werden voraussichtlich gleich zwei Stellvertreterinnen zu w\u00e4hlen sein.<\/p>\n\n\n\n<p>Doch die Wahl ist nur eine Aufgabe des Gremiums. Dar\u00fcber hinaus ber\u00e4t es die zentrale Frauen- und Gleichstellungsbeauftragte und unterst\u00fctzt ihre Arbeit. Dabei geht es um verschiedene Handlungsfelder wie Frauenf\u00f6rderung, geschlechtergerechte Organisationskultur und Personalpolitik oder Geschlechtergerechtigkeit in Studium und Lehre. Die beratende Aufgabe des Gremiums umfasst die Diskussion aktueller hochschulpolitischer Themen. <\/p>\n\n\n\n<p class=\"has-medium-font-size\">Warum kandidieren?<\/p>\n\n\n\n<p>Eine Mitgliedschaft im Frauenrat ist eine gute M\u00f6glichkeit, einen Einblick in Hochschul- und Gleichstellungspolitik zu gewinnen, diese mitzugestalten und sich \u00fcber F\u00e4cher und Statusgruppen hinweg zu vernetzen. Da das Gremium nach dem Grundsatz der Viertelparit\u00e4t gew\u00e4hlt wird, sind Mitglieder aller Statusgruppen gleichberechtigt vertreten, egal ob Professorinnen oder Studentinnen. Mit einem zweimonatigen Sitzungsrhythmus ist der Arbeitsaufwand in der Regel \u00fcberschaubar. <\/p>\n\n\n\n<p>Alle zwei Jahre spricht der Frauenrat eine Empfehlung zur Vergabe des <a rel=\"noreferrer noopener\" href=\"https:\/\/www.mvbz.fu-berlin.de\/ueber-uns\/ueber-margherita-von-brentano\/margherita-von-brentano-preis\/index.html\" target=\"_blank\">Margherita-von-Brentano-Preises<\/a><strong> <\/strong>aus. 15.000 Euro vergibt das Pr\u00e4sidium mit diesem Preis f\u00fcr Leistungen in der Geschlechterforschung bzw. der Gleichstellung mit Bezug zur FU. Der Frauenrat ist also an einer Entscheidung \u00fcber ein betr\u00e4chtliches Preisgeld beteiligt <strong>\u2013<\/strong> der Preis ist eine der h\u00f6chstdotierten Auszeichnungen dieser Art. Die Auswahl der Preistr\u00e4ger*innen bietet die M\u00f6glichkeit, spannende Projekte kennenzulernen und zu diskutieren.<\/p>\n\n\n\n<p class=\"has-medium-font-size\">Wer kann kandidieren?<\/p>\n\n\n\n<p>Das aktive und passive Wahlrecht f\u00fcr den Frauenrat ist den weiblichen Mitgliedern der FU vorbehalten, d.h. ausschlie\u00dflich Frauen k\u00f6nnen f\u00fcr das Amt kandidieren. Kandidiert wird jeweils f\u00fcr die Vertretung einer Statusgruppe in dem Gremium: Studentinnen, Mitarbeiterinnen in Technik, Service und Verwaltung, wissenschaftliche Mitarbeiterinnen oder Professorinnen. <\/p>\n\n\n\n<p class=\"has-medium-font-size\">Wie weiter bei Interesse?<\/p>\n\n\n\n<p>Interessierte k\u00f6nnen sich an die Gesch\u00e4ftsf\u00fchrung des Frauenrats wenden, die beim Team Zentrale Frauenbeauftragte liegt (Ansprechpartnerin: <a rel=\"noreferrer noopener\" href=\"https:\/\/www.fu-berlin.de\/sites\/frauenbeauftragte\/ueber-uns\/team\/buerokoordination-veranstaltungsmanagement\/Streckenbach.html\" target=\"_blank\">Angela Streckenbach<\/a>). Formal ist f\u00fcr die Kandidatur die Einreichung eines Wahlvorschlags erforderlich. Informationen zum Wahlprocedere erteilt auch der <a rel=\"noreferrer noopener\" href=\"https:\/\/www.fu-berlin.de\/sites\/abt-1\/referate\/1d\/wahlvorstand\/index.html\" target=\"_blank\">Zentrale Wahlvorstand<\/a>. Am <strong>24. November, 12 Uhr<\/strong>, endet die Frist f\u00fcr die Kandidatur. <\/p>\n\n\n\n<p>Nach der Bekanntgabe der Kandidatinnen durch den Zentralen Wahlvorstand sind am <strong>16. Januar 2024<\/strong> alle weiblichen Mitglieder der FU zur Wahl aufgerufen. Bis dahin k\u00f6nnen Kandidatinnen in ihrem Umfeld f\u00fcr Stimmen werben. Das Wahlergebnis wird zeitnah durch den zentralen Wahlvorstand bekanntgegeben. Bereits zwei Wochen nach der Wahl, am 30. Januar 2024, findet voraussichtlich die konstituierende Sitzung des zentralen Frauenrats statt. Dieser Termin ist durch den Termin f\u00fcr die Wahl von zwei Stellvertreterinnen der zentralen Frauen- und Gleichstellungsbeauftragten vorgegeben. <\/p>\n\n\n\n<p class=\"has-medium-font-size\">Weitere Optionen f\u00fcr Gleichstellungsinteressierte<\/p>\n\n\n\n<p>Ebenfalls am 16. Januar 2024 werden in den Fachbereichen (FB), den meisten Zentralinstituten (ZI), einigen Zentraleinrichtungen (ZE) sowie in der <a rel=\"noreferrer noopener\" href=\"https:\/\/www.fu-berlin.de\/sites\/abt-1\/referate\/1d\/wahlvorstand\/bekanntmachungen\/Frauenwahlgremium\/2023\/Bek__10_23_Neuwahl_WG_nbF_ZUV_UB.pdf\" target=\"_blank\">Zentralen Universit\u00e4tsverwaltung (ZUV) und der Universit\u00e4tsbibliothek (UB) <\/a>dezentrale Frauenr\u00e4te gew\u00e4hlt, die zust\u00e4ndig f\u00fcr die Wahl der jeweiligen dezentralen Frauen- und Gleichstellungsbeauftragten und ihrer Stellvertreterin sind. Die Wahlen in den FB, ZI und ZE werden jeweils von den <a href=\"https:\/\/www.fu-berlin.de\/sites\/abt-1\/referate\/1d\/wahlvorstand\/dezentral\/index.html\" target=\"_blank\" rel=\"noreferrer noopener\">dezentralen Wahlvorst\u00e4nden<\/a> organisiert. Wer im eigenen Fachbereich oder Zentralinstitut gleichstellungspolitisch mitwirken m\u00f6chte, kann f\u00fcr das entsprechende Gremium kandidieren. Eine gute Ansprechpartnerin, um sich \u00fcber die Aktivit\u00e4ten eines dezentralen Frauenrats zu informieren, sind die jeweiligen <a rel=\"noreferrer noopener\" href=\"https:\/\/www.fu-berlin.de\/sites\/frauenbeauftragte\/ueber-uns\/df\/index.html\" target=\"_blank\">dezentralen Frauen- und Gleichstellungsbeauftragten<\/a>.<\/p>\n\n\n\n<p>Nach den Wahlgremien werden in verschiedenen Bereichen Ende Januar auch die Frauen- und Gleichstellungsbeauftragten und deren Stellvertreterinnen neu gew\u00e4hlt. \u00dcber diese Wahlen informieren jeweils die zust\u00e4ndigen dezentralen Wahlvorst\u00e4nde per Wahlbekanntmachung. Auch bei Interesse f\u00fcr diese \u00c4mter k\u00f6nnen die amtierenden Frauen- und Gleichstellungsbeauftragte angesprochen werden.<\/p>\n\n\n\n<p>Unabh\u00e4ngig davon, ob weibliche FU-Mitglieder sich f\u00fcr eine Kandidatur f\u00fcr ein Amt entscheiden, hei\u00dft es Mitte Januar f\u00fcr alle: W\u00e4hlen gehen! Denn mitentscheidend f\u00fcr St\u00e4rke und R\u00fcckhalt des Frauenrats ist eine beteiligungsstarke Wahl &#8211; auf zentraler wie auf dezentraler Ebene. <\/p>\n\n\n\n<hr class=\"wp-block-separator has-alpha-channel-opacity\" \/>\n\n\n\n<p class=\"has-medium-font-size\">Im \u00dcberblick:<\/p>\n\n\n\n<ul class=\"wp-block-list\"><li><a rel=\"noreferrer noopener\" href=\"https:\/\/www.fu-berlin.de\/sites\/abt-1\/referate\/1d\/wahlvorstand\/bekanntmachungen\/Frauenwahlgremium\/2023\/Bek__09_23_Neuwahl_WG_hbF.pdf\" target=\"_blank\">Wahlbekanntmachung zentraler Frauenrat<\/a><\/li><li><a rel=\"noreferrer noopener\" href=\"https:\/\/www.fu-berlin.de\/sites\/abt-1\/referate\/1d\/wahlvorstand\/bekanntmachungen\/Frauenwahlgremium\/2023\/Bek__10_23_Neuwahl_WG_nbF_ZUV_UB.pdf\" target=\"_blank\">Wahlbekanntmachung Frauenr\u00e4te ZUV und UB<\/a><\/li><li><a href=\"https:\/\/www.fu-berlin.de\/sites\/abt-1\/referate\/1d\/wahlvorstand\/dezentral\/index.html\" target=\"_blank\" rel=\"noreferrer noopener\">Dezentrale Wahlvorst\u00e4nde<\/a><\/li><li>Frist f\u00fcr Wahlvorschl\u00e4ge: Freitag, 24.11.2023, 12 Uhr<\/li><li>Wahlen: Dienstag, 16. Januar 2024<\/li><\/ul>\n\n\n\n<hr class=\"wp-block-separator has-alpha-channel-opacity\" \/>\n","protected":false},"excerpt":{"rendered":"<p>Frist zur Kandidatur: 24. November 2023 &#8211; Im Januar 2024 wird der zentrale Frauenrat neu gew\u00e4hlt. Aktuell l\u00e4uft die Frist zur Kandidatur f\u00fcr das gleichstellungspolitische Gremium, in dem Studentinnen, wissenschaftliche Mitarbeiterinnen, Professorinnen sowie Mitarbeiterinnen in Technik, Service und Verwaltung parit\u00e4tisch vertreten sind. Was hat es damit auf sich? Welche Gestaltungsm\u00f6glichkeiten bietet das Gremium?<\/p>\n","protected":false},"author":3850,"featured_media":7369,"comment_status":"open","ping_status":"open","sticky":false,"template":"","format":"standard","meta":{"footnotes":""},"categories":[428608,603],"tags":[433454,437124,437402,437419,437420],"class_list":["post-7297","post","type-post","status-publish","format-standard","has-post-thumbnail","hentry","category-informiert","category-vorgestellt","tag-gleichstellungspolitik","tag-wissenschaftlerinnen","tag-frauenbeauftragte","tag-beschaeftigte","tag-studentinnen"],"_links":{"self":[{"href":"https:\/\/blogs.fu-berlin.de\/frauenbeauftragte\/wp-json\/wp\/v2\/posts\/7297","targetHints":{"allow":["GET"]}}],"collection":[{"href":"https:\/\/blogs.fu-berlin.de\/frauenbeauftragte\/wp-json\/wp\/v2\/posts"}],"about":[{"href":"https:\/\/blogs.fu-berlin.de\/frauenbeauftragte\/wp-json\/wp\/v2\/types\/post"}],"author":[{"embeddable":true,"href":"https:\/\/blogs.fu-berlin.de\/frauenbeauftragte\/wp-json\/wp\/v2\/users\/3850"}],"replies":[{"embeddable":true,"href":"https:\/\/blogs.fu-berlin.de\/frauenbeauftragte\/wp-json\/wp\/v2\/comments?post=7297"}],"version-history":[{"count":24,"href":"https:\/\/blogs.fu-berlin.de\/frauenbeauftragte\/wp-json\/wp\/v2\/posts\/7297\/revisions"}],"predecessor-version":[{"id":7462,"href":"https:\/\/blogs.fu-berlin.de\/frauenbeauftragte\/wp-json\/wp\/v2\/posts\/7297\/revisions\/7462"}],"wp:featuredmedia":[{"embeddable":true,"href":"https:\/\/blogs.fu-berlin.de\/frauenbeauftragte\/wp-json\/wp\/v2\/media\/7369"}],"wp:attachment":[{"href":"https:\/\/blogs.fu-berlin.de\/frauenbeauftragte\/wp-json\/wp\/v2\/media?parent=7297"}],"wp:term":[{"taxonomy":"category","embeddable":true,"href":"https:\/\/blogs.fu-berlin.de\/frauenbeauftragte\/wp-json\/wp\/v2\/categories?post=7297"},{"taxonomy":"post_tag","embeddable":true,"href":"https:\/\/blogs.fu-berlin.de\/frauenbeauftragte\/wp-json\/wp\/v2\/tags?post=7297"}],"curies":[{"name":"wp","href":"https:\/\/api.w.org\/{rel}","templated":true}]}}