{"id":7511,"date":"2023-12-01T16:44:59","date_gmt":"2023-12-01T15:44:59","guid":{"rendered":"https:\/\/blogs.fu-berlin.de\/frauenbeauftragte\/?p=7511"},"modified":"2023-12-05T12:33:33","modified_gmt":"2023-12-05T11:33:33","slug":"kandidieren-fuer-gleichstellung","status":"publish","type":"post","link":"https:\/\/blogs.fu-berlin.de\/frauenbeauftragte\/2023\/12\/01\/kandidieren-fuer-gleichstellung\/","title":{"rendered":"Kandidieren f\u00fcr Gleichstellung"},"content":{"rendered":"\n<div class=\"wp-block-media-text alignwide is-stacked-on-mobile\"><figure class=\"wp-block-media-text__media\"><img loading=\"lazy\" decoding=\"async\" width=\"877\" height=\"433\" src=\"https:\/\/blogs.fu-berlin.de\/frauenbeauftragte\/files\/2022\/05\/Frauenbeauftragte_Logo_RGB.jpg\" alt=\"\" class=\"wp-image-2353 size-full\" srcset=\"https:\/\/blogs.fu-berlin.de\/frauenbeauftragte\/files\/2022\/05\/Frauenbeauftragte_Logo_RGB.jpg 877w, https:\/\/blogs.fu-berlin.de\/frauenbeauftragte\/files\/2022\/05\/Frauenbeauftragte_Logo_RGB-300x148.jpg 300w, https:\/\/blogs.fu-berlin.de\/frauenbeauftragte\/files\/2022\/05\/Frauenbeauftragte_Logo_RGB-768x379.jpg 768w\" sizes=\"auto, (max-width: 709px) 85vw, (max-width: 909px) 67vw, (max-width: 1362px) 62vw, 840px\" \/><\/figure><div class=\"wp-block-media-text__content\">\n<p><strong>Frist f\u00fcr Wahlvorschl\u00e4ge: 8. Dezember 2023<\/strong> <strong>| 12 Uhr<\/strong> \u2013 Im Januar 2024 k\u00f6nnen bis zu <a href=\"https:\/\/www.fu-berlin.de\/sites\/abt-1\/referate\/1d\/wahlvorstand\/bekanntmachungen\/Frauenwahlgremium\/2023\/Bek__11_23_Neuwahl_-Stellv_F_hauptF.pdf\" target=\"_blank\" rel=\"noreferrer noopener\">zwei weitere Stellvertreterinnen der zentralen Frauen- und Gleichstellungsbeauftragten<\/a> gew\u00e4hlt werden. Weibliche Angeh\u00f6rige der Freien Universit\u00e4t aus allen Mitgliedergruppen k\u00f6nnen f\u00fcr das Amt kandidieren. Wie l\u00e4uft der Wahlprozess ab und welche Gestaltungsm\u00f6glichkeiten bietet das Amt?<\/p>\n\n\n\n<!--more-->\n<\/div><\/div>\n\n\n\n<p>Die Frauen- und Gleichstellungsbeauftragten und deren Stellvertreterinnen haben den <a rel=\"noreferrer noopener\" href=\"https:\/\/www.fu-berlin.de\/sites\/frauenbeauftragte\/ueber-uns\/ziele\/index.html\" target=\"_blank\">gesetzlichen Auftrag<\/a>, \u201eauf die Herstellung der verfassungsrechtlich gebotenen Chancengleichheit von Frauen in der Hochschule und auf die Beseitigung bestehender Nachteile f\u00fcr weibliche Mitglieder der Hochschule\u201c hinzuwirken. Auf zentraler Ebene \u00fcbt <a rel=\"noreferrer noopener\" href=\"https:\/\/www.fu-berlin.de\/sites\/frauenbeauftragte\/ueber-uns\/team\/zentrale-frauen-und-gleichstellungsbeauftragte-und-stellvertreterin\/corinna-tomberger.html\" target=\"_blank\">Dr. Corinna Tomberger<\/a> das Amt seit April 2023 hauptberuflich aus, <a href=\"https:\/\/www.fu-berlin.de\/sites\/frauenbeauftragte\/ueber-uns\/team\/zentrale-frauen-und-gleichstellungsbeauftragte-und-stellvertreterin\/katharina-schmidt.html\">Katharina Schmidt<\/a> ist als nebenberufliche Stellvertreterin seit Juli 2022 im Amt.<\/p>\n\n\n\n<p class=\"has-medium-font-size\">Mehr Ressourcen f\u00fcr Gleichstellung<\/p>\n\n\n\n<p>K\u00fcnftig sind an der Freien Universit\u00e4t drei, statt wie bisher zwei Stellvertreterinnen der zentralen Frauen- und Gleichstellungsbeauftragten vorgesehen. Dies legt die <a rel=\"noreferrer noopener\" href=\"https:\/\/www.fu-berlin.de\/service\/zuvdocs\/amtsblatt\/2023\/ab452023.pdf\" target=\"_blank\">Einstweilige Regelung \u00fcber die Wahl der hauptberuflichen Frauen- und Gleichstellungsbeauftragten und ihrer Stellvertreterinnen<\/a> fest, mit der das Pr\u00e4sidium die rechtlichen Voraussetzungen geschaffen hat, um die kommende Wahl auf zentraler Ebene angepasst an das novellierte Berliner Hochschulgesetz durchzuf\u00fchren. Auch die Amtsbezeichnung hat sich mit Anpassung an die Gesetzesnovelle ge\u00e4ndert: Aus Frauenbeauftragte wurde Frauen- und Gleichstellungsbeauftragte, der gesetzliche Auftrag bleibt jedoch gleich. <\/p>\n\n\n\n<p>Die Stellvertreterinnen werden durch ein zentrales Wahlgremium, den <a href=\"https:\/\/www.fu-berlin.de\/sites\/frauenbeauftragte\/termine\/20240116-wahl-frauen-und-gleichstellungsrat.html\" target=\"_blank\" rel=\"noreferrer noopener\">zentralen Frauen- und Gleichstellungsrat<\/a>, aus dem Kreis der weiblichen Angeh\u00f6rigen der Freien Universit\u00e4t f\u00fcr eine Amtszeit von drei Jahren gew\u00e4hlt. Stellvertreterinnen mit Besch\u00e4ftigtenstatus an der FU werden f\u00fcr das Amt auf zentraler Ebene im Umfang einer halben Stelle von ihren Dienstaufgaben freigestellt. Studentische Amtsinhaberinnen erhalten eine Aufwandsentsch\u00e4digung.<\/p>\n\n\n\n<p class=\"has-medium-font-size\">Gestaltungsspielraum des Amtes<\/p>\n\n\n\n<p>Laut Berliner Hochschulgesetz beraten und unterst\u00fctzen die Frauen- und Gleichstellungsbeauftragten Leitung, Organe und Einrichtungen der Hochschule \u201ein allen die Chancengleichheit betreffenden Angelegenheiten\u201c. Die hauptberufliche Amtsinhaberin wie deren Stellvertreterinnen haben daher eine gro\u00dfe Bandbreite an Handlungsfeldern. Da sie in der Aus\u00fcbung ihrer \u00c4mter nicht weisungsgebunden sind, k\u00f6nnen sie eigene Schwerpunkte setzen, etwa Geschlechtergerechtigkeit in MINT (Mathematik, Informatik, Naturwissenschaften und Technik), die Vereinbarkeit von Studium\/Beruf und Care-Aufgaben, die F\u00f6rderung von Nachwuchswissenschaftlerinnen oder die Aufwertung der T\u00e4tigkeit in den Hochschulsekretariaten.<\/p>\n\n\n\n<p>Das <a href=\"https:\/\/www.fu-berlin.de\/sites\/frauenbeauftragte\/ueber-uns\/team\/index.html\" target=\"_blank\" rel=\"noreferrer noopener\">Team Zentrale Frauenbeauftragte<\/a> besteht neben der zentralen Frauen- und Gleichstellungsbeauftragten und aktuell einer Stellvertreterin aus mehreren Referentinnen mit verschiedenen Schwerpunkten, einem Team f\u00fcr B\u00fcrokoordination und Veranstaltungsmanagement sowie Projektmitarbeiter*innen. Die Teambezeichnung, die von der fr\u00fcheren Amtsbezeichnung abgeleitet ist, steht f\u00fcr das Selbstverst\u00e4ndnis als ein Team mit vielf\u00e4ltigen Kompetenzen und Expertisen, das in kollegialer Zusammenarbeit Geschlechtergerechtigkeit an der Freien Universit\u00e4t weiter voranzubringen sucht.<\/p>\n\n\n\n<p class=\"has-medium-font-size\">Wahlen in Fachbereichen, Zentralinstituten und Zentraleinrichtungen<\/p>\n\n\n\n<p>In vielen Bereichen finden Ende Januar 2024 ebenfalls Neuwahlen der dezentralen Frauen- und Gleichstellungsbeauftragten und ihrer Stellvertreterinnen statt, die weiterhin nach der <a rel=\"noreferrer noopener\" href=\"https:\/\/www.fu-berlin.de\/sites\/abt-1\/referate\/1d\/wahlvorstand\/vorschriften\/erfrauen.pdf\" target=\"_blank\">bisherigen Regelung<\/a> durchgef\u00fchrt werden. Auch f\u00fcr die dezentrale Ebene sieht das novellierte Berliner Hochschulgesetz mehr Ressourcen vor. Eine entsprechende Anpassung der FU-Regelung ist im Rahmen der k\u00fcnftigen Grundordnung der Freien Universit\u00e4t vorgesehen, die derzeit erarbeitet wird. Neu gew\u00e4hlt wird am 30. Januar 2024 in folgenden Bereichen:<\/p>\n\n\n\n<ul class=\"wp-block-list\"><li>Fachbereich Erziehungswissenschaft und Psychologie<\/li><li>Fachbereich Geowissenschaften<\/li><li>Fachbereich Geschichts- und Kulturwissenschaften<\/li><li>Fachbereich Physik<\/li><li>Fachbereich Rechtswissenschaft<\/li><li>Fachbereich Veterin\u00e4rmedizin<\/li><li>Dahlem School of Education<\/li><li>John-F.-Kennedy-Institut f\u00fcr Nordamerikastudien<\/li><li>Margherita-von-Brentano-Zentrum<\/li><li>Zentraleinrichtung Botanischer Garten und Botanisches Museum<\/li><li>Zentraleinrichtung FUB-IT<\/li><li>Zentraleinrichtung Hochschulsport<\/li><li>Zentraleinrichtung Sprachenzentrum<\/li><li>Universit\u00e4tsbibliothek<\/li><\/ul>\n\n\n\n<p>Auf dezentraler Ebene haben alle weiblichen  Angeh\u00f6rigen des jeweiligen Bereichs das passive Wahlrecht, k\u00f6nnen also f\u00fcr die \u00c4mter kandidieren. Auch auf Bereichsebene ist f\u00fcr das Amt eine Kompensation durch Freistellung oder Aufwandsentsch\u00e4digung vorgesehen, deren Umfang von der Gr\u00f6\u00dfe des Bereichs abh\u00e4ngt. Gew\u00e4hlt wird in der Regel durch dezentrale Wahlgremien, in kleinen Bereichen durch eine Frauenvollversammlung. Informationen \u00fcber die Wahlen erteilen die zust\u00e4ndigen <a rel=\"noreferrer noopener\" href=\"https:\/\/www.fu-berlin.de\/sites\/abt-1\/referate\/1d\/wahlvorstand\/dezentral\" target=\"_blank\">dezentralen Wahlvorst\u00e4nde<\/a>, f\u00fcr die zentralen Dienstleistungsbereiche, zu denen die Universit\u00e4tsbibliothek z\u00e4hlt, der <a rel=\"noreferrer noopener\" href=\"https:\/\/www.fu-berlin.de\/sites\/abt-1\/referate\/1d\/wahlvorstand\/index.html\" target=\"_blank\">Zentrale Wahlvorstand<\/a>. <\/p>\n\n\n\n<p class=\"has-medium-font-size\">Mehr Sichtbarkeit f\u00fcr Gleichstellung<\/p>\n\n\n\n<p>Obwohl das Amt der Frauenbeauftragten an der Freien Universit\u00e4t vor \u00fcber <a rel=\"noreferrer noopener\" href=\"https:\/\/www.fu-berlin.de\/sites\/frauenbeauftragte\/media\/WRB_022017_Webversion.pdf\" target=\"_blank\">30 Jahren<\/a> eingerichtet wurde, sind dessen Aufgaben vielen Hochschulmitgliedern wenig bekannt. Auch ist es nicht immer einfach, Interessentinnen f\u00fcr das Amt zu finden; derzeit sind mehrere \u00c4mter unbesetzt. Um dies zu \u00e4ndern, das Amt bekannter und sichtbarer zu machen, bereitet das Team Zentrale Frauenbeauftragte in Kooperation mit der Stabsstelle Kommunikation und Marketing eine <a href=\"https:\/\/www.fu-berlin.de\/campusleben\/vorgestellt\/2023\/231204-portraet-gisela-romain\/index.html\" target=\"_blank\" rel=\"noreferrer noopener\">Serie mit Portr\u00e4ts<\/a> von amtierenden Frauen- und Gleichstellungsbeauftragten und ehemaligen Frauenbeauftragten der Freien Universit\u00e4t vor. Diese veranschaulichen das breite Spektrum an Aufgaben und Gestaltungsm\u00f6glichkeiten. <\/p>\n\n\n\n<p>Diverse Frauen, die in den vergangenen Jahrzehnten als Frauenbeauftragte auf zentraler und dezentraler Ebene t\u00e4tig waren, sind im weiteren Verlauf ihres Berufslebens in leitende Positionen an der Freien Universit\u00e4t aufgestiegen. Das \u00fcberrascht nicht, bietet das Amt doch die M\u00f6glichkeit, die eigenen Kompetenzen zu erweitern, Wissen \u00fcber Hochschulstrukturen zu erwerben und Erfahrungen in strategischem Handeln an der Hochschule zu gewinnen.<\/p>\n\n\n\n<p>Zu den dezentralen Frauenbeauftragten der ersten Jahre geh\u00f6rte <a rel=\"noreferrer noopener\" href=\"https:\/\/www.lai.fu-berlin.de\/homepages\/braig\/index.html\" target=\"_blank\">Dr. Marianne Braig<\/a>, seit 2002 Universit\u00e4tsprofessorin f\u00fcr Politikwissenschaft mit Schwerpunkt Politik Lateinamerikas, langj\u00e4hriges Mitglied des Kuratoriums der Freien Universit\u00e4t und von 2020 bis 2022 Vizepr\u00e4sidentin f\u00fcr Forschung. Auch <a rel=\"noreferrer noopener\" href=\"https:\/\/www.mvbz.fu-berlin.de\/ueber-uns\/team\/pantelmann\/index.html\" target=\"_blank\">Dr. Heike Pantelmann<\/a>, Gesch\u00e4ftsf\u00fchrung des Margherita-von-Brentano-Zentrums f\u00fcr Geschlechterforschung, war \u00fcber viele Jahre als nebenberufliche Frauenbeauftragte auf Bereichsebene t\u00e4tig.<\/p>\n\n\n\n<p>Im Amt als Stellvertreterin der zentralen Frauenbeauftragten waren in der Vergangenheit gleich drei Kolleginnen, die heute Leitungspositionen in der Universit\u00e4tsverwaltung innehaben: <a rel=\"noreferrer noopener\" href=\"https:\/\/www.fu-berlin.de\/einrichtungen\/praesidium\/stabsstellen\/strategie-koordination\/index.html\" target=\"_blank\">Nicole Eschner<\/a>, kommissarische Leitung der Stabsstelle Strategie und Koordination, <a rel=\"noreferrer noopener\" href=\"https:\/\/www.geisteswissenschaften.fu-berlin.de\/administration\/verwaltung\/index.html\" target=\"_blank\">Sonja Schneller<\/a>, Verwaltungsleitung des Fachbereichs Philosophie und Geisteswissenschaften, und <a rel=\"noreferrer noopener\" href=\"https:\/\/www.fu-berlin.de\/sites\/abt-1\/referate\/1c\/team\/Wanner_Mack_Lilith.html\" target=\"_blank\">Lilith Wanner-Mack<\/a>, Leitung des Referats f\u00fcr Personalentwicklung, Welcome Service und Ausbildungsangelegenheiten. <\/p>\n\n\n\n<hr class=\"wp-block-separator has-alpha-channel-opacity\" \/>\n\n\n\n<p class=\"has-medium-font-size\">Im \u00dcberblick<\/p>\n\n\n\n<ul class=\"wp-block-list\"><li>Wahl: bis zu zwei Stellvertreterinnen der zentralen Frauen- und Gleichstellungsbeauftragten<\/li><li>Amtszeit: 3 Jahre<\/li><li>Kompensation: bis zu 50% Freistellung f\u00fcr Besch\u00e4ftigte, Aufwandsentsch\u00e4digung f\u00fcr Studentinnen<\/li><\/ul>\n\n\n\n<p><strong>Wer kann kandidieren?<\/strong><\/p>\n\n\n\n<ul class=\"wp-block-list\"><li>Alle weiblichen Hochschulangeh\u00f6rigen<\/li><\/ul>\n\n\n\n<p><strong>Wann?<\/strong><\/p>\n\n\n\n<ul class=\"wp-block-list\"><li>Wahlvorschlagsfrist: Freitag, 8. Dezember 2023, 12 Uhr<\/li><li>Wahl: Dienstag, 30. Januar 2024<\/li><\/ul>\n\n\n\n<p><strong>Weitere Informationen<\/strong> <strong>zur Wahl der Stellvertreterinnen <\/strong><\/p>\n\n\n\n<ul class=\"wp-block-list\"><li><a rel=\"noreferrer noopener\" href=\"https:\/\/www.fu-berlin.de\/sites\/abt-1\/referate\/1d\/wahlvorstand\/bekanntmachungen\/Frauenwahlgremium\/2023\/Bek__11_23_Neuwahl_-Stellv_F_hauptF.pdf\" target=\"_blank\">Wahlbekanntmachung<\/a> vom 24.11.2023<\/li><li>Zentrale Frauen- und Gleichstellungsbeauftragte <a rel=\"noreferrer noopener\" href=\"https:\/\/www.fu-berlin.de\/sites\/frauenbeauftragte\/ueber-uns\/team\/zentrale-frauen-und-gleichstellungsbeauftragte-und-stellvertreterin\/corinna-tomberger.html\" target=\"_blank\">Dr. Corinna Tomberger<\/a><\/li><li>Kontakt: <a rel=\"noreferrer noopener\" href=\"mailto:frauenbeauftragte@fu-berlin.de\" target=\"_blank\">frauenbeauftragte@fu-berlin.de<\/a> <\/li><\/ul>\n\n\n\n<p><strong>Frauen- und Gleichstellungsbeauftragte im Portr\u00e4t<\/strong><\/p>\n\n\n\n<ul class=\"wp-block-list\"><li>campus.leben: <a rel=\"noreferrer noopener\" href=\"https:\/\/www.fu-berlin.de\/campusleben\/vorgestellt\/2023\/231204-portraet-gisela-romain\/index.html\" target=\"_blank\">\u201eIm Kampf f\u00fcr Geschlechtergerechtigkeit gibt es viel zu tun\u201c Das Amt der dezentralen Frauen- und Gleichstellungsbeauftragten bringt vielf\u00e4ltige Aufgaben mit \u2013 Gisela Romain im Portr\u00e4t<\/a><\/li><\/ul>\n\n\n\n<hr class=\"wp-block-separator has-alpha-channel-opacity\" \/>\n","protected":false},"excerpt":{"rendered":"<p>Frist f\u00fcr Wahlvorschl\u00e4ge: 8. Dezember 2023 | 12 Uhr \u2013 Im Januar 2024 k\u00f6nnen bis zu zwei weitere Stellvertreterinnen der zentralen Frauen- und Gleichstellungsbeauftragten gew\u00e4hlt werden. Weibliche Angeh\u00f6rige der Freien Universit\u00e4t aus allen Mitgliedergruppen k\u00f6nnen f\u00fcr das Amt kandidieren. Wie l\u00e4uft der Wahlprozess ab und welche Gestaltungsm\u00f6glichkeiten bietet das Amt?<\/p>\n","protected":false},"author":7120,"featured_media":2353,"comment_status":"open","ping_status":"open","sticky":false,"template":"","format":"standard","meta":{"footnotes":""},"categories":[428608],"tags":[301208,433454,437402],"class_list":["post-7511","post","type-post","status-publish","format-standard","has-post-thumbnail","hentry","category-informiert","tag-frauenfoerderung","tag-gleichstellungspolitik","tag-frauenbeauftragte"],"_links":{"self":[{"href":"https:\/\/blogs.fu-berlin.de\/frauenbeauftragte\/wp-json\/wp\/v2\/posts\/7511","targetHints":{"allow":["GET"]}}],"collection":[{"href":"https:\/\/blogs.fu-berlin.de\/frauenbeauftragte\/wp-json\/wp\/v2\/posts"}],"about":[{"href":"https:\/\/blogs.fu-berlin.de\/frauenbeauftragte\/wp-json\/wp\/v2\/types\/post"}],"author":[{"embeddable":true,"href":"https:\/\/blogs.fu-berlin.de\/frauenbeauftragte\/wp-json\/wp\/v2\/users\/7120"}],"replies":[{"embeddable":true,"href":"https:\/\/blogs.fu-berlin.de\/frauenbeauftragte\/wp-json\/wp\/v2\/comments?post=7511"}],"version-history":[{"count":19,"href":"https:\/\/blogs.fu-berlin.de\/frauenbeauftragte\/wp-json\/wp\/v2\/posts\/7511\/revisions"}],"predecessor-version":[{"id":7543,"href":"https:\/\/blogs.fu-berlin.de\/frauenbeauftragte\/wp-json\/wp\/v2\/posts\/7511\/revisions\/7543"}],"wp:featuredmedia":[{"embeddable":true,"href":"https:\/\/blogs.fu-berlin.de\/frauenbeauftragte\/wp-json\/wp\/v2\/media\/2353"}],"wp:attachment":[{"href":"https:\/\/blogs.fu-berlin.de\/frauenbeauftragte\/wp-json\/wp\/v2\/media?parent=7511"}],"wp:term":[{"taxonomy":"category","embeddable":true,"href":"https:\/\/blogs.fu-berlin.de\/frauenbeauftragte\/wp-json\/wp\/v2\/categories?post=7511"},{"taxonomy":"post_tag","embeddable":true,"href":"https:\/\/blogs.fu-berlin.de\/frauenbeauftragte\/wp-json\/wp\/v2\/tags?post=7511"}],"curies":[{"name":"wp","href":"https:\/\/api.w.org\/{rel}","templated":true}]}}